{"id":28662,"date":"2016-06-29T16:34:37","date_gmt":"2016-06-29T19:34:37","guid":{"rendered":"http:\/\/alianzanacional.com.uy\/web\/?p=28662"},"modified":"2016-06-30T10:36:36","modified_gmt":"2016-06-30T13:36:36","slug":"sobre-los-dichos-de-munoz-y-la-convivencia","status":"publish","type":"post","link":"https:\/\/alianzanacional.com.uy\/web\/sobre-los-dichos-de-munoz-y-la-convivencia\/","title":{"rendered":"Sobre los dichos de Mu\u00f1oz y la convivencia"},"content":{"rendered":"<p><a href=\"https:\/\/alianzanacional.com.uy\/web\/wp-content\/uploads\/2015\/11\/0001544757.jpg\"><img fetchpriority=\"high\" decoding=\"async\" src=\"https:\/\/alianzanacional.com.uy\/web\/wp-content\/uploads\/2015\/11\/0001544757-700x468.jpg\" alt=\"0001544757\" width=\"620\" height=\"415\" class=\"alignnone size-large wp-image-27837\" srcset=\"https:\/\/alianzanacional.com.uy\/web\/wp-content\/uploads\/2015\/11\/0001544757-700x468.jpg 700w, https:\/\/alianzanacional.com.uy\/web\/wp-content\/uploads\/2015\/11\/0001544757-400x267.jpg 400w, https:\/\/alianzanacional.com.uy\/web\/wp-content\/uploads\/2015\/11\/0001544757.jpg 845w\" sizes=\"(max-width: 620px) 100vw, 620px\" \/><\/a><\/p>\n<p><em>\u00bfC\u00f3mo puede pretenderse que la sociedad no sea violenta cuando la agresi\u00f3n, el ataque y el desprecio inspiran las afirmaciones de la Ministra de Educaci\u00f3n ante la discrepancia de un maestro y ex colaborador? Nosotros sostenemos que nuestro pa\u00eds debe recorrer un camino diferente para lograr el restablecimiento efectivo de la cohesi\u00f3n social, restaurar fracturas y evitar enfrentamientos sociales. Recuperar a la educaci\u00f3n p\u00fablica, valorar a todo docente y recomponer la confianza de las familias y la sociedad en que una educaci\u00f3n de calidad es la mejor manera de construir un pa\u00eds, son nuestros compromisos.<\/em><\/p>\n<p>Una de las bases sobre las que se asienta nuestro sistema de gobierno es, justamente, la responsabilidad pol\u00edtica de los Ministros de Estado. Si los dichos, acciones u omisiones de estos funcionarios no resultan explicados satisfactoriamente ante los representantes del cuerpo electoral, estos pueden requerir su renuncia inmediata.<\/p>\n<p>Tradicionalmente la sensibilidad pol\u00edtica, la honorabilidad y la autoestima de Ministros de la m\u00e1s alta talla, hac\u00edan que la advertencia por ellos mismos de un error, de una apreciaci\u00f3n fuera de lugar o de una acci\u00f3n fallida, los hac\u00eda renunciar a sus cargos de inmediato, a\u00fan antes que se le requiriera formalmente.<\/p>\n<p>Hace muchos a\u00f1os ya que esto no sucede. No creo que sea porque los ministros de ahora no erran, no se equivocan o no cometen irregularidades, sino simplemente porque ya no hay ministros de la estatura de aquellos.<\/p>\n<p>Pero para muestra de que los yerros, la falta de sensibilidad, de delicadeza, de respeto, de educaci\u00f3n y de inteligencia campea por el actual gabinete ministerial, basta referirnos a las apreciaciones de la ministra de Educaci\u00f3n y Cultura, Dra. Mar\u00eda Julia Mu\u00f1oz en relaci\u00f3n al Maestro Juan Pedro Mir.<\/p>\n<p>La Dra. Mu\u00f1oz afirm\u00f3 que el Maestro Mir era un \u201cresentido social\u201d, que gan\u00f3 en respeto en una nueva colaboradora que es profesora de historia \u201cal lado de un maestro de sexto a\u00f1o de escuela como era Mir\u201d y que es \u201cun pobre muchacho\u201d.<\/p>\n<p>Evidentemente la acusaci\u00f3n de \u201cresentido social\u201d supone que la ministra Mu\u00f1oz considera al Maestro Mir integrante de una clase social disminuida, menor, sumergida, inferior a otras, de tal forma que eso hace que sus integrantes \u2013como ser\u00eda Mir- se resientan. Resulta altamente extra\u00f1o, inentendible que ese tipo de afirmaciones provengan de una dirigente pol\u00edtica perteneciente a una coalici\u00f3n de izquierda porque ese insulto evidencia que el emisor se considera integrante de una clase social superior a la del destinatario de la acusaci\u00f3n. \u00bfCu\u00e1l es la clase social a la que orgullosamente pertenece la ministra Mu\u00f1oz y que es superior a aquella a la que entiende que pertenece el Maestro Mir, de tal forma que \u00e9ste se encuentre \u201cresentido\u201d? Es una apreciaci\u00f3n que descalifica moralmente al emisor.<\/p>\n<p>Tampoco es menor el hecho de que una ministra de Educaci\u00f3n entienda, considere y, hasta, justifique que un profesor de historia sea destinatario de un respeto que no merezca un maestro de sexto a\u00f1o de escuela. Esta afirmaci\u00f3n no solo es injustificadamente despectiva hacia quienes dedicaron su vocaci\u00f3n docente a los m\u00e1s peque\u00f1os, quienes han colaborado generosamente en la formaci\u00f3n de los hombres y mujeres del futuro, sino que adem\u00e1s parece reconocer la existencia de una jerarqu\u00eda distinta entre educadores seg\u00fan el ciclo en el que se desempe\u00f1an. Es decir, la ministra Mu\u00f1oz entiende que los profesores merecen m\u00e1s respeto que los maestros y, suponemos, aquellos menos respeto que los docentes de nivel terciario. No queremos imaginar lo que pueda pensar esta ministra de los educadores preescolares, si es que mantiene alg\u00fan criterio para esa extra\u00f1a forma de pensar que sus afirmaciones evidencian. Resulta altamente preocupante que la figura destinataria del desprecio sea nada menos que la del maestro, cuya imagen se encuentra indisolublemente unida a nuestros m\u00e1s queridos recuerdos de una \u00e9poca de descubrimientos, de sue\u00f1os, de afectos incondicionales, momentos todos en los que contamos con la encarnaci\u00f3n del conocimiento tiernamente brindado por nuestros maestros.<\/p>\n<p>La consideraci\u00f3n de que el Maestro Mir ser\u00eda un \u201cpobre muchacho\u201d \u00fanicamente demuestra la falta de respeto que la ministra Mu\u00f1oz tiene para con quienes discrepan con ella. El calificativo dedicado al denostado se funda \u00fanicamente en que opin\u00f3 distinto, tuvo otra visi\u00f3n y dio un diagn\u00f3stico distinto al del Presidente V\u00e1zquez y eso le vali\u00f3 la descalificaci\u00f3n por parte de la ministra. Esa intolerancia, esa falta de respeto por la divergencia, por la discrepancia, solo est\u00e1 presente en el pensamiento de izquierdas latinoamericanas hegem\u00f3nicas que destrozan al que opina distinto.<\/p>\n<p>Pero tal vez, lo peor de las afirmaciones de la ministra Mu\u00f1oz fueron el tono de las mismas, la deliberada intenci\u00f3n de agredir, de lesionar, de horadar el prestigio personal de un individuo solo porque discrep\u00f3 con ella o con el Presidente. Y es grave que la agresi\u00f3n sea la respuesta de la ministra de Educaci\u00f3n ante la discrepancia.<\/p>\n<p>Hemos asistido a diversas manifestaciones y paros de docentes frente a agresiones que sufrieron de parte de padres o alumnos. Hemos asistido a reiteradas denuncias de trabajadores de la salud que han sido objeto de ataques cuando intentan dar asistencia en determinadas zonas. Hemos escuchado sendas explicaciones acerca de la mayor violencia involucrada en los il\u00edcitos que se cometen.<\/p>\n<p>\u00bfC\u00f3mo puede pretenderse que la sociedad no sea violenta cuando la agresi\u00f3n, el ataque, el desprecio, el odio inspira las afirmaciones de la ministra de Educaci\u00f3n ante la discrepancia?<\/p>\n<p>\u00bfC\u00f3mo puede condenarse la violencia contra docentes, m\u00e9dicos, enfermeros por parte de quienes carecen, tal vez, de mejores formas de manifestar su discrepancia, si la propia ministra de Educaci\u00f3n y Cultura reacciona como lo hace Mu\u00f1oz?<\/p>\n<p>Resulta ocioso reclamarle a la ministra Mu\u00f1oz la sensibilidad, la honorabilidad, la dignidad de renunciar a su cargo. Evidentemente carece de tales atributos. Pero es responsabilidad del Presidente de la Rep\u00fablica que la ministra Mu\u00f1oz se mantenga en su cargo, debe ser \u00e9l quien le reclame su renuncia ya que ella no lo hace espont\u00e1neamente.<\/p>\n<p>No es este el camino que entendemos debe recorrer nuestro pa\u00eds para lograr el restablecimiento efectivo de la cohesi\u00f3n social, no es as\u00ed que se restauran fracturas y enfrentamientos sociales. Nuestra invitaci\u00f3n a la sociedad es a transitar por el camino del respeto, del cari\u00f1o fraterno, de la tolerancia \u2013a\u00fan en la discrepancia-, de la armon\u00eda con la esperanza que los violentos, los intolerantes, los que encuentran en la lucha su raz\u00f3n de existir se sumen al desaf\u00edo de reconstruir los valores que hicieron grande a nuestro Uruguay.<\/p>\n<p>Dip. Pablo Iturralde<\/p>\n","protected":false},"excerpt":{"rendered":"<p>\u00bfC\u00f3mo puede pretenderse que la sociedad no sea violenta cuando la agresi\u00f3n, el ataque y el desprecio inspiran las afirmaciones de la Ministra de Educaci\u00f3n ante la discrepancia de un maestro y ex colaborador? Nosotros sostenemos que nuestro pa\u00eds debe recorrer un camino diferente para lograr el restablecimiento efectivo de la cohesi\u00f3n social, restaurar fracturas [&hellip;]<\/p>\n","protected":false},"author":1,"featured_media":27837,"comment_status":"open","ping_status":"open","sticky":false,"template":"","format":"standard","meta":{"footnotes":""},"categories":[17],"tags":[],"class_list":["post-28662","post","type-post","status-publish","format-standard","has-post-thumbnail","hentry","category-columna"],"_links":{"self":[{"href":"https:\/\/alianzanacional.com.uy\/web\/wp-json\/wp\/v2\/posts\/28662","targetHints":{"allow":["GET"]}}],"collection":[{"href":"https:\/\/alianzanacional.com.uy\/web\/wp-json\/wp\/v2\/posts"}],"about":[{"href":"https:\/\/alianzanacional.com.uy\/web\/wp-json\/wp\/v2\/types\/post"}],"author":[{"embeddable":true,"href":"https:\/\/alianzanacional.com.uy\/web\/wp-json\/wp\/v2\/users\/1"}],"replies":[{"embeddable":true,"href":"https:\/\/alianzanacional.com.uy\/web\/wp-json\/wp\/v2\/comments?post=28662"}],"version-history":[{"count":1,"href":"https:\/\/alianzanacional.com.uy\/web\/wp-json\/wp\/v2\/posts\/28662\/revisions"}],"predecessor-version":[{"id":28663,"href":"https:\/\/alianzanacional.com.uy\/web\/wp-json\/wp\/v2\/posts\/28662\/revisions\/28663"}],"wp:featuredmedia":[{"embeddable":true,"href":"https:\/\/alianzanacional.com.uy\/web\/wp-json\/wp\/v2\/media\/27837"}],"wp:attachment":[{"href":"https:\/\/alianzanacional.com.uy\/web\/wp-json\/wp\/v2\/media?parent=28662"}],"wp:term":[{"taxonomy":"category","embeddable":true,"href":"https:\/\/alianzanacional.com.uy\/web\/wp-json\/wp\/v2\/categories?post=28662"},{"taxonomy":"post_tag","embeddable":true,"href":"https:\/\/alianzanacional.com.uy\/web\/wp-json\/wp\/v2\/tags?post=28662"}],"curies":[{"name":"wp","href":"https:\/\/api.w.org\/{rel}","templated":true}]}}