{"id":28680,"date":"2016-07-06T08:35:53","date_gmt":"2016-07-06T11:35:53","guid":{"rendered":"http:\/\/alianzanacional.com.uy\/web\/?p=28680"},"modified":"2016-07-06T11:38:40","modified_gmt":"2016-07-06T14:38:40","slug":"barrios-bove-solicita-a-martinez-incorporar-al-usuario-en-discusion-sobre-sistema-de-transporte","status":"publish","type":"post","link":"https:\/\/alianzanacional.com.uy\/web\/barrios-bove-solicita-a-martinez-incorporar-al-usuario-en-discusion-sobre-sistema-de-transporte\/","title":{"rendered":"Barrios Bove solicita a Mart\u00ednez incorporar al usuario en discusi\u00f3n sobre sistema de transporte"},"content":{"rendered":"<p><a href=\"https:\/\/alianzanacional.com.uy\/web\/wp-content\/uploads\/2015\/07\/DSC00476.jpg\"><img fetchpriority=\"high\" decoding=\"async\" src=\"https:\/\/alianzanacional.com.uy\/web\/wp-content\/uploads\/2015\/07\/DSC00476-700x394.jpg\" alt=\"DSC00476\" width=\"620\" height=\"349\" class=\"alignnone size-large wp-image-26319\" srcset=\"https:\/\/alianzanacional.com.uy\/web\/wp-content\/uploads\/2015\/07\/DSC00476-700x394.jpg 700w, https:\/\/alianzanacional.com.uy\/web\/wp-content\/uploads\/2015\/07\/DSC00476-400x225.jpg 400w, https:\/\/alianzanacional.com.uy\/web\/wp-content\/uploads\/2015\/07\/DSC00476-212x120.jpg 212w\" sizes=\"(max-width: 620px) 100vw, 620px\" \/><\/a><\/p>\n<p>El Edil Javier Barrios Bove, solicit\u00f3 al Intendente Daniel Mart\u00ednez, que en la discusi\u00f3n de la situaci\u00f3n del transporte capitalino, incorpore la opini\u00f3n de los usuarios.<\/p>\n<p>\u00abEn estos d\u00edas hemos tomado conocimiento por la prensa que Ud. ha iniciado una serie de reuniones a efectos de analizar la situaci\u00f3n de crisis que vive el sistema del transporte capitalino e intentar buscar soluciones. Si bien saludamos la iniciativa, entendemos que la discusi\u00f3n de un tema tan complejo y de tanta importancia para los montevideanos, debe darse en un marco institucional donde est\u00e9n representados todos los actores, todas las visiones y todo el espectro pol\u00edtico\u00bb, expresa Barrios, entendiendo que falta la visi\u00f3n de los usuarios. <\/p>\n<p>Para que ello se concrete, cree que los ediles, como representantes departamentales electos por la ciudadan\u00eda, deben colaborar en \u00abaportar la visi\u00f3n de los montevideanos que se suben todos los d\u00edas al \u00f3mnibus.\u00bb<\/p>\n<p>Atento a esto, el Edil propone \u00abla conformaci\u00f3n de una comisi\u00f3n intersectorial e interpartidaria, a los efectos de estudiar este tema  de la reestructura del sistema de transporte capitalino, precio del boleto y la conformaci\u00f3n de la param\u00e9trica que define el mismo.\u00bb<\/p>\n<p><a href=\"https:\/\/alianzanacional.com.uy\/web\/wp-content\/uploads\/2016\/07\/Carta-a-Martinez.pdf\">Se adjunta carta enviada al Intendente Mart\u00ednez.<br \/>\n<\/a><\/p>\n","protected":false},"excerpt":{"rendered":"<p>El Edil Javier Barrios Bove, solicit\u00f3 al Intendente Daniel Mart\u00ednez, que en la discusi\u00f3n de la situaci\u00f3n del transporte capitalino, incorpore la opini\u00f3n de los usuarios. \u00abEn estos d\u00edas hemos tomado conocimiento por la prensa que Ud. ha iniciado una serie de reuniones a efectos de analizar la situaci\u00f3n de crisis que vive el sistema [&hellip;]<\/p>\n","protected":false},"author":1,"featured_media":26319,"comment_status":"open","ping_status":"open","sticky":false,"template":"","format":"standard","meta":{"footnotes":""},"categories":[232],"tags":[],"class_list":["post-28680","post","type-post","status-publish","format-standard","has-post-thumbnail","hentry","category-departamentales"],"_links":{"self":[{"href":"https:\/\/alianzanacional.com.uy\/web\/wp-json\/wp\/v2\/posts\/28680","targetHints":{"allow":["GET"]}}],"collection":[{"href":"https:\/\/alianzanacional.com.uy\/web\/wp-json\/wp\/v2\/posts"}],"about":[{"href":"https:\/\/alianzanacional.com.uy\/web\/wp-json\/wp\/v2\/types\/post"}],"author":[{"embeddable":true,"href":"https:\/\/alianzanacional.com.uy\/web\/wp-json\/wp\/v2\/users\/1"}],"replies":[{"embeddable":true,"href":"https:\/\/alianzanacional.com.uy\/web\/wp-json\/wp\/v2\/comments?post=28680"}],"version-history":[{"count":1,"href":"https:\/\/alianzanacional.com.uy\/web\/wp-json\/wp\/v2\/posts\/28680\/revisions"}],"predecessor-version":[{"id":28682,"href":"https:\/\/alianzanacional.com.uy\/web\/wp-json\/wp\/v2\/posts\/28680\/revisions\/28682"}],"wp:featuredmedia":[{"embeddable":true,"href":"https:\/\/alianzanacional.com.uy\/web\/wp-json\/wp\/v2\/media\/26319"}],"wp:attachment":[{"href":"https:\/\/alianzanacional.com.uy\/web\/wp-json\/wp\/v2\/media?parent=28680"}],"wp:term":[{"taxonomy":"category","embeddable":true,"href":"https:\/\/alianzanacional.com.uy\/web\/wp-json\/wp\/v2\/categories?post=28680"},{"taxonomy":"post_tag","embeddable":true,"href":"https:\/\/alianzanacional.com.uy\/web\/wp-json\/wp\/v2\/tags?post=28680"}],"curies":[{"name":"wp","href":"https:\/\/api.w.org\/{rel}","templated":true}]}}