{"id":28686,"date":"2016-07-06T07:42:07","date_gmt":"2016-07-06T10:42:07","guid":{"rendered":"http:\/\/alianzanacional.com.uy\/web\/?p=28686"},"modified":"2016-07-06T11:45:15","modified_gmt":"2016-07-06T14:45:15","slug":"utopia-vs-realidad","status":"publish","type":"post","link":"https:\/\/alianzanacional.com.uy\/web\/utopia-vs-realidad\/","title":{"rendered":"Utop\u00eda vs. realidad"},"content":{"rendered":"<p><a href=\"https:\/\/alianzanacional.com.uy\/web\/wp-content\/uploads\/2016\/04\/10405521_10153744245379930_2194328038114496134_n.jpg\"><img fetchpriority=\"high\" decoding=\"async\" src=\"https:\/\/alianzanacional.com.uy\/web\/wp-content\/uploads\/2016\/04\/10405521_10153744245379930_2194328038114496134_n.jpg\" alt=\"10405521_10153744245379930_2194328038114496134_n\" width=\"670\" height=\"377\" class=\"alignnone size-full wp-image-28345\" srcset=\"https:\/\/alianzanacional.com.uy\/web\/wp-content\/uploads\/2016\/04\/10405521_10153744245379930_2194328038114496134_n.jpg 670w, https:\/\/alianzanacional.com.uy\/web\/wp-content\/uploads\/2016\/04\/10405521_10153744245379930_2194328038114496134_n-400x225.jpg 400w\" sizes=\"(max-width: 670px) 100vw, 670px\" \/><\/a><\/p>\n<p>En las pasadas horas nos enfrentamos a las declaraciones del plenario del Frente Amplio, donde sus integrantes aprueban impulsar una reforma de nuestra Constituci\u00f3n. Es all\u00ed que nos planteamos si realmente es necesaria una reflexi\u00f3n t\u00e9cnica, llena de conceptos jur\u00eddicos y argumentos tecnocr\u00e1ticos para entender la iniciativa. Finalmente comprendemos que solamente basta con mirar la realidad. <\/p>\n<p>Analizando la situaci\u00f3n nos damos cuenta que estos se\u00f1ores viven en un pa\u00eds paralelo,  donde su \u00fanica preocupaci\u00f3n es la de no perder el poder. Cabe preguntarse si el Frente Amplio realmente piensa que la gente no es consciente de que esta propuesta es una cortina de humo para cubrir la ineficacia de su gesti\u00f3n. Creer\u00e1n que la sociedad ignora que el objetivo de estos cambios es consagrar el poder propio, m\u00e1s que consolidar los derechos de los ciudadanos. <\/p>\n<p>Ser\u00e1 que los integrantes del gobierno pueden percibir que los trabajadores, los que salimos todos los d\u00edas a las calles para vivir una vida digna, somos capaces de darnos cuenta que hay cosas que no se est\u00e1n haciendo. Que los ni\u00f1os que estaban en situaci\u00f3n de pobreza siguen en situaci\u00f3n de pobreza, y muchos van a una escuela o a un espacio en una organizaci\u00f3n social para recibir una taza de leche y un plato de comida. Que los precios de los comestibles m\u00e1s b\u00e1sicos han aumentado considerablemente, que los servicios de salud no funcionan como deber\u00edan, que nuestros adolescentes siguen deambulando por las calles sin saber qu\u00e9 futuro les espera. Que nuestros ancianos cobran miserias de pensiones y jubilaciones, y que nos espera un seguro social de hambre a quienes hoy pagamos todos los meses nuestros impuestos que este gobierno no sabe utilizar. Que aunque nos digan que hay menos personas durmiendo en las calles sabemos que los refugios est\u00e1n saturados y que la soluci\u00f3n que un d\u00eda fue temporal hoy es casi definitiva para muchos de ellos. Que la violencia dom\u00e9stica sigue en aumento, que el consumo problem\u00e1tico de drogas y estupefacientes hoy no tiene una pol\u00edtica dirigida a atender a quienes padecen adicciones y a sus familias.<\/p>\n<p>Debemos decir, sin pudor, que esta idea de reforma es producto de una mala gesti\u00f3n, que no hay pol\u00edticas p\u00fablicas a largo plazo y que los resultados que se esperaban obtener no se lograron.<\/p>\n<p>Entonces, nos damos cuenta que nos encontramos frente a una burla a la inteligencia de la gente, que el poder les lleg\u00f3 a la venas y que aquella utop\u00eda que un d\u00eda defendieron de igualdad y de justicia, hoy se acab\u00f3. <\/p>\n<p>La realidad est\u00e1 a la luz de nuestros ojos, a la vuelta de nuestra casa, en el almac\u00e9n de la esquina. No hay que ser un gran ilustre para darse cuenta que fallaron y que lo seguir\u00e1n haciendo.<\/p>\n<p>Lamentablemente hay quienes se creen superiores subestimando al pueblo antes que gobernando para la gente.<\/p>\n<p>Lic. Cecilia Sena <\/p>\n","protected":false},"excerpt":{"rendered":"<p>En las pasadas horas nos enfrentamos a las declaraciones del plenario del Frente Amplio, donde sus integrantes aprueban impulsar una reforma de nuestra Constituci\u00f3n. Es all\u00ed que nos planteamos si realmente es necesaria una reflexi\u00f3n t\u00e9cnica, llena de conceptos jur\u00eddicos y argumentos tecnocr\u00e1ticos para entender la iniciativa. Finalmente comprendemos que solamente basta con mirar la [&hellip;]<\/p>\n","protected":false},"author":1,"featured_media":28345,"comment_status":"open","ping_status":"open","sticky":false,"template":"","format":"standard","meta":{"footnotes":""},"categories":[17],"tags":[],"class_list":["post-28686","post","type-post","status-publish","format-standard","has-post-thumbnail","hentry","category-columna"],"_links":{"self":[{"href":"https:\/\/alianzanacional.com.uy\/web\/wp-json\/wp\/v2\/posts\/28686","targetHints":{"allow":["GET"]}}],"collection":[{"href":"https:\/\/alianzanacional.com.uy\/web\/wp-json\/wp\/v2\/posts"}],"about":[{"href":"https:\/\/alianzanacional.com.uy\/web\/wp-json\/wp\/v2\/types\/post"}],"author":[{"embeddable":true,"href":"https:\/\/alianzanacional.com.uy\/web\/wp-json\/wp\/v2\/users\/1"}],"replies":[{"embeddable":true,"href":"https:\/\/alianzanacional.com.uy\/web\/wp-json\/wp\/v2\/comments?post=28686"}],"version-history":[{"count":1,"href":"https:\/\/alianzanacional.com.uy\/web\/wp-json\/wp\/v2\/posts\/28686\/revisions"}],"predecessor-version":[{"id":28687,"href":"https:\/\/alianzanacional.com.uy\/web\/wp-json\/wp\/v2\/posts\/28686\/revisions\/28687"}],"wp:featuredmedia":[{"embeddable":true,"href":"https:\/\/alianzanacional.com.uy\/web\/wp-json\/wp\/v2\/media\/28345"}],"wp:attachment":[{"href":"https:\/\/alianzanacional.com.uy\/web\/wp-json\/wp\/v2\/media?parent=28686"}],"wp:term":[{"taxonomy":"category","embeddable":true,"href":"https:\/\/alianzanacional.com.uy\/web\/wp-json\/wp\/v2\/categories?post=28686"},{"taxonomy":"post_tag","embeddable":true,"href":"https:\/\/alianzanacional.com.uy\/web\/wp-json\/wp\/v2\/tags?post=28686"}],"curies":[{"name":"wp","href":"https:\/\/api.w.org\/{rel}","templated":true}]}}