{"id":28703,"date":"2016-07-12T12:07:18","date_gmt":"2016-07-12T15:07:18","guid":{"rendered":"http:\/\/alianzanacional.com.uy\/web\/?p=28703"},"modified":"2016-07-12T12:07:18","modified_gmt":"2016-07-12T15:07:18","slug":"w-aparicio-ezquerra-realizo-pedido-de-informes-por-falta-repentina-de-energia-electrica-en-tacuarembo","status":"publish","type":"post","link":"https:\/\/alianzanacional.com.uy\/web\/w-aparicio-ezquerra-realizo-pedido-de-informes-por-falta-repentina-de-energia-electrica-en-tacuarembo\/","title":{"rendered":"W.Aparicio Ezquerra realiz\u00f3 pedido de informes por falta repentina de energ\u00eda el\u00e9ctrica en Tacuaremb\u00f3"},"content":{"rendered":"<p><a href=\"https:\/\/alianzanacional.com.uy\/web\/wp-content\/uploads\/2015\/08\/ezquerra.jpg\"><img fetchpriority=\"high\" decoding=\"async\" src=\"https:\/\/alianzanacional.com.uy\/web\/wp-content\/uploads\/2015\/08\/ezquerra.jpg\" alt=\"ezquerra\" width=\"640\" height=\"430\" class=\"alignnone size-full wp-image-27397\" srcset=\"https:\/\/alianzanacional.com.uy\/web\/wp-content\/uploads\/2015\/08\/ezquerra.jpg 640w, https:\/\/alianzanacional.com.uy\/web\/wp-content\/uploads\/2015\/08\/ezquerra-400x269.jpg 400w\" sizes=\"(max-width: 640px) 100vw, 640px\" \/><\/a><\/p>\n<p>El diputado por Tacuaremb\u00f3, Wilson Aparicio Ezquerra, realiz\u00f3 un pedido de informe dirigido al Ministerio de Industrias, Energ\u00eda y Miner\u00eda y por su intermedio a UTE, por la problem\u00e1tica que se vive en su departamento a ra\u00edz de la falta repentina de energ\u00eda el\u00e9ctrica en horas de la noche, en reiteradas ocasiones.<br \/>\nEl diputado nacionalista inform\u00f3 que se han verificado de manera reiterada cortes de energ\u00eda el\u00e9ctrica en la ciudad de Tacuaremb\u00f3, y expres\u00f3 que se ha verificado que lo mismo sucedi\u00f3 en departamentos linderos como Rivera.<\/p>\n<p>Los reiterados cortes han generado consecuencias materiales y sobre la calidad de vida de los ciudadanos. Sucediendo esto de manera \u201creiterada\u201d, genera consecuencias en la calidad de vida de los residentes al igual que consecuencias materiales.<\/p>\n<p>El legislador aliancista indic\u00f3 que desde UTE han declinado informar las razones que han motivado estos cortes de energ\u00eda el\u00e9ctrica. En 10 d\u00edas ha habido m\u00e1s o menos 7 cortes.<\/p>\n<p>Las preguntas realizadas por el legislador versan en saber las razones de los cortes de energ\u00eda, Plan de contingencia para la realidad que est\u00e1 aconteciendo y si UTE ha considerado los da\u00f1os materiales que se han causado a los ciudadanos debido a esto.<br \/>\nA continuaci\u00f3n transcribimos el pedido de informe realizado por el legislador Wilson Aparicio Ezquerra.<\/p>\n<p>Montevideo, 11 de julio de 2016.-<\/p>\n<p>Presidente de la c\u00e1mara de Representantes,<br \/>\nDr. Gerardo Amarilla.-<br \/>\nEn ejercicio de la facultad que me confiere el art\u00edculo 118\u00b0 de la Constituci\u00f3n de la Rep\u00fablica, solicito tenga a bien remitir el siguiente pedido de informes al Ministerio de Industria, Energ\u00eda y miner\u00eda y por su intermedio a UTE.<br \/>\nEn virtud de la problem\u00e1tica que se vive en el departamento de Tacuaremb\u00f3 dado la causa de la falta repentina de energ\u00eda el\u00e9ctrica en horas de la noche, en reiteradas ocasiones.<br \/>\nSe han verificado de manera reiterada cortes de energ\u00eda el\u00e9ctrica en la ciudad de Tacuaremb\u00f3, apag\u00f3n que ha afectado a miles de hogares en toda la ciudad. Tambi\u00e9n es de nuestro conocimiento que sucede en el resto del departamento, como as\u00ed en departamentos linderos como lo es Rivera. Utilizando la l\u00f3gica pura, siendo esto de maneras reiteradas acaece consecuencias que van desde la calidad de vida de los residentes como hasta consecuencias materiales.<\/p>\n<p>Existe gran malestar general a causa de los perjuicios por los da\u00f1os a electrodom\u00e9sticos, de toda clase que exista en un hogar que nos podamos imaginar. \u00bfQui\u00e9n se hace responsable de esto? Sin contar la falta de luz el\u00e9ctrica a horas de la noche y del d\u00eda, cosa que en \u00e9pocas que vivimos y que sea de manera reiterada, es inadmisible.<\/p>\n<p>Desde UTE han declinado informar las razones que han motivado estos cortes de energ\u00eda el\u00e9ctrica, en 10 d\u00edas m\u00e1s o menos 7 cortes. Durante la tarde se han registrado varias bajadas de tensi\u00f3n el\u00e9ctrica, hecho que ha preocupado a la poblaci\u00f3n y en este preciso momento no hay luz el\u00e9ctrica.<\/p>\n<p>Analizando la importancia y urgencia de la situaci\u00f3n se solicita que se remita el siguiente informe:<br \/>\n1.      \u00bfCual es la causa de los reiterados cortes de energ\u00eda el\u00e9ctrica.?<\/p>\n<p>2.      \u00bfExiste alguna plan de contingencia, o una solucion prevista al problema y que plazo se establece?<\/p>\n<p>3.      \u00bfHa considerado la UTE los perjuicios materiales que ha causado debido a esto, de ser as\u00ed como va actuar frente a esto.?<\/p>\n<p>Saluda atte.<\/p>\n<p>Wilson Aparicio Ezquerra<br \/>\nRepresentante Nacional por Tacuaremb\u00f3<\/p>\n","protected":false},"excerpt":{"rendered":"<p>El diputado por Tacuaremb\u00f3, Wilson Aparicio Ezquerra, realiz\u00f3 un pedido de informe dirigido al Ministerio de Industrias, Energ\u00eda y Miner\u00eda y por su intermedio a UTE, por la problem\u00e1tica que se vive en su departamento a ra\u00edz de la falta repentina de energ\u00eda el\u00e9ctrica en horas de la noche, en reiteradas ocasiones. El diputado nacionalista [&hellip;]<\/p>\n","protected":false},"author":1,"featured_media":27397,"comment_status":"open","ping_status":"open","sticky":false,"template":"","format":"standard","meta":{"footnotes":""},"categories":[232],"tags":[],"class_list":["post-28703","post","type-post","status-publish","format-standard","has-post-thumbnail","hentry","category-departamentales"],"_links":{"self":[{"href":"https:\/\/alianzanacional.com.uy\/web\/wp-json\/wp\/v2\/posts\/28703","targetHints":{"allow":["GET"]}}],"collection":[{"href":"https:\/\/alianzanacional.com.uy\/web\/wp-json\/wp\/v2\/posts"}],"about":[{"href":"https:\/\/alianzanacional.com.uy\/web\/wp-json\/wp\/v2\/types\/post"}],"author":[{"embeddable":true,"href":"https:\/\/alianzanacional.com.uy\/web\/wp-json\/wp\/v2\/users\/1"}],"replies":[{"embeddable":true,"href":"https:\/\/alianzanacional.com.uy\/web\/wp-json\/wp\/v2\/comments?post=28703"}],"version-history":[{"count":1,"href":"https:\/\/alianzanacional.com.uy\/web\/wp-json\/wp\/v2\/posts\/28703\/revisions"}],"predecessor-version":[{"id":28704,"href":"https:\/\/alianzanacional.com.uy\/web\/wp-json\/wp\/v2\/posts\/28703\/revisions\/28704"}],"wp:featuredmedia":[{"embeddable":true,"href":"https:\/\/alianzanacional.com.uy\/web\/wp-json\/wp\/v2\/media\/27397"}],"wp:attachment":[{"href":"https:\/\/alianzanacional.com.uy\/web\/wp-json\/wp\/v2\/media?parent=28703"}],"wp:term":[{"taxonomy":"category","embeddable":true,"href":"https:\/\/alianzanacional.com.uy\/web\/wp-json\/wp\/v2\/categories?post=28703"},{"taxonomy":"post_tag","embeddable":true,"href":"https:\/\/alianzanacional.com.uy\/web\/wp-json\/wp\/v2\/tags?post=28703"}],"curies":[{"name":"wp","href":"https:\/\/api.w.org\/{rel}","templated":true}]}}