{"id":28748,"date":"2016-07-28T08:49:58","date_gmt":"2016-07-28T11:49:58","guid":{"rendered":"http:\/\/alianzanacional.com.uy\/web\/?p=28748"},"modified":"2016-07-28T08:49:58","modified_gmt":"2016-07-28T11:49:58","slug":"larranaga-en-punta-de-rieles","status":"publish","type":"post","link":"https:\/\/alianzanacional.com.uy\/web\/larranaga-en-punta-de-rieles\/","title":{"rendered":"Larra\u00f1aga en Punta de Rieles"},"content":{"rendered":"<p><a href=\"https:\/\/alianzanacional.com.uy\/web\/wp-content\/uploads\/2016\/07\/matriz-gira-larra\u00f1agaHOY.jpg\"><img fetchpriority=\"high\" decoding=\"async\" src=\"https:\/\/alianzanacional.com.uy\/web\/wp-content\/uploads\/2016\/07\/matriz-gira-larra\u00f1agaHOY-700x394.jpg\" alt=\"matriz-gira-larra\u00f1agaHOY\" width=\"620\" height=\"349\" class=\"alignnone size-large wp-image-28749\" srcset=\"https:\/\/alianzanacional.com.uy\/web\/wp-content\/uploads\/2016\/07\/matriz-gira-larra\u00f1agaHOY-700x394.jpg 700w, https:\/\/alianzanacional.com.uy\/web\/wp-content\/uploads\/2016\/07\/matriz-gira-larra\u00f1agaHOY-400x225.jpg 400w, https:\/\/alianzanacional.com.uy\/web\/wp-content\/uploads\/2016\/07\/matriz-gira-larra\u00f1agaHOY-768x432.jpg 768w, https:\/\/alianzanacional.com.uy\/web\/wp-content\/uploads\/2016\/07\/matriz-gira-larra\u00f1agaHOY.jpg 1150w\" sizes=\"(max-width: 620px) 100vw, 620px\" \/><\/a><\/p>\n<p>En el marco del ciclo \u00abLarra\u00f1aga y la gente, juntos\u00bb, hoy, jueves 28 de julio a las 19:00 horas, el senador Jorge Larra\u00f1aga estar\u00e1 en Punta de Rieles, participando de una reuni\u00f3n con vecinos, comerciantes y referentes de la zona\u200b, conversando y respondiendo las inquietudes que surjan.\u200b<\/p>\n<p>Ser\u00e1 en el sal\u00f3n \u00abLos Portones\u00bb, ubicado en Cno. Maldonado 6232 esquina Chacarita de los padres. <\/p>\n<p>Los esperamos. <\/p>\n","protected":false},"excerpt":{"rendered":"<p>En el marco del ciclo \u00abLarra\u00f1aga y la gente, juntos\u00bb, hoy, jueves 28 de julio a las 19:00 horas, el senador Jorge Larra\u00f1aga estar\u00e1 en Punta de Rieles, participando de una reuni\u00f3n con vecinos, comerciantes y referentes de la zona\u200b, conversando y respondiendo las inquietudes que surjan.\u200b Ser\u00e1 en el sal\u00f3n \u00abLos Portones\u00bb, ubicado en [&hellip;]<\/p>\n","protected":false},"author":1,"featured_media":28749,"comment_status":"open","ping_status":"open","sticky":false,"template":"","format":"standard","meta":{"footnotes":""},"categories":[4],"tags":[],"class_list":["post-28748","post","type-post","status-publish","format-standard","has-post-thumbnail","hentry","category-agenda"],"_links":{"self":[{"href":"https:\/\/alianzanacional.com.uy\/web\/wp-json\/wp\/v2\/posts\/28748","targetHints":{"allow":["GET"]}}],"collection":[{"href":"https:\/\/alianzanacional.com.uy\/web\/wp-json\/wp\/v2\/posts"}],"about":[{"href":"https:\/\/alianzanacional.com.uy\/web\/wp-json\/wp\/v2\/types\/post"}],"author":[{"embeddable":true,"href":"https:\/\/alianzanacional.com.uy\/web\/wp-json\/wp\/v2\/users\/1"}],"replies":[{"embeddable":true,"href":"https:\/\/alianzanacional.com.uy\/web\/wp-json\/wp\/v2\/comments?post=28748"}],"version-history":[{"count":1,"href":"https:\/\/alianzanacional.com.uy\/web\/wp-json\/wp\/v2\/posts\/28748\/revisions"}],"predecessor-version":[{"id":28750,"href":"https:\/\/alianzanacional.com.uy\/web\/wp-json\/wp\/v2\/posts\/28748\/revisions\/28750"}],"wp:featuredmedia":[{"embeddable":true,"href":"https:\/\/alianzanacional.com.uy\/web\/wp-json\/wp\/v2\/media\/28749"}],"wp:attachment":[{"href":"https:\/\/alianzanacional.com.uy\/web\/wp-json\/wp\/v2\/media?parent=28748"}],"wp:term":[{"taxonomy":"category","embeddable":true,"href":"https:\/\/alianzanacional.com.uy\/web\/wp-json\/wp\/v2\/categories?post=28748"},{"taxonomy":"post_tag","embeddable":true,"href":"https:\/\/alianzanacional.com.uy\/web\/wp-json\/wp\/v2\/tags?post=28748"}],"curies":[{"name":"wp","href":"https:\/\/api.w.org\/{rel}","templated":true}]}}