{"id":28767,"date":"2016-08-09T09:15:34","date_gmt":"2016-08-09T12:15:34","guid":{"rendered":"http:\/\/alianzanacional.com.uy\/web\/?p=28767"},"modified":"2016-08-09T09:15:34","modified_gmt":"2016-08-09T12:15:34","slug":"wilson-aparicio-ezquerra-remitio-exposiciones-sobre-necesidades-de-valle-eden","status":"publish","type":"post","link":"https:\/\/alianzanacional.com.uy\/web\/wilson-aparicio-ezquerra-remitio-exposiciones-sobre-necesidades-de-valle-eden\/","title":{"rendered":"Wilson Aparicio Ezquerra remiti\u00f3 exposiciones sobre necesidades de Valle Ed\u00e9n"},"content":{"rendered":"<p>&nbsp;<\/p>\n<p><a href=\"https:\/\/alianzanacional.com.uy\/web\/wp-content\/uploads\/2015\/08\/ezquerra.jpg\"><img fetchpriority=\"high\" decoding=\"async\" class=\"alignnone size-full wp-image-27397\" src=\"https:\/\/alianzanacional.com.uy\/web\/wp-content\/uploads\/2015\/08\/ezquerra.jpg\" alt=\"ezquerra\" width=\"640\" height=\"430\" srcset=\"https:\/\/alianzanacional.com.uy\/web\/wp-content\/uploads\/2015\/08\/ezquerra.jpg 640w, https:\/\/alianzanacional.com.uy\/web\/wp-content\/uploads\/2015\/08\/ezquerra-400x269.jpg 400w\" sizes=\"(max-width: 640px) 100vw, 640px\" \/><\/a><\/p>\n<p>En la jornada de hoy el diputado aliancista por Tacuaremb\u00f3, Wilson Aparicio Ezquerra, curs\u00f3 dos exposiciones escritas a la C\u00e1mara de Representantes exponiendo necesidades de la localidad tur\u00edstica de Valle Ed\u00e9n.<\/p>\n<p>La primera de ellas dirigida al Ministerio de Educaci\u00f3n y Cultura y por su intermedio a la Administraci\u00f3n Nacional de Educaci\u00f3n P\u00fablica, al Consejo Directivo Central y al Consejo de Educaci\u00f3n Primaria, a ra\u00edz de la preocupaci\u00f3n de los vecinos del Poblado de Valle Ed\u00e9n por el mal estado de edificio que alberga a la escuela N\u00ba23, denominada como \u201cCarlos Gardel.<\/p>\n<p>Por parte de los padres de los ni\u00f1os se expresa que es imposible el normal dictado de clases, y que hay \u201criesgos para la salud de escolares que concurren a diario\u00bb.<\/p>\n<p>La segunda Exposici\u00f3n Escrita est\u00e1 dirigida al Ministerio de Transporte y Obras P\u00fablicas, y es motivada por la falta de se\u00f1alizaci\u00f3n e infraestructura vial a la entrada del poblado Valle Ed\u00e9n, conocida como \u201cla Cuna de Gardel\u201d, lugar que es un centro tur\u00edstico de gran importancia que concita la atenci\u00f3n de turismo interno e internacional.<\/p>\n<p>Se indica por parte del legislador aliancista que en la mencionada entrada a dicha localidad han sucedido varios accidentes en lo que va del a\u00f1o a causa de la poca carteler\u00eda de se\u00f1alizaci\u00f3n, como as\u00ed tambi\u00e9n la falta de una rotonda en dicho ingreso, lo cual hace que los autos tengan que maniobrar sobre la ruta misma para ingresar al poblado.<\/p>\n<p>Tambi\u00e9n se hace expresa en esta exposici\u00f3n enviada por el diputado tacuaremboense la necesidad de terminar de construir una garita, la cual hoy cuenta s\u00f3lo con un techo, siendo la misma el \u00fanico resguardo con el que cuentan ni\u00f1os, escolares y liceales en d\u00edas de lluvia y viento.<\/p>\n<p>A continuaci\u00f3n transcribimos ambas Exposiciones Escritas cursadas por el Legislador Wilson Aparicio Ezquerra.<\/p>\n<hr \/>\n<p>Montevideo, 8 de agosto de 2016.<\/p>\n<p>Presidente de la c\u00e1mara de Representantes,<\/p>\n<p>Dr. Gerardo Amarilla.-<\/p>\n<p>Amparados en las facultades que nos confiere el art. 155 del Reglamento de la C\u00e1mara de Representantes, solicitamos que se curse la presente exposici\u00f3n escrita al Ministerio de Educacion y Cultura y por su intermedio a la Administraci\u00f3n Nacional de Educaci\u00f3n P\u00fablica, al Consejo Directivo Central y Consejo de Educaci\u00f3n Primaria.<\/p>\n<p>En el poblado de Valle Ed\u00e9n, situado en el departamento de Tacuaremb\u00f3, vecinos de la zona nos han manifestado su preocupaci\u00f3n por el mal estado del edificio que alberga la Escuela N\u00b0 23 denominada \u201cCarlos Gardel\u201d.<\/p>\n<p>En virtud de la carta presentada por padres de los ni\u00f1os que concurren al local escolar, la cual seg\u00fan esta indica un gran deterioro del edificio lo que imposibilita el normal dictado de clases, sin contar con los riesgos para la salud de escolares que concurren a diario. SE ADJUNTA NOTA DE PADRES donde se detalla los desperfectos del local escolar.<\/p>\n<p>Esto es una dificultad que se debe afrontar en el proceso de educaci\u00f3n, y que en la teor\u00eda es totalmente accesoria y ajena a esta, redoblemos esfuerzos por nuestra parte a fin que este tipo de centros sean adecuados para remarcar la igualdad en la ense\u00f1anza, y m\u00e1s importante a\u00fan brindar facilidades que sirvan de est\u00edmulo para la ense\u00f1anza y no al contrario .<\/p>\n<p>Es a esto que descontando la buena voluntad de las autoridades involucradas, solicitamos que en dicha oportunidad propongan medidas necesarias para llevar a cabo tal fin, el cual consiste en preservar la salud de los alumnos y pobladores que concurren a dicho centro.<\/p>\n<p>Saluda atte.<br \/>\nWilson Aparicio Ezquerra<br \/>\nRepresentante Nacional por Tacuaremb\u00f3<\/p>\n","protected":false},"excerpt":{"rendered":"<p>&nbsp; En la jornada de hoy el diputado aliancista por Tacuaremb\u00f3, Wilson Aparicio Ezquerra, curs\u00f3 dos exposiciones escritas a la C\u00e1mara de Representantes exponiendo necesidades de la localidad tur\u00edstica de Valle Ed\u00e9n. La primera de ellas dirigida al Ministerio de Educaci\u00f3n y Cultura y por su intermedio a la Administraci\u00f3n Nacional de Educaci\u00f3n P\u00fablica, al [&hellip;]<\/p>\n","protected":false},"author":1,"featured_media":27397,"comment_status":"open","ping_status":"open","sticky":false,"template":"","format":"standard","meta":{"footnotes":""},"categories":[232],"tags":[],"class_list":["post-28767","post","type-post","status-publish","format-standard","has-post-thumbnail","hentry","category-departamentales"],"_links":{"self":[{"href":"https:\/\/alianzanacional.com.uy\/web\/wp-json\/wp\/v2\/posts\/28767","targetHints":{"allow":["GET"]}}],"collection":[{"href":"https:\/\/alianzanacional.com.uy\/web\/wp-json\/wp\/v2\/posts"}],"about":[{"href":"https:\/\/alianzanacional.com.uy\/web\/wp-json\/wp\/v2\/types\/post"}],"author":[{"embeddable":true,"href":"https:\/\/alianzanacional.com.uy\/web\/wp-json\/wp\/v2\/users\/1"}],"replies":[{"embeddable":true,"href":"https:\/\/alianzanacional.com.uy\/web\/wp-json\/wp\/v2\/comments?post=28767"}],"version-history":[{"count":1,"href":"https:\/\/alianzanacional.com.uy\/web\/wp-json\/wp\/v2\/posts\/28767\/revisions"}],"predecessor-version":[{"id":28768,"href":"https:\/\/alianzanacional.com.uy\/web\/wp-json\/wp\/v2\/posts\/28767\/revisions\/28768"}],"wp:featuredmedia":[{"embeddable":true,"href":"https:\/\/alianzanacional.com.uy\/web\/wp-json\/wp\/v2\/media\/27397"}],"wp:attachment":[{"href":"https:\/\/alianzanacional.com.uy\/web\/wp-json\/wp\/v2\/media?parent=28767"}],"wp:term":[{"taxonomy":"category","embeddable":true,"href":"https:\/\/alianzanacional.com.uy\/web\/wp-json\/wp\/v2\/categories?post=28767"},{"taxonomy":"post_tag","embeddable":true,"href":"https:\/\/alianzanacional.com.uy\/web\/wp-json\/wp\/v2\/tags?post=28767"}],"curies":[{"name":"wp","href":"https:\/\/api.w.org\/{rel}","templated":true}]}}