{"id":28769,"date":"2016-08-09T09:17:33","date_gmt":"2016-08-09T12:17:33","guid":{"rendered":"http:\/\/alianzanacional.com.uy\/web\/?p=28769"},"modified":"2016-08-09T09:17:33","modified_gmt":"2016-08-09T12:17:33","slug":"larranaga-en-flor-de-maronas","status":"publish","type":"post","link":"https:\/\/alianzanacional.com.uy\/web\/larranaga-en-flor-de-maronas\/","title":{"rendered":"Larra\u00f1aga en Flor de Maro\u00f1as"},"content":{"rendered":"<p><a href=\"https:\/\/alianzanacional.com.uy\/web\/wp-content\/uploads\/2016\/08\/matriz-gira-larra\u00f1aga.jpg\"><img fetchpriority=\"high\" decoding=\"async\" class=\"alignnone size-large wp-image-28770\" src=\"https:\/\/alianzanacional.com.uy\/web\/wp-content\/uploads\/2016\/08\/matriz-gira-larra\u00f1aga-700x394.jpg\" alt=\"matriz-gira-larra\u00f1aga\" width=\"620\" height=\"349\" srcset=\"https:\/\/alianzanacional.com.uy\/web\/wp-content\/uploads\/2016\/08\/matriz-gira-larra\u00f1aga-700x394.jpg 700w, https:\/\/alianzanacional.com.uy\/web\/wp-content\/uploads\/2016\/08\/matriz-gira-larra\u00f1aga-400x225.jpg 400w, https:\/\/alianzanacional.com.uy\/web\/wp-content\/uploads\/2016\/08\/matriz-gira-larra\u00f1aga-768x432.jpg 768w, https:\/\/alianzanacional.com.uy\/web\/wp-content\/uploads\/2016\/08\/matriz-gira-larra\u00f1aga.jpg 1150w\" sizes=\"(max-width: 620px) 100vw, 620px\" \/><\/a><\/p>\n<p>En el marco del ciclo \u00abLarra\u00f1aga y la gente, juntos\u00bb, el pr\u00f3ximo martes 9 de agosto a las 19:30 horas, el senador Jorge Larra\u00f1aga estar\u00e1 en Flor de Maro\u00f1as, participando de una reuni\u00f3n con vecinos, comerciantes y referentes de la zona, conversando y respondiendo las inquietudes que surjan.<\/p>\n<p>Ser\u00e1 en el club \u00abEl Matrero\u00bb, ubicado en Omb\u00fa 3360 esquina Cno. Maldonado.<\/p>\n<p>Los esperamos.<\/p>\n","protected":false},"excerpt":{"rendered":"<p>En el marco del ciclo \u00abLarra\u00f1aga y la gente, juntos\u00bb, el pr\u00f3ximo martes 9 de agosto a las 19:30 horas, el senador Jorge Larra\u00f1aga estar\u00e1 en Flor de Maro\u00f1as, participando de una reuni\u00f3n con vecinos, comerciantes y referentes de la zona, conversando y respondiendo las inquietudes que surjan. Ser\u00e1 en el club \u00abEl Matrero\u00bb, ubicado [&hellip;]<\/p>\n","protected":false},"author":1,"featured_media":28770,"comment_status":"open","ping_status":"open","sticky":false,"template":"","format":"standard","meta":{"footnotes":""},"categories":[4],"tags":[],"class_list":["post-28769","post","type-post","status-publish","format-standard","has-post-thumbnail","hentry","category-agenda"],"_links":{"self":[{"href":"https:\/\/alianzanacional.com.uy\/web\/wp-json\/wp\/v2\/posts\/28769","targetHints":{"allow":["GET"]}}],"collection":[{"href":"https:\/\/alianzanacional.com.uy\/web\/wp-json\/wp\/v2\/posts"}],"about":[{"href":"https:\/\/alianzanacional.com.uy\/web\/wp-json\/wp\/v2\/types\/post"}],"author":[{"embeddable":true,"href":"https:\/\/alianzanacional.com.uy\/web\/wp-json\/wp\/v2\/users\/1"}],"replies":[{"embeddable":true,"href":"https:\/\/alianzanacional.com.uy\/web\/wp-json\/wp\/v2\/comments?post=28769"}],"version-history":[{"count":1,"href":"https:\/\/alianzanacional.com.uy\/web\/wp-json\/wp\/v2\/posts\/28769\/revisions"}],"predecessor-version":[{"id":28771,"href":"https:\/\/alianzanacional.com.uy\/web\/wp-json\/wp\/v2\/posts\/28769\/revisions\/28771"}],"wp:featuredmedia":[{"embeddable":true,"href":"https:\/\/alianzanacional.com.uy\/web\/wp-json\/wp\/v2\/media\/28770"}],"wp:attachment":[{"href":"https:\/\/alianzanacional.com.uy\/web\/wp-json\/wp\/v2\/media?parent=28769"}],"wp:term":[{"taxonomy":"category","embeddable":true,"href":"https:\/\/alianzanacional.com.uy\/web\/wp-json\/wp\/v2\/categories?post=28769"},{"taxonomy":"post_tag","embeddable":true,"href":"https:\/\/alianzanacional.com.uy\/web\/wp-json\/wp\/v2\/tags?post=28769"}],"curies":[{"name":"wp","href":"https:\/\/api.w.org\/{rel}","templated":true}]}}