{"id":28775,"date":"2016-08-11T13:19:30","date_gmt":"2016-08-11T16:19:30","guid":{"rendered":"http:\/\/alianzanacional.com.uy\/web\/?p=28775"},"modified":"2016-08-11T14:25:23","modified_gmt":"2016-08-11T17:25:23","slug":"barrios-bove-propone-modificar-la-normativa-sobre-velocidades-minimas-y-maximas","status":"publish","type":"post","link":"https:\/\/alianzanacional.com.uy\/web\/barrios-bove-propone-modificar-la-normativa-sobre-velocidades-minimas-y-maximas\/","title":{"rendered":"Barrios Bove propone modificar la normativa sobre velocidades m\u00ednimas y m\u00e1ximas"},"content":{"rendered":"<p><a href=\"https:\/\/alianzanacional.com.uy\/web\/wp-content\/uploads\/2015\/07\/DSC00476.jpg\"><img fetchpriority=\"high\" decoding=\"async\" src=\"https:\/\/alianzanacional.com.uy\/web\/wp-content\/uploads\/2015\/07\/DSC00476-700x394.jpg\" alt=\"DSC00476\" width=\"620\" height=\"349\" class=\"alignnone size-large wp-image-26319\" srcset=\"https:\/\/alianzanacional.com.uy\/web\/wp-content\/uploads\/2015\/07\/DSC00476-700x394.jpg 700w, https:\/\/alianzanacional.com.uy\/web\/wp-content\/uploads\/2015\/07\/DSC00476-400x225.jpg 400w, https:\/\/alianzanacional.com.uy\/web\/wp-content\/uploads\/2015\/07\/DSC00476-212x120.jpg 212w\" sizes=\"(max-width: 620px) 100vw, 620px\" \/><\/a><\/p>\n<p>IMM registr\u00f3 44 mil infracciones en una semana, en una esquina de la rambla<\/p>\n<p>El dato arrojado por el Centro de Gesti\u00f3n de la Movilidad de la Intendencia, respecto a que en una sola semana de mayo se cometieron 44.314 infracciones en la rambla frente al Hotel Carrasco, deriv\u00f3 en varias constataciones y especulaciones. En primer lugar, confirm\u00f3 que 1 de cada 3 veh\u00edculos que pas\u00f3 por ese punto (solamente en direcci\u00f3n al Este) cometi\u00f3 una infracci\u00f3n; en general, exceso de velocidad.<\/p>\n<p>En segundo, que si la Intendencia hubiera cobrado todas esas multas verificadas en un \u00fanico punto y en una sola semana, habr\u00edan ingresado a sus arcas US$ 10, 5 millones, lo mismo que recaudan actualmente los inspectores de tr\u00e1nsito en un a\u00f1o y en todo Montevideo.<\/p>\n<p>Pero el edil nacionalista Javier Barrios Bove sac\u00f3 otra conclusi\u00f3n: las 44.314 infracciones, (de las que 42.940 corresponden a exceso de velocidad) indican que la m\u00ednima permitida en la zona del hotel Sofitel (rambla y Costa Rica), como en otros puntos de la ciudad, es muy baja para el tr\u00e1nsito actual.<\/p>\n<p>Tampoco hubo accidentes graves en ese cruce de la rambla en el per\u00edodo medido.<\/p>\n<p>En bases a esta radiograf\u00eda, el edil de Alianza Nacional present\u00f3 una minuta de aspiraci\u00f3n en la Comisi\u00f3n de Movilidad de la Junta Departamental, para modificar la normativa que establece velocidades m\u00ednimas y m\u00e1ximas en el departamento.<\/p>\n<p>\u00abActualmente los veh\u00edculos, en su mayor\u00eda, vienen con veloc\u00edmetros que no indican fracciones, sino velocidades por decenas (40, 50, 60, etc.). Es por ello que entiendo pertinente modificar la normativa a los efectos de que la velocidad en la ciudad m\u00ednima sea de 50 kil\u00f3metros por hora y la m\u00e1xima de 80 km\/h\u00bb, precis\u00f3 Barrios Bove.<\/p>\n<p>\u00abAdem\u00e1s, creemos que se debe utilizar la tecnolog\u00eda y carteler\u00eda acorde para instaurar lo que se denomina velocidad variable, que fluct\u00fae seg\u00fan las horas y los d\u00edas de la semana. No deber\u00eda ser la misma velocidad permitida en una avenida frente a un centro educativo entre semana que los fines de semana, por poner un ejemplo. No es lo mismo 8 de Octubre entre semana que un domingo, y as\u00ed podr\u00edamos seguir con mil ejemplos\u00bb, agreg\u00f3.<\/p>\n<p>Consultado sobre si la Intendencia prev\u00e9 aumentar las velocidades m\u00e1ximas de 45 kil\u00f3metros que hay en la rambla (por ejemplo a la altura del Parque Hotel en direcci\u00f3n al Este y en toda la playa Pocitos), el director de Tr\u00e1nsito de la comuna, Pablo Ferrer, aclar\u00f3 que esa posibilidad no est\u00e1 a estudio. En el caso concreto de Pocitos, dijo que se trata de una zona de alto flujo de peatones, por lo que aumentar la velocidad permitida podr\u00eda ser peligroso.<\/p>\n<p><strong>Anti ladrones.<br \/>\n<\/strong><br \/>\nHace dos meses, Barrios Bove present\u00f3 otra minuta en la Junta para que los sem\u00e1foros queden destellantes desde la medianoche hasta las 6:00 AM, con luz amarilla para quienes tienen preferencia y roja intermitente para los que deber\u00edan parar o ceder el paso.<\/p>\n<p>Su planteo se basa en \u00abla gran inseguridad que se est\u00e1 viviendo en las calles de Montevideo\u00bb, e intenta eliminar la posibilidad de que un conductor sea asaltado al detenerse en un cruce semaforizado.<\/p>\n<p>En base a El Pa\u00eds<\/p>\n","protected":false},"excerpt":{"rendered":"<p>IMM registr\u00f3 44 mil infracciones en una semana, en una esquina de la rambla El dato arrojado por el Centro de Gesti\u00f3n de la Movilidad de la Intendencia, respecto a que en una sola semana de mayo se cometieron 44.314 infracciones en la rambla frente al Hotel Carrasco, deriv\u00f3 en varias constataciones y especulaciones. En [&hellip;]<\/p>\n","protected":false},"author":1,"featured_media":26319,"comment_status":"open","ping_status":"open","sticky":false,"template":"","format":"standard","meta":{"footnotes":""},"categories":[232],"tags":[],"class_list":["post-28775","post","type-post","status-publish","format-standard","has-post-thumbnail","hentry","category-departamentales"],"_links":{"self":[{"href":"https:\/\/alianzanacional.com.uy\/web\/wp-json\/wp\/v2\/posts\/28775","targetHints":{"allow":["GET"]}}],"collection":[{"href":"https:\/\/alianzanacional.com.uy\/web\/wp-json\/wp\/v2\/posts"}],"about":[{"href":"https:\/\/alianzanacional.com.uy\/web\/wp-json\/wp\/v2\/types\/post"}],"author":[{"embeddable":true,"href":"https:\/\/alianzanacional.com.uy\/web\/wp-json\/wp\/v2\/users\/1"}],"replies":[{"embeddable":true,"href":"https:\/\/alianzanacional.com.uy\/web\/wp-json\/wp\/v2\/comments?post=28775"}],"version-history":[{"count":1,"href":"https:\/\/alianzanacional.com.uy\/web\/wp-json\/wp\/v2\/posts\/28775\/revisions"}],"predecessor-version":[{"id":28776,"href":"https:\/\/alianzanacional.com.uy\/web\/wp-json\/wp\/v2\/posts\/28775\/revisions\/28776"}],"wp:featuredmedia":[{"embeddable":true,"href":"https:\/\/alianzanacional.com.uy\/web\/wp-json\/wp\/v2\/media\/26319"}],"wp:attachment":[{"href":"https:\/\/alianzanacional.com.uy\/web\/wp-json\/wp\/v2\/media?parent=28775"}],"wp:term":[{"taxonomy":"category","embeddable":true,"href":"https:\/\/alianzanacional.com.uy\/web\/wp-json\/wp\/v2\/categories?post=28775"},{"taxonomy":"post_tag","embeddable":true,"href":"https:\/\/alianzanacional.com.uy\/web\/wp-json\/wp\/v2\/tags?post=28775"}],"curies":[{"name":"wp","href":"https:\/\/api.w.org\/{rel}","templated":true}]}}