{"id":28794,"date":"2016-08-17T12:12:12","date_gmt":"2016-08-17T15:12:12","guid":{"rendered":"http:\/\/alianzanacional.com.uy\/web\/?p=28794"},"modified":"2016-08-17T12:12:12","modified_gmt":"2016-08-17T15:12:12","slug":"barrios-bove-el-deficit-acumulado-de-la-im-representa-la-cuarta-parte-de-la-recaudacion-de-un-ano","status":"publish","type":"post","link":"https:\/\/alianzanacional.com.uy\/web\/barrios-bove-el-deficit-acumulado-de-la-im-representa-la-cuarta-parte-de-la-recaudacion-de-un-ano\/","title":{"rendered":"Barrios Bove: \u201cel d\u00e9ficit acumulado de la IM representa la cuarta parte de la recaudaci\u00f3n de un a\u00f1o\u201d"},"content":{"rendered":"<p> <a href=\"https:\/\/alianzanacional.com.uy\/web\/wp-content\/uploads\/2015\/07\/DSC00476.jpg\"><img fetchpriority=\"high\" decoding=\"async\" src=\"https:\/\/alianzanacional.com.uy\/web\/wp-content\/uploads\/2015\/07\/DSC00476-700x394.jpg\" alt=\"DSC00476\" width=\"620\" height=\"349\" class=\"alignnone size-large wp-image-26319\" srcset=\"https:\/\/alianzanacional.com.uy\/web\/wp-content\/uploads\/2015\/07\/DSC00476-700x394.jpg 700w, https:\/\/alianzanacional.com.uy\/web\/wp-content\/uploads\/2015\/07\/DSC00476-400x225.jpg 400w, https:\/\/alianzanacional.com.uy\/web\/wp-content\/uploads\/2015\/07\/DSC00476-212x120.jpg 212w\" sizes=\"(max-width: 620px) 100vw, 620px\" \/><\/a><\/p>\n<p>En la tarde de hoy, la Junta Departamental comenz\u00f3 a analizar la Rendici\u00f3n de Cuentas de la Intendencia de Montevideo del a\u00f1o 2015, con la presencia del Director de Recursos Financieros, Juan Voelker y su equipo.<\/p>\n<p>El Edil Javier Barrios Bove plante\u00f3 su disconformidad sobre los n\u00fameros expresados p\u00fablicamente. \u201cCuando se habla que en 2015 el d\u00e9ficit fue en n\u00fameros redondos de $ 147 millones, solo se est\u00e1 contando a la Intendencia, sin incluir a la Unidad de Saneamiento. Eso es porque en 2015, a diferencia del a\u00f1o anterior, los n\u00fameros de esta Unidad fueron negativos, tuvo $ 178 millones de d\u00e9ficit, o sea que en el conjunto, el d\u00e9ficit del gobierno departamental en  2015 fue de m\u00e1s de $ 325 millones.\u201d<\/p>\n<p>\u201cO sea, en 2014 por todo concepto el super\u00e1vit de la IM fue de $ 4,5 millones; y en 2015 hubo un d\u00e9ficit por m\u00e1s de $ 325 millones; y si solo tomamos Intendencia en 2014 hubo p\u00e9rdidas por casi $ 67 millones y en 2015 por $ 147 millones\u201d, detall\u00f3. \u201cDe esta forma qued\u00f3 claro en la Comisi\u00f3n de Presupuesto integrada con Hacienda, que la IM no disminuy\u00f3 su d\u00e9ficit en $ 800 millones como hab\u00eda dejado trascender el Intendente Mart\u00ednez.\u201d <\/p>\n<p>Barrios recalc\u00f3 que \u201cno se pudo llegar a la meta de cerrar el ejercicio sin n\u00fameros en rojo, y si bien esta podr\u00eda ser una responsabilidad compartida, ya que el 2015 fue un a\u00f1o compartido, de transici\u00f3n entre la administraci\u00f3n Olivera y la de Mart\u00ednez, en la medida que \u00e9ste \u00faltimo celebra los n\u00fameros obtenidos y los vincula a su semestre de gesti\u00f3n, tambi\u00e9n debemos adjudicarle entonces la responsabilidad pol\u00edtica.\u201d<\/p>\n<p>El d\u00e9ficit del a\u00f1o a estudio de $ 325 millones, \u201csupone un d\u00e9ficit acumulado al 31\/12\/2015 de $ 3.634 millones. Esto representa la cuarta parte de la recaudaci\u00f3n de un a\u00f1o.\u201d<\/p>\n<p>El Edil agreg\u00f3 que en el an\u00e1lisis de los n\u00fameros sobresale que la IM \u201cpara ajustarse el cintur\u00f3n\u201d, sigue recortando inversiones propias en $ 390 millones. \u201cEn definitiva se recortan obras para los vecinos\u201d, enfatiz\u00f3<\/p>\n","protected":false},"excerpt":{"rendered":"<p>En la tarde de hoy, la Junta Departamental comenz\u00f3 a analizar la Rendici\u00f3n de Cuentas de la Intendencia de Montevideo del a\u00f1o 2015, con la presencia del Director de Recursos Financieros, Juan Voelker y su equipo. El Edil Javier Barrios Bove plante\u00f3 su disconformidad sobre los n\u00fameros expresados p\u00fablicamente. \u201cCuando se habla que en 2015 [&hellip;]<\/p>\n","protected":false},"author":1,"featured_media":26319,"comment_status":"open","ping_status":"open","sticky":false,"template":"","format":"standard","meta":{"footnotes":""},"categories":[232],"tags":[],"class_list":["post-28794","post","type-post","status-publish","format-standard","has-post-thumbnail","hentry","category-departamentales"],"_links":{"self":[{"href":"https:\/\/alianzanacional.com.uy\/web\/wp-json\/wp\/v2\/posts\/28794","targetHints":{"allow":["GET"]}}],"collection":[{"href":"https:\/\/alianzanacional.com.uy\/web\/wp-json\/wp\/v2\/posts"}],"about":[{"href":"https:\/\/alianzanacional.com.uy\/web\/wp-json\/wp\/v2\/types\/post"}],"author":[{"embeddable":true,"href":"https:\/\/alianzanacional.com.uy\/web\/wp-json\/wp\/v2\/users\/1"}],"replies":[{"embeddable":true,"href":"https:\/\/alianzanacional.com.uy\/web\/wp-json\/wp\/v2\/comments?post=28794"}],"version-history":[{"count":1,"href":"https:\/\/alianzanacional.com.uy\/web\/wp-json\/wp\/v2\/posts\/28794\/revisions"}],"predecessor-version":[{"id":28795,"href":"https:\/\/alianzanacional.com.uy\/web\/wp-json\/wp\/v2\/posts\/28794\/revisions\/28795"}],"wp:featuredmedia":[{"embeddable":true,"href":"https:\/\/alianzanacional.com.uy\/web\/wp-json\/wp\/v2\/media\/26319"}],"wp:attachment":[{"href":"https:\/\/alianzanacional.com.uy\/web\/wp-json\/wp\/v2\/media?parent=28794"}],"wp:term":[{"taxonomy":"category","embeddable":true,"href":"https:\/\/alianzanacional.com.uy\/web\/wp-json\/wp\/v2\/categories?post=28794"},{"taxonomy":"post_tag","embeddable":true,"href":"https:\/\/alianzanacional.com.uy\/web\/wp-json\/wp\/v2\/tags?post=28794"}],"curies":[{"name":"wp","href":"https:\/\/api.w.org\/{rel}","templated":true}]}}