{"id":28806,"date":"2016-08-23T19:52:26","date_gmt":"2016-08-23T22:52:26","guid":{"rendered":"http:\/\/alianzanacional.com.uy\/web\/?p=28806"},"modified":"2016-08-23T19:52:26","modified_gmt":"2016-08-23T22:52:26","slug":"las-cupulas-sindicales-perdieron-la-brujula","status":"publish","type":"post","link":"https:\/\/alianzanacional.com.uy\/web\/las-cupulas-sindicales-perdieron-la-brujula\/","title":{"rendered":"Las c\u00fapulas sindicales perdieron la br\u00fajula"},"content":{"rendered":"<p><a href=\"https:\/\/alianzanacional.com.uy\/web\/wp-content\/uploads\/2016\/08\/20120312JC_002.jpg\"><img fetchpriority=\"high\" decoding=\"async\" src=\"https:\/\/alianzanacional.com.uy\/web\/wp-content\/uploads\/2016\/08\/20120312JC_002-700x465.jpg\" alt=\"20120312JC_002\" width=\"620\" height=\"412\" class=\"alignnone size-large wp-image-28807\" srcset=\"https:\/\/alianzanacional.com.uy\/web\/wp-content\/uploads\/2016\/08\/20120312JC_002-700x465.jpg 700w, https:\/\/alianzanacional.com.uy\/web\/wp-content\/uploads\/2016\/08\/20120312JC_002-400x266.jpg 400w, https:\/\/alianzanacional.com.uy\/web\/wp-content\/uploads\/2016\/08\/20120312JC_002-768x510.jpg 768w, https:\/\/alianzanacional.com.uy\/web\/wp-content\/uploads\/2016\/08\/20120312JC_002.jpg 787w\" sizes=\"(max-width: 620px) 100vw, 620px\" \/><\/a><\/p>\n<p>\u201cLa educaci\u00f3n uruguaya no est\u00e1 en crisis\u201d, dec\u00eda la Ministra Mu\u00f1oz en ocasi\u00f3n de su \u00faltima comparecencia en el Parlamento. Pues bien, en estas \u00faltimas horas, esa \u201causencia de crisis\u201d tuvo un nuevo cap\u00edtulo de idas y vueltas entre el Sindicato de Profesores de Educaci\u00f3n Secundaria y las autoridades.<\/p>\n<p>El Sindicato de Profesores de Educaci\u00f3n Secundaria hab\u00eda resuelto que en el d\u00eda de ma\u00f1ana leer\u00edan a todos los estudiantes en el aula una proclama en contra del Presidente de la Rep\u00fablica. Ante tan grande atropello tuvieron que rectificar y ahora se\u00f1alan que \u201chubo un error\u201d y que la proclama ser\u00e1 le\u00edda en la Sala de Profesores.<\/p>\n<p>Ha trascendido que de ese \u201cerror\u201d el sindicato \u00abfue advertidos desde distintos \u00e1mbitos\u201d \u00bfEs que no fueron capaces de darse cuenta por s\u00ed mismos de que era una barbaridad? \u00bfDe que m\u00e1s all\u00e1 de ser inconstitucional e ilegal era un disparate y un abuso may\u00fasculo?<\/p>\n<p>Finalmente se dieron cuenta del desprop\u00f3sito que eso supon\u00eda. Si bien desconozco el contenido de la referida proclama, ha trascendido que el motivo de la misma es que se cumple un a\u00f1o desde que el Poder Ejecutivo decretara la esencialidad de la Educaci\u00f3n P\u00fablica. Se le imputa p\u00fablicamente al Gobierno del Frente Amplio actuar como los interventores de la ense\u00f1anza en la \u00e9poca de la dictadura.<\/p>\n<p>El Consejo de Educaci\u00f3n Secundaria hab\u00eda se\u00f1alado correctamente que la actitud de los docentes violar\u00eda el art\u00edculo 58 de la Constituci\u00f3n y la Ley de Educaci\u00f3n.<\/p>\n<p>Adem\u00e1s de esa violaci\u00f3n al precepto constitucional, aquella conducta anunciada supon\u00eda ofender la libertad de conciencia de los estudiantes, someti\u00e9ndolos en el horario de clases a escuchar, contra su voluntad, una proclama proselitista.<\/p>\n<p>M\u00e1s a\u00fan, el sindicato hab\u00eda resuelto -nadie se come la pastilla que no era eso lo que quer\u00edan-, abusar de su posici\u00f3n de poder sobre los estudiantes y del prestigio y credibilidad intelectual del que goza todo maestro y profesor sobre sus alumnos, con el fin de someterlos a una proclama propagand\u00edstica contra el Poder Ejecutivo y en definitiva, contra la figura institucional Presidencia de la Rep\u00fablica.<\/p>\n<p>Las c\u00fapulas sindicales, una vez m\u00e1s, exhiben una despreocupaci\u00f3n por los destinos de la educaci\u00f3n de los alumnos. Eso que quer\u00edan hacer solo sucede en las aulas de pa\u00edses sometidos a un gobierno totalitario, que m\u00e1s que formaci\u00f3n de seres libres, busca el adoctrinamiento.<\/p>\n<p>En nuestro pa\u00eds los sindicatos pueden promover todas las acciones gremiales y judiciales que entiendan convenientes para defender sus derechos y enfrentar al Gobierno. Incluso, si los agravia el decreto de esencialidad, pueden recurrir a los organismos internacionales como la OIT, pueden volver a parar, pueden marchar libremente por las calles, leer sus proclamas en las plazas a todos aquellos que quieran o\u00edrlos y concurrir a todos los medios de comunicaci\u00f3n para convencer a la opini\u00f3n p\u00fablica de sus ideas en contra del Gobierno.<\/p>\n<p>No se lucha por unos derechos avasallando otros. Menos a\u00fan, avasallando el de los hijos de los uruguayos.  No es admisible que se pretenda tomar a los alumnos como mecanismo para extorsionar a un gobierno.<\/p>\n<p>Tan grave como lo anterior, que es grav\u00edsimo, es que desde el Ministerio de Educaci\u00f3n se haya consultado a ANEP por la legalidad de la lectura de la proclama sindical en clase. Eso no solo refleja un claro desconocimiento de los conceptos de libertad de conciencia, de la laicidad y de toda otra norma de convivencia, sino que adem\u00e1s reafirma el camino que desde el Poder Ejecutivo se ha venido recorriendo estos \u00faltimos tiempos, donde la educaci\u00f3n es responsabilidad de otros. Es una muestra m\u00e1s de que el gobierno de la educaci\u00f3n fue entregado a las corporaciones.<\/p>\n<p>De los episodios de estos d\u00edas resulta que las c\u00fapulas sindicales en Uruguay perdieron la br\u00fajula. Lejos de defender derechos van contra los alumnos y contra la propia figura del docente. Son ellos, maestros y profesores,  los que con su esfuerzo y a pesar de las carencias del sistema, defienden con u\u00f1as y dientes la educaci\u00f3n en las aulas nacionales.<\/p>\n<p>En esto est\u00e1 la promesa de cambiar el ADN de la educaci\u00f3n, entre la indiferencia de las autoridades, la insensatez de las c\u00fapulas sindicales y en el medio la educaci\u00f3n de los hijos de los uruguayos.<\/p>\n<p>La Pol\u00edtica, los pol\u00edticos y los ciudadanos debemos trabajar juntos para que la educaci\u00f3n cambie. Rebelarnos, porque en esa lucha va la calidad de nuestra Rep\u00fablica, nuestra identidad como Naci\u00f3n y en definitiva, el futuro de nuestros muchachos.<\/p>\n","protected":false},"excerpt":{"rendered":"<p>\u201cLa educaci\u00f3n uruguaya no est\u00e1 en crisis\u201d, dec\u00eda la Ministra Mu\u00f1oz en ocasi\u00f3n de su \u00faltima comparecencia en el Parlamento. Pues bien, en estas \u00faltimas horas, esa \u201causencia de crisis\u201d tuvo un nuevo cap\u00edtulo de idas y vueltas entre el Sindicato de Profesores de Educaci\u00f3n Secundaria y las autoridades. El Sindicato de Profesores de Educaci\u00f3n [&hellip;]<\/p>\n","protected":false},"author":1,"featured_media":28807,"comment_status":"open","ping_status":"open","sticky":false,"template":"","format":"standard","meta":{"footnotes":""},"categories":[17],"tags":[],"class_list":["post-28806","post","type-post","status-publish","format-standard","has-post-thumbnail","hentry","category-columna"],"_links":{"self":[{"href":"https:\/\/alianzanacional.com.uy\/web\/wp-json\/wp\/v2\/posts\/28806","targetHints":{"allow":["GET"]}}],"collection":[{"href":"https:\/\/alianzanacional.com.uy\/web\/wp-json\/wp\/v2\/posts"}],"about":[{"href":"https:\/\/alianzanacional.com.uy\/web\/wp-json\/wp\/v2\/types\/post"}],"author":[{"embeddable":true,"href":"https:\/\/alianzanacional.com.uy\/web\/wp-json\/wp\/v2\/users\/1"}],"replies":[{"embeddable":true,"href":"https:\/\/alianzanacional.com.uy\/web\/wp-json\/wp\/v2\/comments?post=28806"}],"version-history":[{"count":1,"href":"https:\/\/alianzanacional.com.uy\/web\/wp-json\/wp\/v2\/posts\/28806\/revisions"}],"predecessor-version":[{"id":28808,"href":"https:\/\/alianzanacional.com.uy\/web\/wp-json\/wp\/v2\/posts\/28806\/revisions\/28808"}],"wp:featuredmedia":[{"embeddable":true,"href":"https:\/\/alianzanacional.com.uy\/web\/wp-json\/wp\/v2\/media\/28807"}],"wp:attachment":[{"href":"https:\/\/alianzanacional.com.uy\/web\/wp-json\/wp\/v2\/media?parent=28806"}],"wp:term":[{"taxonomy":"category","embeddable":true,"href":"https:\/\/alianzanacional.com.uy\/web\/wp-json\/wp\/v2\/categories?post=28806"},{"taxonomy":"post_tag","embeddable":true,"href":"https:\/\/alianzanacional.com.uy\/web\/wp-json\/wp\/v2\/tags?post=28806"}],"curies":[{"name":"wp","href":"https:\/\/api.w.org\/{rel}","templated":true}]}}