{"id":28818,"date":"2016-08-29T14:12:59","date_gmt":"2016-08-29T17:12:59","guid":{"rendered":"http:\/\/alianzanacional.com.uy\/web\/?p=28818"},"modified":"2016-08-29T14:12:59","modified_gmt":"2016-08-29T17:12:59","slug":"apologia-de-jorge-larranaga","status":"publish","type":"post","link":"https:\/\/alianzanacional.com.uy\/web\/apologia-de-jorge-larranaga\/","title":{"rendered":"Apolog\u00eda de Jorge Larra\u00f1aga"},"content":{"rendered":"<p><a href=\"https:\/\/alianzanacional.com.uy\/web\/wp-content\/uploads\/2016\/08\/14_6374_principal.jpg\"><img fetchpriority=\"high\" decoding=\"async\" class=\"alignnone size-large wp-image-28819\" src=\"https:\/\/alianzanacional.com.uy\/web\/wp-content\/uploads\/2016\/08\/14_6374_principal-700x394.jpg\" alt=\"14_6374_principal\" width=\"620\" height=\"349\" srcset=\"https:\/\/alianzanacional.com.uy\/web\/wp-content\/uploads\/2016\/08\/14_6374_principal-700x394.jpg 700w, https:\/\/alianzanacional.com.uy\/web\/wp-content\/uploads\/2016\/08\/14_6374_principal-400x225.jpg 400w, https:\/\/alianzanacional.com.uy\/web\/wp-content\/uploads\/2016\/08\/14_6374_principal-768x432.jpg 768w\" sizes=\"(max-width: 620px) 100vw, 620px\" \/><\/a><\/p>\n<p><em>Adjuntamos a Ustedes columna de opini\u00f3n del historiador, periodista y diplom\u00e1tico uruguayo \u00c1lvaro Diez De Medina publicada en \u201cEl Observador\u201d el d\u00eda de hoy. <\/em><\/p>\n<p>Entrevistado por un programa televisivo, el senador Jorge Larra\u00f1aga ha formulado declaraciones que tienen, desde que las hiciera, en vilo al mundillo pol\u00edtico.<\/p>\n<p>\u201cLa oposici\u00f3n\u201d, asegur\u00f3 el senador nacionalista, \u201cno est\u00e1 pronta para gobernar\u2026 tenemos que hacer un enorme esfuerzo, desde ahora: no es suficiente que el Partido (Nacional) pueda estarlo\u201d.<br \/>\nComo toda afirmaci\u00f3n pol\u00e9mica, \u00e9sta ha despertado dos frentes: el de los nacionalistas que, enfurecidos por lo que muchos ven como un cuestionamiento de la vocaci\u00f3n gubernamental del primer partido de la oposici\u00f3n, piden ahora el silencio o el retiro del conductor de Alianza Nacional, y el de los pat\u00e9ticos pescadores oficialistas en aguas revueltas que, como es el caso de la senadora M\u00f3nica Xavier, berrean alborozados desde la tribuna: \u201c\u00a1te lo dije, te lo dije!\u201d<\/p>\n<p>No nos detengamos en estos \u00faltimos: son voces de un r\u00e9gimen en s\u00f3rdido eclipse, yermo en ideas, torpe en procederes, rid\u00edculo en su insistencia por presentar como \u00e9xitos sus rotundos fracasos.<br \/>\nPongamos, pues, el foco en los primeros. El senador Luis Lacalle, por lo pronto, pareci\u00f3 responder a su colega al proclamar, en un discurso que \u201ces mentira (sic) que el Partido Nacional tiene vocaci\u00f3n de oposici\u00f3n: tiene vocaci\u00f3n de gobierno, a\u00fan en el rol de la oposici\u00f3n\u201d.<br \/>\nSolo que, al usar este giro, y en la hip\u00f3tesis que el mismo buscara ser una respuesta a Larra\u00f1aga, no habr\u00eda dado respuesta al planteo de fondo de su colega: el reconocimiento de la apabullante realidad que significa el que todas las fuerzas de oposici\u00f3n necesitan plantear un programa com\u00fan, que asegure a los ciudadanos que el fin electoral del r\u00e9gimen que ya ha fenecido implicar\u00e1, de una buena vez, la puesta en pr\u00e1ctica de imprescindibles reformas que les aseguren la posibilidad de revertir los efectos de una larga d\u00e9cada de destrucci\u00f3n bald\u00eda.<br \/>\nEl senador Larra\u00f1aga debe, pues, ser encomiado por el hecho de huir de la rutina discursiva en que suele caer la oposici\u00f3n, meramente consistente en pedirnos a los ciudadanos un acto de fe: que otros ser\u00e1n m\u00e1s capaces a la hora de gestionar un sistema premeditadamente enfermo, dise\u00f1ado para destruir competitividad, crecimiento, oportunidades, empresas y empleos.<\/p>\n<p>Si algo he hecho en esta p\u00e1gina es clamar contra esa peligrosa trampa. La de mentir a la ciudadan\u00eda, por el camino de presentarle el espejo de colores de una \u201csocial-democracia\u201d que proclame que ella s\u00ed puede multiplicar los panes y los peces que el frenteamplismo ha hecho desaparecer. O la del mesianismo gerencial, que le asegura que, con un buen gestor, el inviable dinosaurio colectivista que entre todos hemos constru\u00eddo puede mutar en una nave espacial.<br \/>\nContra todo diagn\u00f3stico del bosque de expertos, polit\u00f3logos y comunicadores en los que este pa\u00eds ha devenido, Uruguay est\u00e1 hoy, como lo ha estado siempre, preparado para recibir un diagn\u00f3stico honesto de sus males.<br \/>\nSi algo debemos agradecer al frenteamplismo es el hecho de que, en su furor advenedizo, hubiera apurado hasta el extremo los caminos ciegos que el pa\u00eds hab\u00eda elegido para suicidarse: el impulso regulatorio, el gigantismo estatista, la coyunda tributaria, una mediocre epopeya cultural de paniaguados p\u00fablicos.<br \/>\nHoy ya sabemos qu\u00e9 hay por delante, de persistir en este impulso: la nada.<\/p>\n<p>La oposici\u00f3n deber\u00e1, pues, m\u00e1s temprano que tarde, aplicarse a considerar las reformas liberales que el pa\u00eds pide a gritos.<\/p>\n<p>La dr\u00e1stica reducci\u00f3n de su aparato estatal, tanto en \u00f3rganos, como en cometidos, funcionarios, remuneraciones y objetivos. El sinceramiento financiero de sus empresas, fondos, bancos y sociedades p\u00fablicas en base al solo criterio de su sustentabilidad. El desmantelamiento de todos los programas de subsidio abierto o encubierto. La privatizaci\u00f3n de las pocas actividades que el sector privado pueda considerar de inter\u00e9s, y en el marco de un ce\u00f1ido programa de inversiones en lo indispensable de nuestra necesidad de infraestructura. El desmantelamiento del poder pol\u00edtico de la corporaci\u00f3n sindical. La apertura unilateral de la econom\u00eda, un programa de dr\u00e1stica reducci\u00f3n de la carga tributaria, y la r\u00e1pida implantaci\u00f3n de un programa de capacitaci\u00f3n nacional que detenga la planificada hemorragia educativa impulsada por el Frente Amplio desde el gobierno.<br \/>\nY podr\u00edamos seguir.<\/p>\n<p>Por estos d\u00edas nos hemos desayunado que, mientras Uruguay festeja imaginarias conquistas de \u201cderechos sociales\u201d, muchos inversores han mudado sus petates a Paraguay, llev\u00e1ndose con ellos empleos, t\u00e9cnicas, futuro. Como aletargados taxistas atropellados por la llegada de Uber, descubrimos que los cantos de sirena frenteamplistas nos han dejado desnudos, ignorantes y humillados en la carrera que otras sociedades, m\u00e1s \u00e1giles, mejor dispuestas, libran por generar inversi\u00f3n y empleo para sus j\u00f3venes.<br \/>\n\u00bfEst\u00e1 preparada la oposici\u00f3n para esta tarea? No.<br \/>\n\u00bfEst\u00e1 preparado el principal partido de la oposici\u00f3n para esta tarea? Tampoco.<br \/>\n\u00bfY c\u00f3mo lo sabemos? Pues porque la enorme dimensi\u00f3n del desaf\u00edo que el pa\u00eds enfrenta implica un igualmente enorme compromiso de todas las fuerzas que aspiran a dejar atr\u00e1s este negro cap\u00edtulo de nuestra historia nacional, a fin de acordar un programa m\u00ednimo de reformas, darle al mismo un igualmente m\u00ednimo sustento t\u00e9cnico, y preparar, desde hoy mismo, el aterrizaje comunicacional que se requiera a fin de que los ciudadanos lo consideren pertinente y digno de los sacrificios que, inevitablemente, entra\u00f1ar\u00e1.<\/p>\n<p>\u201cCuando se busca ser popular\u201d, aseguraba Margaret Thatcher, \u201chay que estar preparado para comprometerse con cualquier cosa, en cualquier momento. As\u00ed, no se consigue nada\u201d.<br \/>\nLa oposici\u00f3n dispone, por cierto, de calificados recursos humanos y, a medida en que llegue su tiempo, dispondr\u00e1 de m\u00e1s: eso no est\u00e1, como parecieran pensarlo algunos dirigentes nacionalistas la pasada semana, en disputa. De lo que no dispone hoy, sin embargo, es de un claro y veros\u00edmil mapa de ruta, o de esa terca honestidad con la que la que le pueda asegurar a la opini\u00f3n ciudadana que se puede conseguir todo.<\/p>\n<p>Jorge Larra\u00f1aga ha puesto, seg\u00fan quiero creer, este gato arriba de la mesa.<br \/>\nY solo por ello merece nuestra atenci\u00f3n y respeto, y no la pedrea inconducente.<\/p>\n","protected":false},"excerpt":{"rendered":"<p>Adjuntamos a Ustedes columna de opini\u00f3n del historiador, periodista y diplom\u00e1tico uruguayo \u00c1lvaro Diez De Medina publicada en \u201cEl Observador\u201d el d\u00eda de hoy. Entrevistado por un programa televisivo, el senador Jorge Larra\u00f1aga ha formulado declaraciones que tienen, desde que las hiciera, en vilo al mundillo pol\u00edtico. \u201cLa oposici\u00f3n\u201d, asegur\u00f3 el senador nacionalista, \u201cno est\u00e1 [&hellip;]<\/p>\n","protected":false},"author":1,"featured_media":28819,"comment_status":"open","ping_status":"open","sticky":false,"template":"","format":"standard","meta":{"footnotes":""},"categories":[7],"tags":[],"class_list":["post-28818","post","type-post","status-publish","format-standard","has-post-thumbnail","hentry","category-columnistas"],"_links":{"self":[{"href":"https:\/\/alianzanacional.com.uy\/web\/wp-json\/wp\/v2\/posts\/28818","targetHints":{"allow":["GET"]}}],"collection":[{"href":"https:\/\/alianzanacional.com.uy\/web\/wp-json\/wp\/v2\/posts"}],"about":[{"href":"https:\/\/alianzanacional.com.uy\/web\/wp-json\/wp\/v2\/types\/post"}],"author":[{"embeddable":true,"href":"https:\/\/alianzanacional.com.uy\/web\/wp-json\/wp\/v2\/users\/1"}],"replies":[{"embeddable":true,"href":"https:\/\/alianzanacional.com.uy\/web\/wp-json\/wp\/v2\/comments?post=28818"}],"version-history":[{"count":2,"href":"https:\/\/alianzanacional.com.uy\/web\/wp-json\/wp\/v2\/posts\/28818\/revisions"}],"predecessor-version":[{"id":28821,"href":"https:\/\/alianzanacional.com.uy\/web\/wp-json\/wp\/v2\/posts\/28818\/revisions\/28821"}],"wp:featuredmedia":[{"embeddable":true,"href":"https:\/\/alianzanacional.com.uy\/web\/wp-json\/wp\/v2\/media\/28819"}],"wp:attachment":[{"href":"https:\/\/alianzanacional.com.uy\/web\/wp-json\/wp\/v2\/media?parent=28818"}],"wp:term":[{"taxonomy":"category","embeddable":true,"href":"https:\/\/alianzanacional.com.uy\/web\/wp-json\/wp\/v2\/categories?post=28818"},{"taxonomy":"post_tag","embeddable":true,"href":"https:\/\/alianzanacional.com.uy\/web\/wp-json\/wp\/v2\/tags?post=28818"}],"curies":[{"name":"wp","href":"https:\/\/api.w.org\/{rel}","templated":true}]}}