{"id":28823,"date":"2016-08-29T14:12:31","date_gmt":"2016-08-29T17:12:31","guid":{"rendered":"http:\/\/alianzanacional.com.uy\/web\/?p=28823"},"modified":"2016-08-29T14:12:31","modified_gmt":"2016-08-29T17:12:31","slug":"hablemos-claro-estamos-prontos","status":"publish","type":"post","link":"https:\/\/alianzanacional.com.uy\/web\/hablemos-claro-estamos-prontos\/","title":{"rendered":"Hablemos claro: \u00bfestamos prontos?"},"content":{"rendered":"<p><a href=\"https:\/\/alianzanacional.com.uy\/web\/wp-content\/uploads\/2016\/08\/vgoni.jpg\"><img fetchpriority=\"high\" decoding=\"async\" src=\"https:\/\/alianzanacional.com.uy\/web\/wp-content\/uploads\/2016\/08\/vgoni-700x394.jpg\" alt=\"vgoni\" width=\"620\" height=\"349\" class=\"alignnone size-large wp-image-28824\" srcset=\"https:\/\/alianzanacional.com.uy\/web\/wp-content\/uploads\/2016\/08\/vgoni-700x394.jpg 700w, https:\/\/alianzanacional.com.uy\/web\/wp-content\/uploads\/2016\/08\/vgoni-400x225.jpg 400w, https:\/\/alianzanacional.com.uy\/web\/wp-content\/uploads\/2016\/08\/vgoni-768x432.jpg 768w, https:\/\/alianzanacional.com.uy\/web\/wp-content\/uploads\/2016\/08\/vgoni.jpg 1106w\" sizes=\"(max-width: 620px) 100vw, 620px\" \/><\/a><\/p>\n<p>Larra\u00f1aga afirm\u00f3 que la oposici\u00f3n a\u00fan no est\u00e1 lista para gobernar y ello gener\u00f3 que algunos blancos salieran a rasgarse las vestiduras, advirtiendo que nuestro heroico partido siempre est\u00e1 listo para asumir las m\u00e1s altas responsabilidades.<br \/>\nA\u00fan no se si no entendieron o son meros oportunistas de \u00e1rea chica.<br \/>\nDesde que el Frente Amplio gan\u00f3 las elecciones en el 2004, nuestro Partido sac\u00f3 un 35 % de los votos con Larra\u00f1aga y luego un 30 % con Lacalle, padre e hijo.<br \/>\nLo que rompe los ojos es que solo con la voluntad de los blancos no se llega al gobierno, y que en consecuencia necesariamente dependemos de otros partidos para ganar en la segunda vuelta.<br \/>\nHasta ahora, lo que ha sucedido es que en primera instancia accedemos a disputar la segunda vuelta, y \u00e9sta lo \u00fanico que hace es enterrar nuestras aspiraciones tras una avalancha de votos que votan al candidato del Frente Amplio; y en esa fenomenal corrida de votos se incluye a votantes del Partido Independiente y del Partido Colorado.<br \/>\nNo ha bastado siquiera con que el candidato colorado se acerque el mismo d\u00eda de las elecciones a postular que viene a aportar para hacer moco al adversario.<br \/>\nDe manera que sino se quiere ver lo obvio, entonces estamos ante un tremendo acto de necedad.<br \/>\nDesde el a\u00f1o pasado, Larra\u00f1aga ha llevado adelante contactos con los dirigentes de la oposici\u00f3n, con todos, transmitiendo que entiende la necesidad de comenzar desde ahora a buscar puntos de acuerdo que permitan coordinar acciones y entendimientos para llevar adelante una tarea opositora, pero sobre todo, para que llegado el momento de las elecciones, la gente visualice a la oposici\u00f3n como un arco pol\u00edtico compacto, con ideas claras y comunes, que le signifiquen un camino alternativo al actual modelo frenteamplista que a todas luces est\u00e1 agotado.<br \/>\nQue seguro no es un camino sencillo, que acercar posiciones para llevar adelante una tarea com\u00fan no es lo mismo que simplemente decir que la educaci\u00f3n est\u00e1 en un pantano y que lo que est\u00e1 logrando es perpetuar las condiciones de exclusi\u00f3n o que la pol\u00edtica internacional anda a la deriva, jugando con nuestras posibilidades de desarrollo y comercio de nuestros productos, o que la inseguridad nos golpea a diario.<br \/>\nSe trata de ponernos de acuerdo en acciones concretas que nos permitan superar la situaci\u00f3n actual, y esto, partiendo de la base de que somos partidos diferentes, con ideolog\u00edas diferentes, con tradiciones diferentes.<br \/>\nLa tarea es enorme y llevar\u00e1 tiempo, y vale la pena porque es la manera que tenemos de no seguir presos de una conducci\u00f3n pol\u00edtica err\u00e1tica, que ha basado su fortaleza en dos puntos b\u00e1sicos: una enorme masa de dinero que se ha derrochado a diestra y siniestra y en una oposici\u00f3n fragmentada y sin objetivos comunes que le ha hecho el campo or\u00e9gano.<br \/>\nDe manera que ha hacer el trabajo pol\u00edtico necesario y prepararnos para gobernar.<br \/>\nEsa es la tarea.    <\/p>\n<p>Rodrigo Go\u00f1i<\/p>\n","protected":false},"excerpt":{"rendered":"<p>Larra\u00f1aga afirm\u00f3 que la oposici\u00f3n a\u00fan no est\u00e1 lista para gobernar y ello gener\u00f3 que algunos blancos salieran a rasgarse las vestiduras, advirtiendo que nuestro heroico partido siempre est\u00e1 listo para asumir las m\u00e1s altas responsabilidades. A\u00fan no se si no entendieron o son meros oportunistas de \u00e1rea chica. Desde que el Frente Amplio gan\u00f3 [&hellip;]<\/p>\n","protected":false},"author":1,"featured_media":28824,"comment_status":"open","ping_status":"open","sticky":false,"template":"","format":"standard","meta":{"footnotes":""},"categories":[17],"tags":[],"class_list":["post-28823","post","type-post","status-publish","format-standard","has-post-thumbnail","hentry","category-columna"],"_links":{"self":[{"href":"https:\/\/alianzanacional.com.uy\/web\/wp-json\/wp\/v2\/posts\/28823","targetHints":{"allow":["GET"]}}],"collection":[{"href":"https:\/\/alianzanacional.com.uy\/web\/wp-json\/wp\/v2\/posts"}],"about":[{"href":"https:\/\/alianzanacional.com.uy\/web\/wp-json\/wp\/v2\/types\/post"}],"author":[{"embeddable":true,"href":"https:\/\/alianzanacional.com.uy\/web\/wp-json\/wp\/v2\/users\/1"}],"replies":[{"embeddable":true,"href":"https:\/\/alianzanacional.com.uy\/web\/wp-json\/wp\/v2\/comments?post=28823"}],"version-history":[{"count":1,"href":"https:\/\/alianzanacional.com.uy\/web\/wp-json\/wp\/v2\/posts\/28823\/revisions"}],"predecessor-version":[{"id":28825,"href":"https:\/\/alianzanacional.com.uy\/web\/wp-json\/wp\/v2\/posts\/28823\/revisions\/28825"}],"wp:featuredmedia":[{"embeddable":true,"href":"https:\/\/alianzanacional.com.uy\/web\/wp-json\/wp\/v2\/media\/28824"}],"wp:attachment":[{"href":"https:\/\/alianzanacional.com.uy\/web\/wp-json\/wp\/v2\/media?parent=28823"}],"wp:term":[{"taxonomy":"category","embeddable":true,"href":"https:\/\/alianzanacional.com.uy\/web\/wp-json\/wp\/v2\/categories?post=28823"},{"taxonomy":"post_tag","embeddable":true,"href":"https:\/\/alianzanacional.com.uy\/web\/wp-json\/wp\/v2\/tags?post=28823"}],"curies":[{"name":"wp","href":"https:\/\/api.w.org\/{rel}","templated":true}]}}