{"id":28826,"date":"2016-08-29T13:57:39","date_gmt":"2016-08-29T16:57:39","guid":{"rendered":"http:\/\/alianzanacional.com.uy\/web\/?p=28826"},"modified":"2016-08-29T13:57:39","modified_gmt":"2016-08-29T16:57:39","slug":"martes-30-de-agosto-larranaga-junto-a-los-jovenes","status":"publish","type":"post","link":"https:\/\/alianzanacional.com.uy\/web\/martes-30-de-agosto-larranaga-junto-a-los-jovenes\/","title":{"rendered":"Martes 30 de agosto &#8211; Larra\u00f1aga junto a los j\u00f3venes"},"content":{"rendered":"<p><a href=\"https:\/\/alianzanacional.com.uy\/web\/wp-content\/uploads\/2016\/08\/bandera_uru_y_partido_chicajovenes.jpg\"><img fetchpriority=\"high\" decoding=\"async\" src=\"https:\/\/alianzanacional.com.uy\/web\/wp-content\/uploads\/2016\/08\/bandera_uru_y_partido_chicajovenes-700x394.jpg\" alt=\"bandera_uru_y_partido_chicajovenes\" width=\"620\" height=\"349\" class=\"alignnone size-large wp-image-28827\" srcset=\"https:\/\/alianzanacional.com.uy\/web\/wp-content\/uploads\/2016\/08\/bandera_uru_y_partido_chicajovenes-700x394.jpg 700w, https:\/\/alianzanacional.com.uy\/web\/wp-content\/uploads\/2016\/08\/bandera_uru_y_partido_chicajovenes-400x225.jpg 400w, https:\/\/alianzanacional.com.uy\/web\/wp-content\/uploads\/2016\/08\/bandera_uru_y_partido_chicajovenes-768x432.jpg 768w, https:\/\/alianzanacional.com.uy\/web\/wp-content\/uploads\/2016\/08\/bandera_uru_y_partido_chicajovenes.jpg 1246w\" sizes=\"(max-width: 620px) 100vw, 620px\" \/><\/a><\/p>\n<p>Continuando el ciclo \u00abLarra\u00f1aga y la gente, juntos\u00bb, el pr\u00f3ximo martes 30 de agosto a las 19:30 horas, el senador Jorge Larra\u00f1aga estar\u00e1 junto a los j\u00f3venes, conversando y respondiendo las inquietudes que surjan.<\/p>\n<p>Ser\u00e1 en \u00abEl Barz\u00f3n\u00bb (Rivera 2019, Montevideo). <\/p>\n<p><strong>MARTES 30 DE AGOSTO<br \/>\n19:30 HORAS<br \/>\nEL BARZ\u00d3N<br \/>\nRIVERA 2019<br \/>\nMONTEVIDEO<\/strong><\/p>\n","protected":false},"excerpt":{"rendered":"<p>Continuando el ciclo \u00abLarra\u00f1aga y la gente, juntos\u00bb, el pr\u00f3ximo martes 30 de agosto a las 19:30 horas, el senador Jorge Larra\u00f1aga estar\u00e1 junto a los j\u00f3venes, conversando y respondiendo las inquietudes que surjan. Ser\u00e1 en \u00abEl Barz\u00f3n\u00bb (Rivera 2019, Montevideo). MARTES 30 DE AGOSTO 19:30 HORAS EL BARZ\u00d3N RIVERA 2019 MONTEVIDEO<\/p>\n","protected":false},"author":1,"featured_media":28827,"comment_status":"open","ping_status":"open","sticky":false,"template":"","format":"standard","meta":{"footnotes":""},"categories":[4],"tags":[],"class_list":["post-28826","post","type-post","status-publish","format-standard","has-post-thumbnail","hentry","category-agenda"],"_links":{"self":[{"href":"https:\/\/alianzanacional.com.uy\/web\/wp-json\/wp\/v2\/posts\/28826","targetHints":{"allow":["GET"]}}],"collection":[{"href":"https:\/\/alianzanacional.com.uy\/web\/wp-json\/wp\/v2\/posts"}],"about":[{"href":"https:\/\/alianzanacional.com.uy\/web\/wp-json\/wp\/v2\/types\/post"}],"author":[{"embeddable":true,"href":"https:\/\/alianzanacional.com.uy\/web\/wp-json\/wp\/v2\/users\/1"}],"replies":[{"embeddable":true,"href":"https:\/\/alianzanacional.com.uy\/web\/wp-json\/wp\/v2\/comments?post=28826"}],"version-history":[{"count":1,"href":"https:\/\/alianzanacional.com.uy\/web\/wp-json\/wp\/v2\/posts\/28826\/revisions"}],"predecessor-version":[{"id":28828,"href":"https:\/\/alianzanacional.com.uy\/web\/wp-json\/wp\/v2\/posts\/28826\/revisions\/28828"}],"wp:featuredmedia":[{"embeddable":true,"href":"https:\/\/alianzanacional.com.uy\/web\/wp-json\/wp\/v2\/media\/28827"}],"wp:attachment":[{"href":"https:\/\/alianzanacional.com.uy\/web\/wp-json\/wp\/v2\/media?parent=28826"}],"wp:term":[{"taxonomy":"category","embeddable":true,"href":"https:\/\/alianzanacional.com.uy\/web\/wp-json\/wp\/v2\/categories?post=28826"},{"taxonomy":"post_tag","embeddable":true,"href":"https:\/\/alianzanacional.com.uy\/web\/wp-json\/wp\/v2\/tags?post=28826"}],"curies":[{"name":"wp","href":"https:\/\/api.w.org\/{rel}","templated":true}]}}