{"id":28835,"date":"2016-09-02T15:31:13","date_gmt":"2016-09-02T18:31:13","guid":{"rendered":"http:\/\/alianzanacional.com.uy\/web\/?p=28835"},"modified":"2016-09-02T15:31:13","modified_gmt":"2016-09-02T18:31:13","slug":"lunes-5-de-setiembre-larranaga-en-malvin-norte","status":"publish","type":"post","link":"https:\/\/alianzanacional.com.uy\/web\/lunes-5-de-setiembre-larranaga-en-malvin-norte\/","title":{"rendered":"Lunes 5 de setiembre &#8211; Larra\u00f1aga en Malv\u00edn Norte"},"content":{"rendered":"<p><a href=\"https:\/\/alianzanacional.com.uy\/web\/wp-content\/uploads\/2016\/09\/malvin-norte.jpg\"><img fetchpriority=\"high\" decoding=\"async\" src=\"https:\/\/alianzanacional.com.uy\/web\/wp-content\/uploads\/2016\/09\/malvin-norte-700x394.jpg\" alt=\"malvin-norte\" width=\"620\" height=\"349\" class=\"alignnone size-large wp-image-28836\" srcset=\"https:\/\/alianzanacional.com.uy\/web\/wp-content\/uploads\/2016\/09\/malvin-norte-700x394.jpg 700w, https:\/\/alianzanacional.com.uy\/web\/wp-content\/uploads\/2016\/09\/malvin-norte-400x225.jpg 400w, https:\/\/alianzanacional.com.uy\/web\/wp-content\/uploads\/2016\/09\/malvin-norte-768x432.jpg 768w, https:\/\/alianzanacional.com.uy\/web\/wp-content\/uploads\/2016\/09\/malvin-norte.jpg 1150w\" sizes=\"(max-width: 620px) 100vw, 620px\" \/><\/a><\/p>\n<p>En el marco del ciclo \u00abLarra\u00f1aga y la gente, juntos\u00bb, el lunes 5 de setiembre a las 19 horas, el senador Jorge Larra\u00f1aga estar\u00e1 en Malv\u00edn Norte, participando de una reuni\u00f3n con vecinos, comerciantes y referentes de la zona\u200b, conversando y respondiendo las inquietudes que surjan.\u200b<\/p>\n<p>Ser\u00e1 en el club de bochas \u00abLos 33\u00bb, ubicado en Veracierto 2576 y Cno. Carrasco.<\/p>\n<p>Desde ya, los invitamos.<\/p>\n<p>LUNES 5 DE SETIEMBRE<br \/>\n19:00 HORAS<br \/>\nCLUB DE BOCHAS \u00abLOS 33\u00bb<br \/>\nVERACIERTO 2576 C\/ CNO. CARRASCO<\/p>\n","protected":false},"excerpt":{"rendered":"<p>En el marco del ciclo \u00abLarra\u00f1aga y la gente, juntos\u00bb, el lunes 5 de setiembre a las 19 horas, el senador Jorge Larra\u00f1aga estar\u00e1 en Malv\u00edn Norte, participando de una reuni\u00f3n con vecinos, comerciantes y referentes de la zona\u200b, conversando y respondiendo las inquietudes que surjan.\u200b Ser\u00e1 en el club de bochas \u00abLos 33\u00bb, ubicado [&hellip;]<\/p>\n","protected":false},"author":1,"featured_media":28836,"comment_status":"open","ping_status":"open","sticky":false,"template":"","format":"standard","meta":{"footnotes":""},"categories":[4],"tags":[],"class_list":["post-28835","post","type-post","status-publish","format-standard","has-post-thumbnail","hentry","category-agenda"],"_links":{"self":[{"href":"https:\/\/alianzanacional.com.uy\/web\/wp-json\/wp\/v2\/posts\/28835","targetHints":{"allow":["GET"]}}],"collection":[{"href":"https:\/\/alianzanacional.com.uy\/web\/wp-json\/wp\/v2\/posts"}],"about":[{"href":"https:\/\/alianzanacional.com.uy\/web\/wp-json\/wp\/v2\/types\/post"}],"author":[{"embeddable":true,"href":"https:\/\/alianzanacional.com.uy\/web\/wp-json\/wp\/v2\/users\/1"}],"replies":[{"embeddable":true,"href":"https:\/\/alianzanacional.com.uy\/web\/wp-json\/wp\/v2\/comments?post=28835"}],"version-history":[{"count":1,"href":"https:\/\/alianzanacional.com.uy\/web\/wp-json\/wp\/v2\/posts\/28835\/revisions"}],"predecessor-version":[{"id":28837,"href":"https:\/\/alianzanacional.com.uy\/web\/wp-json\/wp\/v2\/posts\/28835\/revisions\/28837"}],"wp:featuredmedia":[{"embeddable":true,"href":"https:\/\/alianzanacional.com.uy\/web\/wp-json\/wp\/v2\/media\/28836"}],"wp:attachment":[{"href":"https:\/\/alianzanacional.com.uy\/web\/wp-json\/wp\/v2\/media?parent=28835"}],"wp:term":[{"taxonomy":"category","embeddable":true,"href":"https:\/\/alianzanacional.com.uy\/web\/wp-json\/wp\/v2\/categories?post=28835"},{"taxonomy":"post_tag","embeddable":true,"href":"https:\/\/alianzanacional.com.uy\/web\/wp-json\/wp\/v2\/tags?post=28835"}],"curies":[{"name":"wp","href":"https:\/\/api.w.org\/{rel}","templated":true}]}}