{"id":28907,"date":"2016-09-07T20:44:19","date_gmt":"2016-09-07T23:44:19","guid":{"rendered":"http:\/\/alianzanacional.com.uy\/web\/?p=28907"},"modified":"2016-09-09T09:50:06","modified_gmt":"2016-09-09T12:50:06","slug":"martes-13-de-setiembre-larranaga-en-el-cerrito-de-la-victoria","status":"publish","type":"post","link":"https:\/\/alianzanacional.com.uy\/web\/martes-13-de-setiembre-larranaga-en-el-cerrito-de-la-victoria\/","title":{"rendered":"MARTES 13 DE SETIEMBRE  \/\/ Larra\u00f1aga en el Cerrito de la Victoria"},"content":{"rendered":"<p><a href=\"https:\/\/alianzanacional.com.uy\/web\/wp-content\/uploads\/2016\/09\/CERRITO.jpg\"><img fetchpriority=\"high\" decoding=\"async\" src=\"https:\/\/alianzanacional.com.uy\/web\/wp-content\/uploads\/2016\/09\/CERRITO-700x394.jpg\" alt=\"cerrito\" width=\"620\" height=\"349\" class=\"alignnone size-large wp-image-28908\" srcset=\"https:\/\/alianzanacional.com.uy\/web\/wp-content\/uploads\/2016\/09\/CERRITO-700x394.jpg 700w, https:\/\/alianzanacional.com.uy\/web\/wp-content\/uploads\/2016\/09\/CERRITO-400x225.jpg 400w, https:\/\/alianzanacional.com.uy\/web\/wp-content\/uploads\/2016\/09\/CERRITO-768x432.jpg 768w, https:\/\/alianzanacional.com.uy\/web\/wp-content\/uploads\/2016\/09\/CERRITO.jpg 1150w\" sizes=\"(max-width: 620px) 100vw, 620px\" \/><\/a><\/p>\n<p>En el marco del ciclo <strong>\u00abLarra\u00f1aga y la gente, juntos\u00bb<\/strong>, el martes 13 de setiembre a las 19 horas, el senador Jorge Larra\u00f1aga estar\u00e1 en el Cerrito de la Victoria, participando de una reuni\u00f3n con vecinos, comerciantes y referentes de la zona\u200b, conversando y respondiendo las inquietudes que surjan.\u200b<\/p>\n<p>Ser\u00e1 en el sal\u00f3n de fiestas del bar \u00abSin Bombo\u00bb, ubicado en <strong>Gral. Flores y Jos\u00e9 Serrato<\/strong>.<\/p>\n<p>Desde ya, los invitamos.<\/p>\n<p><strong>MARTES 13 DE SETIEMBRE<br \/>\n19:00 HORAS<br \/>\nSAL\u00d3N DE FIESTAS BAR \u00abSIN BOMBO\u00bb<br \/>\nGRAL. FLORES Y JOS\u00c9 SERRATO<\/strong><\/p>\n","protected":false},"excerpt":{"rendered":"<p>En el marco del ciclo \u00abLarra\u00f1aga y la gente, juntos\u00bb, el martes 13 de setiembre a las 19 horas, el senador Jorge Larra\u00f1aga estar\u00e1 en el Cerrito de la Victoria, participando de una reuni\u00f3n con vecinos, comerciantes y referentes de la zona\u200b, conversando y respondiendo las inquietudes que surjan.\u200b Ser\u00e1 en el sal\u00f3n de fiestas [&hellip;]<\/p>\n","protected":false},"author":1,"featured_media":28908,"comment_status":"open","ping_status":"open","sticky":false,"template":"","format":"standard","meta":{"footnotes":""},"categories":[4],"tags":[],"class_list":["post-28907","post","type-post","status-publish","format-standard","has-post-thumbnail","hentry","category-agenda"],"_links":{"self":[{"href":"https:\/\/alianzanacional.com.uy\/web\/wp-json\/wp\/v2\/posts\/28907","targetHints":{"allow":["GET"]}}],"collection":[{"href":"https:\/\/alianzanacional.com.uy\/web\/wp-json\/wp\/v2\/posts"}],"about":[{"href":"https:\/\/alianzanacional.com.uy\/web\/wp-json\/wp\/v2\/types\/post"}],"author":[{"embeddable":true,"href":"https:\/\/alianzanacional.com.uy\/web\/wp-json\/wp\/v2\/users\/1"}],"replies":[{"embeddable":true,"href":"https:\/\/alianzanacional.com.uy\/web\/wp-json\/wp\/v2\/comments?post=28907"}],"version-history":[{"count":2,"href":"https:\/\/alianzanacional.com.uy\/web\/wp-json\/wp\/v2\/posts\/28907\/revisions"}],"predecessor-version":[{"id":28910,"href":"https:\/\/alianzanacional.com.uy\/web\/wp-json\/wp\/v2\/posts\/28907\/revisions\/28910"}],"wp:featuredmedia":[{"embeddable":true,"href":"https:\/\/alianzanacional.com.uy\/web\/wp-json\/wp\/v2\/media\/28908"}],"wp:attachment":[{"href":"https:\/\/alianzanacional.com.uy\/web\/wp-json\/wp\/v2\/media?parent=28907"}],"wp:term":[{"taxonomy":"category","embeddable":true,"href":"https:\/\/alianzanacional.com.uy\/web\/wp-json\/wp\/v2\/categories?post=28907"},{"taxonomy":"post_tag","embeddable":true,"href":"https:\/\/alianzanacional.com.uy\/web\/wp-json\/wp\/v2\/tags?post=28907"}],"curies":[{"name":"wp","href":"https:\/\/api.w.org\/{rel}","templated":true}]}}