{"id":28911,"date":"2016-09-07T17:30:20","date_gmt":"2016-09-07T20:30:20","guid":{"rendered":"http:\/\/alianzanacional.com.uy\/web\/?p=28911"},"modified":"2016-09-07T22:36:04","modified_gmt":"2016-09-08T01:36:04","slug":"novales-presento-proyecto-de-ley-para-designar-al-liceo-no-4-de-mercedes-como-profesor-manuel-santos-pirez","status":"publish","type":"post","link":"https:\/\/alianzanacional.com.uy\/web\/novales-presento-proyecto-de-ley-para-designar-al-liceo-no-4-de-mercedes-como-profesor-manuel-santos-pirez\/","title":{"rendered":"Novales present\u00f3 proyecto de Ley para designar al Liceo No. 4 de  Mercedes como \u201cProfesor Manuel Santos P\u00edrez\u201d"},"content":{"rendered":"<p><a href=\"https:\/\/alianzanacional.com.uy\/web\/wp-content\/uploads\/2009\/07\/maxresdefault.jpg\"><img fetchpriority=\"high\" decoding=\"async\" src=\"https:\/\/alianzanacional.com.uy\/web\/wp-content\/uploads\/2009\/07\/maxresdefault-700x394.jpg\" alt=\"maxresdefault\" width=\"620\" height=\"349\" class=\"alignnone size-large wp-image-27091\" srcset=\"https:\/\/alianzanacional.com.uy\/web\/wp-content\/uploads\/2009\/07\/maxresdefault-700x394.jpg 700w, https:\/\/alianzanacional.com.uy\/web\/wp-content\/uploads\/2009\/07\/maxresdefault-400x225.jpg 400w, https:\/\/alianzanacional.com.uy\/web\/wp-content\/uploads\/2009\/07\/maxresdefault.jpg 1280w\" sizes=\"(max-width: 620px) 100vw, 620px\" \/><\/a><\/p>\n<p>El Diputado del Partido Nacional, Gonzalo Novales, entiende que  la comunidad mercedaria, en reconocimiento a esta figura recientemente fallecida, reclama un justo, merecido y oportuno homenaje al Profesor Manuel Santos P\u00edrez, por su enorme aporte cultural, educativo y de investigaci\u00f3n.<\/p>\n<p>En tal sentido redact\u00f3 y present\u00f3 en la C\u00e1mara de Representantes el siguiente Proyecto de Ley:<\/p>\n<p>Art\u00edculo \u00danico: Des\u00edgnase con el nombre de \u201cProfesor Manuel Santos P\u00edrez\u201d al Liceo N\u00famero 4 de la ciudad de Mercedes, departamento de Soriano.<\/p>\n<p>Acompa\u00f1ando el referido Proyecto, el Diputado manej\u00f3 los siguientes motivos que impulsan y justifican la iniciativa:<\/p>\n<p>\u00abManuel Santos P\u00edrez\u2011 fue un profesor de historia de alt\u00edsimo nivel acad\u00e9mico, destacando sus investigaciones y aportes a nivel tanto nacional como internacional. Desde que ten\u00eda veintid\u00f3s a\u00f1os ejerc\u00eda la docencia con pasi\u00f3n; profesor de consulta permanente, siempre dispuesto, reconocido en todo el Pa\u00eds y tambi\u00e9n fuera de fronteras. Un estudioso e investigador generoso para compartir su conocimiento. <\/p>\n<p>Fue profesor de historia en varios liceos de Soriano y del Instituto Normal de Mercedes, Director de varios liceos del departamento de Soriano y un genealogista de alt\u00edsimo nivel, reconocido a nivel mundial.<\/p>\n<p>Con orgullo llevaba el t\u00edtulo de Acad\u00e9mico, de Profesor Em\u00e9rito de instituciones hist\u00f3ricas en el mundo que hab\u00edan tomado muchas de sus investigaciones; era una persona de consulta que se caracterizaba no solo por sus conocimientos, por su memoria, sino por su bonhom\u00eda, por su manera de ser, por tener siempre su casa, su biblioteca y sus conocimientos abiertos a todo el mundo. Bastaba que uno quisiera saber algo referido al pasado del Departamento, que se pon\u00eda en contacto con Manuel quien lo recib\u00eda con entusiasmo. Realmente, era una persona que sent\u00eda placer de ser \u00fatil a la sociedad.<\/p>\n<p>Fue Fundador del Centro Hist\u00f3rico y Geogr\u00e1fico de Mercedes e integrante permanente de la Asociaci\u00f3n Patri\u00f3tica de Soriano; en todo evento cultural en el departamento de Soriano estaba Manuel como protagonista o espectador. Era Miembro correspondiente de la Sociedad argentina de historiadores y de varios Institutos Geneal\u00f3gicos en Uruguay, Argentina y Brasil.<\/p>\n<p>Recogiendo el inter\u00e9s de muchos conciudadanos en homenajear a la figura de Manuel Santos P\u00edrez, es que presentamos este Proyecto de Ley que esperamos tenga un r\u00e1pido tratamiento. Darle su nombre al cuarto liceo, al nuevo centro de ense\u00f1anza media que est\u00e1 pr\u00f3ximo a inaugurarse y que la comunidad espera con ansias, parece un homenaje adecuado para mantener encendida la llama del trabajo en pos de la cultura, la historia, el presente y pasado de Soriano,  como fue uno de los ilustres y queridos ciudadanos, el Profesor Manuel Santos P\u00edrez.\u201d<\/p>\n","protected":false},"excerpt":{"rendered":"<p>El Diputado del Partido Nacional, Gonzalo Novales, entiende que la comunidad mercedaria, en reconocimiento a esta figura recientemente fallecida, reclama un justo, merecido y oportuno homenaje al Profesor Manuel Santos P\u00edrez, por su enorme aporte cultural, educativo y de investigaci\u00f3n. En tal sentido redact\u00f3 y present\u00f3 en la C\u00e1mara de Representantes el siguiente Proyecto de [&hellip;]<\/p>\n","protected":false},"author":1,"featured_media":27091,"comment_status":"open","ping_status":"open","sticky":false,"template":"","format":"standard","meta":{"footnotes":""},"categories":[232],"tags":[],"class_list":["post-28911","post","type-post","status-publish","format-standard","has-post-thumbnail","hentry","category-departamentales"],"_links":{"self":[{"href":"https:\/\/alianzanacional.com.uy\/web\/wp-json\/wp\/v2\/posts\/28911","targetHints":{"allow":["GET"]}}],"collection":[{"href":"https:\/\/alianzanacional.com.uy\/web\/wp-json\/wp\/v2\/posts"}],"about":[{"href":"https:\/\/alianzanacional.com.uy\/web\/wp-json\/wp\/v2\/types\/post"}],"author":[{"embeddable":true,"href":"https:\/\/alianzanacional.com.uy\/web\/wp-json\/wp\/v2\/users\/1"}],"replies":[{"embeddable":true,"href":"https:\/\/alianzanacional.com.uy\/web\/wp-json\/wp\/v2\/comments?post=28911"}],"version-history":[{"count":1,"href":"https:\/\/alianzanacional.com.uy\/web\/wp-json\/wp\/v2\/posts\/28911\/revisions"}],"predecessor-version":[{"id":28912,"href":"https:\/\/alianzanacional.com.uy\/web\/wp-json\/wp\/v2\/posts\/28911\/revisions\/28912"}],"wp:featuredmedia":[{"embeddable":true,"href":"https:\/\/alianzanacional.com.uy\/web\/wp-json\/wp\/v2\/media\/27091"}],"wp:attachment":[{"href":"https:\/\/alianzanacional.com.uy\/web\/wp-json\/wp\/v2\/media?parent=28911"}],"wp:term":[{"taxonomy":"category","embeddable":true,"href":"https:\/\/alianzanacional.com.uy\/web\/wp-json\/wp\/v2\/categories?post=28911"},{"taxonomy":"post_tag","embeddable":true,"href":"https:\/\/alianzanacional.com.uy\/web\/wp-json\/wp\/v2\/tags?post=28911"}],"curies":[{"name":"wp","href":"https:\/\/api.w.org\/{rel}","templated":true}]}}