{"id":28965,"date":"2016-09-21T10:00:36","date_gmt":"2016-09-21T13:00:36","guid":{"rendered":"http:\/\/alianzanacional.com.uy\/web\/?p=28965"},"modified":"2016-09-21T10:00:36","modified_gmt":"2016-09-21T13:00:36","slug":"rendicion-de-cuentas-de-la-im-edil-barrios-bove-en-2015-la-im-no-tenia-plata","status":"publish","type":"post","link":"https:\/\/alianzanacional.com.uy\/web\/rendicion-de-cuentas-de-la-im-edil-barrios-bove-en-2015-la-im-no-tenia-plata\/","title":{"rendered":"Rendici\u00f3n de Cuentas de la IM &#8211; Edil Barrios Bove: \u201cen 2015 la IM no ten\u00eda plata\u201d"},"content":{"rendered":"<p><a href=\"https:\/\/alianzanacional.com.uy\/web\/wp-content\/uploads\/2016\/09\/20160919_102456_.png\"><img fetchpriority=\"high\" decoding=\"async\" src=\"https:\/\/alianzanacional.com.uy\/web\/wp-content\/uploads\/2016\/09\/20160919_102456_-700x441.png\" alt=\"20160919_102456_\" width=\"620\" height=\"391\" class=\"alignnone size-large wp-image-28966\" srcset=\"https:\/\/alianzanacional.com.uy\/web\/wp-content\/uploads\/2016\/09\/20160919_102456_-700x441.png 700w, https:\/\/alianzanacional.com.uy\/web\/wp-content\/uploads\/2016\/09\/20160919_102456_-400x252.png 400w, https:\/\/alianzanacional.com.uy\/web\/wp-content\/uploads\/2016\/09\/20160919_102456_-768x484.png 768w, https:\/\/alianzanacional.com.uy\/web\/wp-content\/uploads\/2016\/09\/20160919_102456_.png 1714w\" sizes=\"(max-width: 620px) 100vw, 620px\" \/><\/a><\/p>\n<p>La Junta Departamental de la Montevideo, est\u00e1 discutiendo la Rendici\u00f3n de Cuentas 2015 y Modificaci\u00f3n Presupuestal 2017 remitido por la Intendencia de Montevideo (IM). El informe en minor\u00eda fue expresado por el Edil Javier Barrios Bove, que comenz\u00f3 diciendo que 2015 \u201cfue el a\u00f1o que nos enteramos p\u00fablicamente que la Intendencia no ten\u00eda plata, ni para pagar a proveedores y hacia malabares para pagar los salarios.\u201d <\/p>\n<p>Barrios Bove record\u00f3 que el propio Secretario General de la IM, Fernando Nopitsch, en declaraciones a la prensa manifest\u00f3 que cuando tomaron posesi\u00f3n del cargo \u00abno hab\u00eda caja\u00bb, y que \u201cvenimos arrastrando un a\u00f1o en el que estamos pr\u00e1cticamente en rojo.\u201d<\/p>\n<p>\u201cTan grave era la situaci\u00f3n econ\u00f3mica que se percataron las nuevas autoridades, que no solo se vieron urgidos de solicitar a esta Junta la anuencia de una l\u00ednea de cr\u00e9dito por aproximadamente unos 30 millones de d\u00f3lares, sino que hace poco nos enteramos, de boca del propio Intendente, que ni bien asumi\u00f3, le pronosticaron que de seguir como se ven\u00eda la mano, el d\u00e9ficit al terminar el a\u00f1o, o sea el 2015, superar\u00eda los 800 millones de pesos\u201d, explic\u00f3 el legislador departamental.<\/p>\n<p><strong>La pregunta del mill\u00f3n<\/strong><\/p>\n<p>\u201cLa pregunta del mill\u00f3n\u201d para Barrios es: \u201c\u00bfc\u00f3mo se pudo pasar de un d\u00e9ficit en 2014, de unos $ 67 millones, contra los $ 147 millones en rojo que cerr\u00f3 el 2015? \u00bfQu\u00e9 llev\u00f3 a que de un a\u00f1o para otro se duplicara el d\u00e9ficit?\u201d<\/p>\n<p>\u201cLos recortes se hicieron en la parte m\u00e1s sensible, donde el departamento tiene m\u00e1s rezago: en las inversiones. A ellas se destinaron 389 millones de pesos menos, un 13,5 % menos que en 2014 y aun as\u00ed se duplic\u00f3 el d\u00e9ficit.\u201d<\/p>\n<p>\u201cOtro rubro donde los recortes fueron millonarios, fue en las retribuciones personales, 226 millones menos si lo comparamos con el 2014. Esto deriv\u00f3 en menores servicios a la poblaci\u00f3n del departamento. Uno de los puntos donde impact\u00f3 fuertemente este recorte fue en la Limpieza, mediante la eliminaci\u00f3n de horas extras; y el programa que se encargaba de dejar en condiciones los alrededores de los contenedores desapareci\u00f3\u201d, argument\u00f3 Barrios.<\/p>\n<p><strong>La IM gast\u00f3 por sobre lo autorizado<\/strong><\/p>\n<p>Del estudio de la Rendici\u00f3n de Cuentas surge que \u201cla recaudaci\u00f3n fue menor en un 2,3 %, esto se suma a que la IM gast\u00f3 por sobre lo autorizado en $ 1.300 millones, y las inversiones cayeron casi un 11 %\u201d, indic\u00f3 el edil.<\/p>\n<p>Atento a este dato, Barrios sostiene que \u201clas inversiones parecen ser la variable de ajuste constante. O sea, menos limpieza, menos luminarias, menos mantenimiento, menos placitas, menos bacheo.\u201d<\/p>\n<p>\u201cEl d\u00e9ficit total del a\u00f1o a estudio fue de $ 325 millones, lo que supone un d\u00e9ficit acumulado de la Intendencia de Montevideo al 31 de diciembre de 2015 de $ 3.634 millones. Esto representa la cuarta parte de la recaudaci\u00f3n de un a\u00f1o\u201d, termin\u00f3 diciendo Barrios Bove en su informe en minor\u00eda.<\/p>\n","protected":false},"excerpt":{"rendered":"<p>La Junta Departamental de la Montevideo, est\u00e1 discutiendo la Rendici\u00f3n de Cuentas 2015 y Modificaci\u00f3n Presupuestal 2017 remitido por la Intendencia de Montevideo (IM). El informe en minor\u00eda fue expresado por el Edil Javier Barrios Bove, que comenz\u00f3 diciendo que 2015 \u201cfue el a\u00f1o que nos enteramos p\u00fablicamente que la Intendencia no ten\u00eda plata, ni [&hellip;]<\/p>\n","protected":false},"author":1,"featured_media":28966,"comment_status":"open","ping_status":"open","sticky":false,"template":"","format":"standard","meta":{"footnotes":""},"categories":[232],"tags":[],"class_list":["post-28965","post","type-post","status-publish","format-standard","has-post-thumbnail","hentry","category-departamentales"],"_links":{"self":[{"href":"https:\/\/alianzanacional.com.uy\/web\/wp-json\/wp\/v2\/posts\/28965","targetHints":{"allow":["GET"]}}],"collection":[{"href":"https:\/\/alianzanacional.com.uy\/web\/wp-json\/wp\/v2\/posts"}],"about":[{"href":"https:\/\/alianzanacional.com.uy\/web\/wp-json\/wp\/v2\/types\/post"}],"author":[{"embeddable":true,"href":"https:\/\/alianzanacional.com.uy\/web\/wp-json\/wp\/v2\/users\/1"}],"replies":[{"embeddable":true,"href":"https:\/\/alianzanacional.com.uy\/web\/wp-json\/wp\/v2\/comments?post=28965"}],"version-history":[{"count":1,"href":"https:\/\/alianzanacional.com.uy\/web\/wp-json\/wp\/v2\/posts\/28965\/revisions"}],"predecessor-version":[{"id":28967,"href":"https:\/\/alianzanacional.com.uy\/web\/wp-json\/wp\/v2\/posts\/28965\/revisions\/28967"}],"wp:featuredmedia":[{"embeddable":true,"href":"https:\/\/alianzanacional.com.uy\/web\/wp-json\/wp\/v2\/media\/28966"}],"wp:attachment":[{"href":"https:\/\/alianzanacional.com.uy\/web\/wp-json\/wp\/v2\/media?parent=28965"}],"wp:term":[{"taxonomy":"category","embeddable":true,"href":"https:\/\/alianzanacional.com.uy\/web\/wp-json\/wp\/v2\/categories?post=28965"},{"taxonomy":"post_tag","embeddable":true,"href":"https:\/\/alianzanacional.com.uy\/web\/wp-json\/wp\/v2\/tags?post=28965"}],"curies":[{"name":"wp","href":"https:\/\/api.w.org\/{rel}","templated":true}]}}