{"id":28976,"date":"2016-09-28T11:16:39","date_gmt":"2016-09-28T14:16:39","guid":{"rendered":"http:\/\/alianzanacional.com.uy\/web\/?p=28976"},"modified":"2016-09-28T11:22:41","modified_gmt":"2016-09-28T14:22:41","slug":"larranaga-en-el-municipio-d","status":"publish","type":"post","link":"https:\/\/alianzanacional.com.uy\/web\/larranaga-en-el-municipio-d\/","title":{"rendered":"Larra\u00f1aga en el Municipio D"},"content":{"rendered":"<p>Con la presencia del l\u00edder de Alianza Nacional, Jorge Larra\u00f1aga, la Agrupaci\u00f3n H\u00e9ctor Guti\u00e9rrez Ruiz (lista 250) del diputado Jorge Gandini realizar\u00e1 este <strong>mi\u00e9rcoles 28 de setiembre<\/strong> una reuni\u00f3n con vecinos en el Municipio D. <\/p>\n<p>Ser\u00e1 a partir de las <strong>19 horas<\/strong> en el <strong>Club Piedras Blancas<\/strong>, ubicado en Jos\u00e9 Belloni 4936 esquina Previsi\u00f3n.<\/p>\n<p><a href=\"https:\/\/alianzanacional.com.uy\/web\/wp-content\/uploads\/2016\/09\/unnamed-22.jpg\"><img fetchpriority=\"high\" decoding=\"async\" src=\"https:\/\/alianzanacional.com.uy\/web\/wp-content\/uploads\/2016\/09\/unnamed-22-700x417.jpg\" alt=\"unnamed-22\" width=\"620\" height=\"369\" class=\"alignnone size-large wp-image-28977\" srcset=\"https:\/\/alianzanacional.com.uy\/web\/wp-content\/uploads\/2016\/09\/unnamed-22-700x417.jpg 700w, https:\/\/alianzanacional.com.uy\/web\/wp-content\/uploads\/2016\/09\/unnamed-22-400x238.jpg 400w, https:\/\/alianzanacional.com.uy\/web\/wp-content\/uploads\/2016\/09\/unnamed-22-768x457.jpg 768w, https:\/\/alianzanacional.com.uy\/web\/wp-content\/uploads\/2016\/09\/unnamed-22.jpg 1280w\" sizes=\"(max-width: 620px) 100vw, 620px\" \/><\/a><\/p>\n","protected":false},"excerpt":{"rendered":"<p>Con la presencia del l\u00edder de Alianza Nacional, Jorge Larra\u00f1aga, la Agrupaci\u00f3n H\u00e9ctor Guti\u00e9rrez Ruiz (lista 250) del diputado Jorge Gandini realizar\u00e1 este mi\u00e9rcoles 28 de setiembre una reuni\u00f3n con vecinos en el Municipio D. Ser\u00e1 a partir de las 19 horas en el Club Piedras Blancas, ubicado en Jos\u00e9 Belloni 4936 esquina Previsi\u00f3n.<\/p>\n","protected":false},"author":1,"featured_media":28977,"comment_status":"open","ping_status":"open","sticky":false,"template":"","format":"standard","meta":{"footnotes":""},"categories":[4],"tags":[],"class_list":["post-28976","post","type-post","status-publish","format-standard","has-post-thumbnail","hentry","category-agenda"],"_links":{"self":[{"href":"https:\/\/alianzanacional.com.uy\/web\/wp-json\/wp\/v2\/posts\/28976","targetHints":{"allow":["GET"]}}],"collection":[{"href":"https:\/\/alianzanacional.com.uy\/web\/wp-json\/wp\/v2\/posts"}],"about":[{"href":"https:\/\/alianzanacional.com.uy\/web\/wp-json\/wp\/v2\/types\/post"}],"author":[{"embeddable":true,"href":"https:\/\/alianzanacional.com.uy\/web\/wp-json\/wp\/v2\/users\/1"}],"replies":[{"embeddable":true,"href":"https:\/\/alianzanacional.com.uy\/web\/wp-json\/wp\/v2\/comments?post=28976"}],"version-history":[{"count":1,"href":"https:\/\/alianzanacional.com.uy\/web\/wp-json\/wp\/v2\/posts\/28976\/revisions"}],"predecessor-version":[{"id":28978,"href":"https:\/\/alianzanacional.com.uy\/web\/wp-json\/wp\/v2\/posts\/28976\/revisions\/28978"}],"wp:featuredmedia":[{"embeddable":true,"href":"https:\/\/alianzanacional.com.uy\/web\/wp-json\/wp\/v2\/media\/28977"}],"wp:attachment":[{"href":"https:\/\/alianzanacional.com.uy\/web\/wp-json\/wp\/v2\/media?parent=28976"}],"wp:term":[{"taxonomy":"category","embeddable":true,"href":"https:\/\/alianzanacional.com.uy\/web\/wp-json\/wp\/v2\/categories?post=28976"},{"taxonomy":"post_tag","embeddable":true,"href":"https:\/\/alianzanacional.com.uy\/web\/wp-json\/wp\/v2\/tags?post=28976"}],"curies":[{"name":"wp","href":"https:\/\/api.w.org\/{rel}","templated":true}]}}