{"id":28995,"date":"2016-10-01T10:32:23","date_gmt":"2016-10-01T13:32:23","guid":{"rendered":"http:\/\/alianzanacional.com.uy\/web\/?p=28995"},"modified":"2016-10-01T10:32:23","modified_gmt":"2016-10-01T13:32:23","slug":"larranaga-en-barrio-conciliacion","status":"publish","type":"post","link":"https:\/\/alianzanacional.com.uy\/web\/larranaga-en-barrio-conciliacion\/","title":{"rendered":"Larra\u00f1aga en Barrio Conciliaci\u00f3n"},"content":{"rendered":"<p><a href=\"https:\/\/alianzanacional.com.uy\/web\/wp-content\/uploads\/2016\/10\/IMG_1746.jpg\"><img fetchpriority=\"high\" decoding=\"async\" src=\"https:\/\/alianzanacional.com.uy\/web\/wp-content\/uploads\/2016\/10\/IMG_1746-700x475.jpg\" alt=\"img_1746\" width=\"620\" height=\"421\" class=\"alignnone size-large wp-image-28996\" srcset=\"https:\/\/alianzanacional.com.uy\/web\/wp-content\/uploads\/2016\/10\/IMG_1746-700x475.jpg 700w, https:\/\/alianzanacional.com.uy\/web\/wp-content\/uploads\/2016\/10\/IMG_1746-400x271.jpg 400w, https:\/\/alianzanacional.com.uy\/web\/wp-content\/uploads\/2016\/10\/IMG_1746-768x521.jpg 768w, https:\/\/alianzanacional.com.uy\/web\/wp-content\/uploads\/2016\/10\/IMG_1746.jpg 1280w\" sizes=\"(max-width: 620px) 100vw, 620px\" \/><\/a><\/p>\n<p>Con la presencia del l\u00edder de Alianza Nacional, Jorge Larra\u00f1aga, la Agrupaci\u00f3n H\u00e9ctor Guti\u00e9rrez Ruiz (lista 250) del diputado Jorge Gandini realizar\u00e1 este martes 4 de octubre una reuni\u00f3n con vecinos en el Barrio Conciliaci\u00f3n. <\/p>\n<p>Ser\u00e1 a partir de las 19 horas en el Club Beco, ubicado en Nueva Era y Albeniz.<\/p>\n","protected":false},"excerpt":{"rendered":"<p>Con la presencia del l\u00edder de Alianza Nacional, Jorge Larra\u00f1aga, la Agrupaci\u00f3n H\u00e9ctor Guti\u00e9rrez Ruiz (lista 250) del diputado Jorge Gandini realizar\u00e1 este martes 4 de octubre una reuni\u00f3n con vecinos en el Barrio Conciliaci\u00f3n. Ser\u00e1 a partir de las 19 horas en el Club Beco, ubicado en Nueva Era y Albeniz.<\/p>\n","protected":false},"author":1,"featured_media":28996,"comment_status":"open","ping_status":"open","sticky":false,"template":"","format":"standard","meta":{"footnotes":""},"categories":[4],"tags":[],"class_list":["post-28995","post","type-post","status-publish","format-standard","has-post-thumbnail","hentry","category-agenda"],"_links":{"self":[{"href":"https:\/\/alianzanacional.com.uy\/web\/wp-json\/wp\/v2\/posts\/28995","targetHints":{"allow":["GET"]}}],"collection":[{"href":"https:\/\/alianzanacional.com.uy\/web\/wp-json\/wp\/v2\/posts"}],"about":[{"href":"https:\/\/alianzanacional.com.uy\/web\/wp-json\/wp\/v2\/types\/post"}],"author":[{"embeddable":true,"href":"https:\/\/alianzanacional.com.uy\/web\/wp-json\/wp\/v2\/users\/1"}],"replies":[{"embeddable":true,"href":"https:\/\/alianzanacional.com.uy\/web\/wp-json\/wp\/v2\/comments?post=28995"}],"version-history":[{"count":1,"href":"https:\/\/alianzanacional.com.uy\/web\/wp-json\/wp\/v2\/posts\/28995\/revisions"}],"predecessor-version":[{"id":28997,"href":"https:\/\/alianzanacional.com.uy\/web\/wp-json\/wp\/v2\/posts\/28995\/revisions\/28997"}],"wp:featuredmedia":[{"embeddable":true,"href":"https:\/\/alianzanacional.com.uy\/web\/wp-json\/wp\/v2\/media\/28996"}],"wp:attachment":[{"href":"https:\/\/alianzanacional.com.uy\/web\/wp-json\/wp\/v2\/media?parent=28995"}],"wp:term":[{"taxonomy":"category","embeddable":true,"href":"https:\/\/alianzanacional.com.uy\/web\/wp-json\/wp\/v2\/categories?post=28995"},{"taxonomy":"post_tag","embeddable":true,"href":"https:\/\/alianzanacional.com.uy\/web\/wp-json\/wp\/v2\/tags?post=28995"}],"curies":[{"name":"wp","href":"https:\/\/api.w.org\/{rel}","templated":true}]}}