{"id":29005,"date":"2016-10-06T12:43:28","date_gmt":"2016-10-06T15:43:28","guid":{"rendered":"http:\/\/alianzanacional.com.uy\/web\/?p=29005"},"modified":"2016-10-06T12:43:28","modified_gmt":"2016-10-06T15:43:28","slug":"ayala-presento-proyecto-para-crear-el-fondo-salto-grande-para-el-desarrollo","status":"publish","type":"post","link":"https:\/\/alianzanacional.com.uy\/web\/ayala-presento-proyecto-para-crear-el-fondo-salto-grande-para-el-desarrollo\/","title":{"rendered":"Ayala present\u00f3 proyecto para crear el \u201cFondo Salto Grande para el Desarrollo\u201d."},"content":{"rendered":"<p><a href=\"https:\/\/alianzanacional.com.uy\/web\/wp-content\/uploads\/2016\/05\/13161905_285130131818703_7911544831117321096_o.jpg\"><img fetchpriority=\"high\" decoding=\"async\" class=\"alignnone size-large wp-image-28422\" src=\"https:\/\/alianzanacional.com.uy\/web\/wp-content\/uploads\/2016\/05\/13161905_285130131818703_7911544831117321096_o-700x369.jpg\" alt=\"13161905_285130131818703_7911544831117321096_o\" width=\"620\" height=\"327\" srcset=\"https:\/\/alianzanacional.com.uy\/web\/wp-content\/uploads\/2016\/05\/13161905_285130131818703_7911544831117321096_o-700x369.jpg 700w, https:\/\/alianzanacional.com.uy\/web\/wp-content\/uploads\/2016\/05\/13161905_285130131818703_7911544831117321096_o-400x211.jpg 400w, https:\/\/alianzanacional.com.uy\/web\/wp-content\/uploads\/2016\/05\/13161905_285130131818703_7911544831117321096_o-768x405.jpg 768w, https:\/\/alianzanacional.com.uy\/web\/wp-content\/uploads\/2016\/05\/13161905_285130131818703_7911544831117321096_o.jpg 1892w\" sizes=\"(max-width: 620px) 100vw, 620px\" \/><\/a><\/p>\n<p>&nbsp;<\/p>\n<p>En la jornada de hoy, el diputado aliancista por Artigas, Mario Ayala, present\u00f3 un proyecto de ley mediante el cual se busca crear un \u201cFondo de Salto Grande\u201d. Con el mismo se busca gestionar proyectos sociales y de desarrollo regional.<\/p>\n<p>El Diputado de Alianza Nacional por Paysand\u00fa, Nicol\u00e1s Olivera es cofirmante del Proyecto.<\/p>\n<p>Seg\u00fan consigna el primer art\u00edculo del Proyecto, \u201cEl objetivo ser\u00e1 la promoci\u00f3n econ\u00f3mica y social del \u00e1rea de influencia de la Represa de Salto Grande, conformada por los departamentos de Artigas, Salto y Paysand\u00fa\u201d.<\/p>\n<p>Ayala en la exposici\u00f3n de motivos del citado proyecto indica que en el a\u00f1o 2000, legisladores del Frente Amplio presentaron en la C\u00e1mara de Representantes un proyecto de ley por el que se crear\u00eda \u201cel Fondo Salto Grande para el Desarrollo\u201d; entre los autores de la iniciativa estaban el hoy senador Ernesto Agazzi y el Vicepresidente de la Rep\u00fablica Ra\u00fal Sendic.<\/p>\n<p>Como antecedente directo de esa iniciativa, se reconoce el proyecto de ley que en diciembre de 1995 present\u00f3 el diputado por Artigas, Carlos dos Santos, junto a legisladores de los tres grandes partidos, el cual propon\u00eda la creaci\u00f3n del mismo fondo.<\/p>\n<p>Su objetivo era la ejecuci\u00f3n de planes de desarrollo rural y promoci\u00f3n econ\u00f3mico-social de la regi\u00f3n de influencia de la fuente hidroel\u00e9ctrica de Salto Grande correspondiente a los departamentos de Artigas, Salto y Paysand\u00fa.<\/p>\n<p>En el a\u00f1o 2008, el entonces diputado por Salto, Rodrigo Go\u00f1i Romero, actual Director de la Corporaci\u00f3n Nacional para el Desarrollo, present\u00f3 un proyecto similar al de los diputados frenteamplistas de ocho a\u00f1os antes.<\/p>\n<p>La exposici\u00f3n de motivos del proyecto presentado por el Frente Amplio en el a\u00f1o 2000 rezaba: \u201cla Represa de Salto Grande comenz\u00f3 a generar energ\u00eda en 1979 y lo ha hecho en forma ininterrumpida hasta hoy, demostrando en los hechos que esa forma de generaci\u00f3n energ\u00e9tica es la m\u00e1s limpia, barata, renovable y autofinanciable disponible\u201d.<\/p>\n<p>Agregaba: \u201cTambi\u00e9n ha provocado aguas arriba, inundaciones mayores a las previstas; no gener\u00f3 un polo de radicaci\u00f3n industrial, en la medida que nunca se ofrecieron ventajas comparativas en el costo energ\u00e9tico, por ejemplo, en raz\u00f3n de su cercan\u00eda a la fuente productiva.<\/p>\n<p>Cabe se\u00f1alar que rest\u00f3 a la zona de los tres departamentos del litoral noroeste miles de hect\u00e1reas de tierras, sin que las indemnizaciones a los propietarios privados, pasaran de ser una compensaci\u00f3n individual, pero nunca una indemnizaci\u00f3n regional.<\/p>\n<p>Es de relevancia se\u00f1alar que en el lado argentino, desde el comienzo mismo de la generaci\u00f3n, se recibieron por las Provincias de Misiones, Corrientes y Entre R\u00edos, aportes significativos.<\/p>\n<p>El proyecto del 2000 finalizaba aquella exposici\u00f3n de motivos afirmando \u201cqueda claro que este proyecto tiene fundamentaci\u00f3n, en especial una s\u00f3lida raz\u00f3n de equidad dentro del propio pa\u00eds y que la fijaci\u00f3n de objetivos definidos provocar\u00eda en esa regi\u00f3n, una transformaci\u00f3n revolucionaria, sin necesidad de crear nuevos impuestos ni pedir cr\u00e9ditos internacionales.<\/p>\n<p>Ayala culmina indicando que cita constantemente los motivos que llevaron a presentar aquel proyecto de ley del a\u00f1o 2000, por compartirlos en su totalidad. \u201cCompartimos in totum estos fundamentos y por tanto, la necesidad de sancionar una norma que cree un fondo de esta naturaleza; constituido en la forma que aquel proyecto plante\u00f3 y con la aplicaci\u00f3n que propon\u00eda\u201d.<\/p>\n<p>El segundo art\u00edculo del proyecto indica que los fondos ser\u00e1n aplicados a: obras de infraestructura destinadas a promover el desarrollo regional, erradicaci\u00f3n de viviendas en zonas inundables mediante la construcci\u00f3n de otras en terrenos no afectables por las crecidas, Programas urban\u00edsticos construidos en los espacios donde se hayan erradicado viviendas inundables, entre otros destinos de importancia como ser atender Emergencias Sociales o generar programas de cuidado medioambiental.<\/p>\n<p>El proyecto indica que \u201cel fondo se integrar\u00e1 con el 8% (ocho por ciento) del total anual facturado por la venta de energ\u00eda producida por la Represa de Salto Grande, correspondiente a la parte uruguaya de la usina binacional\u201d.<\/p>\n<p>En la jornada de ma\u00f1ana, los diputados aliancistas, Mario Ayala y Nicol\u00e1s Olivera, se reunir\u00e1n en Salto con el Intendente Municipal y el Presidente de la Junta Departamental para informar sobre el mencionado proyecto de ley. Lo mismo realizar\u00e1n en pocos d\u00edas, dirigi\u00e9ndose a Paysand\u00fa<\/p>\n<p>A continuaci\u00f3n transcribimos el proyecto de Ley presentado por el Diputado Mario Ayala.<\/p>\n<p style=\"text-align: center;\"><strong>PROYECTO DE LEY<\/strong><br \/>\n<strong> FONDO SALTO GRANDE PARA EL DESARROLLO<\/strong><\/p>\n<p>Art\u00edculo 1\u00ba.- Cr\u00e9ase el Fondo Salto Grande para el Desarrollo, cuyo objetivo ser\u00e1 la promoci\u00f3n econ\u00f3mica y social del \u00e1rea de influencia de la Represa de Salto Grande, conformada por los departamentos de Artigas, Salto y Paysand\u00fa.<\/p>\n<p>Art\u00edculo 2\u00ba.- Los recursos del fondo deber\u00e1n ser aplicados a:<\/p>\n<p>I. Obras p\u00fablicas de infraestructura destinadas a promover el desarrollo regional.<\/p>\n<p>II. Erradicaci\u00f3n de viviendas en zonas inundables mediante la construcci\u00f3n de otras en terrenos no afectables por las crecidas.<\/p>\n<p>III. Programas urban\u00edsticos construidos en los espacios donde se hayan erradicado viviendas inundables, para destinarlos a funciones de esparcimiento, recreaci\u00f3n y deporte.<\/p>\n<p>IV. Proyectos de implantaci\u00f3n y reconversi\u00f3n o desarrollo industriales, con prioridad para la manufactura de productos primarios propios de la zona.<\/p>\n<p>V. Construcci\u00f3n de sistemas de riego troncales, o perforaciones intrabas\u00e1lticas, en \u00e1reas de producci\u00f3n agr\u00edcola, en particular citricultura, hortifruticultura y lecher\u00eda, ubicados en el territorio de esos departamentos que permitan a emprendimientos p\u00fablicos o privados aprovechar el agua del embalse; construcci\u00f3n de embalses en zona bas\u00e1ltica elevada para reserva de agua.<\/p>\n<p>VI. Atender emergencias sociales, derivadas de las variantes de cotas, permanentes u ocasionales, provocadas por crecientes del r\u00edo Uruguay o los afluentes de su cuenca; por las operaciones de la represa o por sequ\u00edas.<\/p>\n<p>VII. Programas de protecci\u00f3n ambiental.<\/p>\n<p>VIII. Promoci\u00f3n de las peque\u00f1as y medianas empresas instaladas o a instalarse en la regi\u00f3n, con preferencia por aquellas que trabajen en nuevos sectores productivos y empleen mano de obra juvenil.<\/p>\n<p>IX. Apoyo a construcciones o equipamientos docentes p\u00fablicos.<\/p>\n<p>Art\u00edculo 3\u00ba.- El fondo se integrar\u00e1 con el 8% (ocho por ciento) del total anual facturado por la venta de energ\u00eda producida por la Represa de Salto Grande, correspondiente a la parte uruguaya de la usina binacional.<\/p>\n<p>Dicho monto se devengar\u00e1 por a\u00f1o civil a contar del a\u00f1o 2017 inclusive.<\/p>\n<p>Le corresponder\u00e1 a cada Departamento un 30% (treinta por ciento) de la suma anual. El restante 10% (diez por ciento) se verter\u00e1 a los recursos que dispone el Poder Ejecutivo para emergencias o crisis nacionales, cualquiera sea la zona a apoyar.<\/p>\n<p>Art\u00edculo 4\u00ba.- Los recursos adjudicados a cada departamento, deber\u00e1n ser depositados por el Ministerio de Econom\u00eda y Finanzas, en una cuenta especial que cada Intendencia Departamental tendr\u00e1 a su nombre en el Banco de la Rep\u00fablica Oriental del Uruguay, con la denominaci\u00f3n del fondo. Los recursos deber\u00e1n ser depositados antes del 28 de febrero del a\u00f1o siguiente a su generaci\u00f3n.<\/p>\n<p>Las Intendencias Departamentales no podr\u00e1n aplicar estos recursos para ning\u00fan otro destino no especificado en esta ley.<\/p>\n<p>Art\u00edculo 5\u00ba.- Cada Intendencia de los Departamentos indicados, deber\u00e1 planear y ejecutar sus programas en forma anual.<\/p>\n<p>A estos efectos los Intendentes deber\u00e1n remitir los planes anuales a las Juntas Departamentales respectivas, dentro de los treinta d\u00edas siguientes al dep\u00f3sito que efect\u00fae el Ministerio de Econom\u00eda y Finanzas.<\/p>\n<p>Las Juntas deber\u00e1n expedirse en treinta d\u00edas posteriores a su recepci\u00f3n, y si no lo hicieren, los Intendentes podr\u00e1n considerarlos como aprobados.<\/p>\n<p>Las partidas no ejecutadas en el a\u00f1o civil se habilitar\u00e1n para el a\u00f1o civil siguiente, con prioridad a las obras no concluidas. Si alguna partida quedara sin ejecuci\u00f3n podr\u00e1 ser incorporada al plan anual inmediato siguiente.<\/p>\n<p>Art\u00edculo 6\u00ba.- Los programas, proyectos y ejecuciones incluidos en estos planes deber\u00e1n respetar todas las normas nacionales o departamentales vigentes en cada obra o proyecto a realizarse.<\/p>\n<p>Les ser\u00e1n aplicables las normas de control estatal, en particular las previstas para el Tribunal de Cuentas. Cuando se entreguen a proyectos privados, se incluir\u00e1 la obligaci\u00f3n de rendici\u00f3n de cuentas a la Intendencia y el derecho de esta de inspecciones.<\/p>\n<p>Sin perjuicio de lo anterior, cada Intendencia deber\u00e1 remitir a la Asamblea General, un informe completo del uso del fondo, dentro de los ciento ochenta d\u00edas de finalizado cada ejercicio.<\/p>\n<p>Mario Ayala Barrios<br \/>\nRepresentante Nacional<\/p>\n<p>Nicolas Olivera<\/p>\n<p>Representante Nacional<\/p>\n","protected":false},"excerpt":{"rendered":"<p>&nbsp; En la jornada de hoy, el diputado aliancista por Artigas, Mario Ayala, present\u00f3 un proyecto de ley mediante el cual se busca crear un \u201cFondo de Salto Grande\u201d. Con el mismo se busca gestionar proyectos sociales y de desarrollo regional. El Diputado de Alianza Nacional por Paysand\u00fa, Nicol\u00e1s Olivera es cofirmante del Proyecto. Seg\u00fan [&hellip;]<\/p>\n","protected":false},"author":1,"featured_media":28422,"comment_status":"open","ping_status":"open","sticky":false,"template":"","format":"standard","meta":{"footnotes":""},"categories":[232],"tags":[],"class_list":["post-29005","post","type-post","status-publish","format-standard","has-post-thumbnail","hentry","category-departamentales"],"_links":{"self":[{"href":"https:\/\/alianzanacional.com.uy\/web\/wp-json\/wp\/v2\/posts\/29005","targetHints":{"allow":["GET"]}}],"collection":[{"href":"https:\/\/alianzanacional.com.uy\/web\/wp-json\/wp\/v2\/posts"}],"about":[{"href":"https:\/\/alianzanacional.com.uy\/web\/wp-json\/wp\/v2\/types\/post"}],"author":[{"embeddable":true,"href":"https:\/\/alianzanacional.com.uy\/web\/wp-json\/wp\/v2\/users\/1"}],"replies":[{"embeddable":true,"href":"https:\/\/alianzanacional.com.uy\/web\/wp-json\/wp\/v2\/comments?post=29005"}],"version-history":[{"count":1,"href":"https:\/\/alianzanacional.com.uy\/web\/wp-json\/wp\/v2\/posts\/29005\/revisions"}],"predecessor-version":[{"id":29006,"href":"https:\/\/alianzanacional.com.uy\/web\/wp-json\/wp\/v2\/posts\/29005\/revisions\/29006"}],"wp:featuredmedia":[{"embeddable":true,"href":"https:\/\/alianzanacional.com.uy\/web\/wp-json\/wp\/v2\/media\/28422"}],"wp:attachment":[{"href":"https:\/\/alianzanacional.com.uy\/web\/wp-json\/wp\/v2\/media?parent=29005"}],"wp:term":[{"taxonomy":"category","embeddable":true,"href":"https:\/\/alianzanacional.com.uy\/web\/wp-json\/wp\/v2\/categories?post=29005"},{"taxonomy":"post_tag","embeddable":true,"href":"https:\/\/alianzanacional.com.uy\/web\/wp-json\/wp\/v2\/tags?post=29005"}],"curies":[{"name":"wp","href":"https:\/\/api.w.org\/{rel}","templated":true}]}}