{"id":29012,"date":"2016-10-06T10:43:55","date_gmt":"2016-10-06T13:43:55","guid":{"rendered":"http:\/\/alianzanacional.com.uy\/web\/?p=29012"},"modified":"2016-10-06T12:46:11","modified_gmt":"2016-10-06T15:46:11","slug":"galeria-larranaga-junto-a-gandini-y-la-lista-250-en-conciliacion","status":"publish","type":"post","link":"https:\/\/alianzanacional.com.uy\/web\/galeria-larranaga-junto-a-gandini-y-la-lista-250-en-conciliacion\/","title":{"rendered":"GALER\u00cdA: Larra\u00f1aga junto a Gandini y la lista 250 en Conciliaci\u00f3n"},"content":{"rendered":"<div id='gallery-1' class='gallery galleryid-29012 gallery-columns-3 gallery-size-thumbnail'><figure class='gallery-item'>\n\t\t\t<div class='gallery-icon landscape'>\n\t\t\t\t<a href='https:\/\/alianzanacional.com.uy\/web\/galeria-larranaga-junto-a-gandini-y-la-lista-250-en-conciliacion\/conciliacion5\/'><img decoding=\"async\" width=\"150\" height=\"150\" src=\"https:\/\/alianzanacional.com.uy\/web\/wp-content\/uploads\/2016\/10\/conciliacion5-150x150.jpg\" class=\"attachment-thumbnail size-thumbnail\" alt=\"\" \/><\/a>\n\t\t\t<\/div><\/figure><figure class='gallery-item'>\n\t\t\t<div class='gallery-icon landscape'>\n\t\t\t\t<a href='https:\/\/alianzanacional.com.uy\/web\/galeria-larranaga-junto-a-gandini-y-la-lista-250-en-conciliacion\/conciliacion4\/'><img decoding=\"async\" width=\"150\" height=\"150\" src=\"https:\/\/alianzanacional.com.uy\/web\/wp-content\/uploads\/2016\/10\/conciliacion4-150x150.jpg\" class=\"attachment-thumbnail size-thumbnail\" alt=\"\" \/><\/a>\n\t\t\t<\/div><\/figure><figure class='gallery-item'>\n\t\t\t<div class='gallery-icon landscape'>\n\t\t\t\t<a href='https:\/\/alianzanacional.com.uy\/web\/galeria-larranaga-junto-a-gandini-y-la-lista-250-en-conciliacion\/conciliacion3\/'><img decoding=\"async\" width=\"150\" height=\"150\" src=\"https:\/\/alianzanacional.com.uy\/web\/wp-content\/uploads\/2016\/10\/conciliacion3-150x150.jpg\" class=\"attachment-thumbnail size-thumbnail\" alt=\"\" \/><\/a>\n\t\t\t<\/div><\/figure><figure class='gallery-item'>\n\t\t\t<div class='gallery-icon landscape'>\n\t\t\t\t<a href='https:\/\/alianzanacional.com.uy\/web\/galeria-larranaga-junto-a-gandini-y-la-lista-250-en-conciliacion\/conciliacion2\/'><img loading=\"lazy\" decoding=\"async\" width=\"150\" height=\"150\" src=\"https:\/\/alianzanacional.com.uy\/web\/wp-content\/uploads\/2016\/10\/conciliacion2-150x150.jpg\" class=\"attachment-thumbnail size-thumbnail\" alt=\"\" \/><\/a>\n\t\t\t<\/div><\/figure><figure class='gallery-item'>\n\t\t\t<div class='gallery-icon landscape'>\n\t\t\t\t<a href='https:\/\/alianzanacional.com.uy\/web\/galeria-larranaga-junto-a-gandini-y-la-lista-250-en-conciliacion\/conciliacion1\/'><img loading=\"lazy\" decoding=\"async\" width=\"150\" height=\"150\" src=\"https:\/\/alianzanacional.com.uy\/web\/wp-content\/uploads\/2016\/10\/conciliacion1-150x150.jpg\" class=\"attachment-thumbnail size-thumbnail\" alt=\"\" \/><\/a>\n\t\t\t<\/div><\/figure>\n\t\t<\/div>\n\n","protected":false},"excerpt":{"rendered":"","protected":false},"author":1,"featured_media":29016,"comment_status":"open","ping_status":"open","sticky":false,"template":"","format":"standard","meta":{"footnotes":""},"categories":[23],"tags":[],"class_list":["post-29012","post","type-post","status-publish","format-standard","has-post-thumbnail","hentry","category-fotos"],"_links":{"self":[{"href":"https:\/\/alianzanacional.com.uy\/web\/wp-json\/wp\/v2\/posts\/29012","targetHints":{"allow":["GET"]}}],"collection":[{"href":"https:\/\/alianzanacional.com.uy\/web\/wp-json\/wp\/v2\/posts"}],"about":[{"href":"https:\/\/alianzanacional.com.uy\/web\/wp-json\/wp\/v2\/types\/post"}],"author":[{"embeddable":true,"href":"https:\/\/alianzanacional.com.uy\/web\/wp-json\/wp\/v2\/users\/1"}],"replies":[{"embeddable":true,"href":"https:\/\/alianzanacional.com.uy\/web\/wp-json\/wp\/v2\/comments?post=29012"}],"version-history":[{"count":1,"href":"https:\/\/alianzanacional.com.uy\/web\/wp-json\/wp\/v2\/posts\/29012\/revisions"}],"predecessor-version":[{"id":29018,"href":"https:\/\/alianzanacional.com.uy\/web\/wp-json\/wp\/v2\/posts\/29012\/revisions\/29018"}],"wp:featuredmedia":[{"embeddable":true,"href":"https:\/\/alianzanacional.com.uy\/web\/wp-json\/wp\/v2\/media\/29016"}],"wp:attachment":[{"href":"https:\/\/alianzanacional.com.uy\/web\/wp-json\/wp\/v2\/media?parent=29012"}],"wp:term":[{"taxonomy":"category","embeddable":true,"href":"https:\/\/alianzanacional.com.uy\/web\/wp-json\/wp\/v2\/categories?post=29012"},{"taxonomy":"post_tag","embeddable":true,"href":"https:\/\/alianzanacional.com.uy\/web\/wp-json\/wp\/v2\/tags?post=29012"}],"curies":[{"name":"wp","href":"https:\/\/api.w.org\/{rel}","templated":true}]}}