{"id":29035,"date":"2016-10-14T12:49:52","date_gmt":"2016-10-14T15:49:52","guid":{"rendered":"http:\/\/alianzanacional.com.uy\/web\/?p=29035"},"modified":"2016-10-14T13:52:45","modified_gmt":"2016-10-14T16:52:45","slug":"galeria-180-anos-de-los-partidos-nacional-y-colorado","status":"publish","type":"post","link":"https:\/\/alianzanacional.com.uy\/web\/galeria-180-anos-de-los-partidos-nacional-y-colorado\/","title":{"rendered":"Galer\u00eda: 180 a\u00f1os de los Partidos Nacional y Colorado"},"content":{"rendered":"<p>Fotos de la conferencia organizada por la <strong>Fundaci\u00f3n para la Democracia Wilson Ferreira Aldunate<\/strong>, \u201c1836 &#8211; 2016: 180 A\u00d1OS DE LA FUNDACI\u00d3N DE LOS PARTIDOS POL\u00cdTICOS BLANCO Y COLORADO DEL URUGUAY. Su contribuci\u00f3n a la gestaci\u00f3n y consolidaci\u00f3n de la democracia del Uruguay\u201d, de la que participaron reconocidos historiadores como Marta Canesa, Carlos Demasi, Gerardo Caetano y Ana Ribeiro, y renombrados polit\u00f3logos y juristas como Rafael Pi\u00f1eiro, Adolfo Garc\u00e9, Mart\u00edn Risso y Romeo P\u00e9rez Ant\u00f3n, as\u00ed como el Presidente de la Fundaci\u00f3n, el Lic. Daniel Corbo. <\/p>\n<div id='gallery-1' class='gallery galleryid-29035 gallery-columns-3 gallery-size-thumbnail'><figure class='gallery-item'>\n\t\t\t<div class='gallery-icon landscape'>\n\t\t\t\t<a href='https:\/\/alianzanacional.com.uy\/web\/galeria-180-anos-de-los-partidos-nacional-y-colorado\/fwfa-017\/'><img decoding=\"async\" width=\"150\" height=\"150\" src=\"https:\/\/alianzanacional.com.uy\/web\/wp-content\/uploads\/2016\/10\/FWFA-017-150x150.jpg\" class=\"attachment-thumbnail size-thumbnail\" alt=\"\" \/><\/a>\n\t\t\t<\/div><\/figure><figure class='gallery-item'>\n\t\t\t<div class='gallery-icon landscape'>\n\t\t\t\t<a href='https:\/\/alianzanacional.com.uy\/web\/galeria-180-anos-de-los-partidos-nacional-y-colorado\/fwfa-020\/'><img decoding=\"async\" width=\"150\" height=\"150\" src=\"https:\/\/alianzanacional.com.uy\/web\/wp-content\/uploads\/2016\/10\/FWFA-020-150x150.jpg\" class=\"attachment-thumbnail size-thumbnail\" alt=\"\" \/><\/a>\n\t\t\t<\/div><\/figure><figure class='gallery-item'>\n\t\t\t<div class='gallery-icon landscape'>\n\t\t\t\t<a href='https:\/\/alianzanacional.com.uy\/web\/galeria-180-anos-de-los-partidos-nacional-y-colorado\/fwfa-031\/'><img decoding=\"async\" width=\"150\" height=\"150\" src=\"https:\/\/alianzanacional.com.uy\/web\/wp-content\/uploads\/2016\/10\/FWFA-031-150x150.jpg\" class=\"attachment-thumbnail size-thumbnail\" alt=\"\" \/><\/a>\n\t\t\t<\/div><\/figure><figure class='gallery-item'>\n\t\t\t<div class='gallery-icon landscape'>\n\t\t\t\t<a href='https:\/\/alianzanacional.com.uy\/web\/galeria-180-anos-de-los-partidos-nacional-y-colorado\/fwfa-015\/'><img loading=\"lazy\" decoding=\"async\" width=\"150\" height=\"150\" src=\"https:\/\/alianzanacional.com.uy\/web\/wp-content\/uploads\/2016\/10\/FWFA-015-150x150.jpg\" class=\"attachment-thumbnail size-thumbnail\" alt=\"\" \/><\/a>\n\t\t\t<\/div><\/figure><figure class='gallery-item'>\n\t\t\t<div class='gallery-icon landscape'>\n\t\t\t\t<a href='https:\/\/alianzanacional.com.uy\/web\/galeria-180-anos-de-los-partidos-nacional-y-colorado\/fwfa-036\/'><img loading=\"lazy\" decoding=\"async\" width=\"150\" height=\"150\" src=\"https:\/\/alianzanacional.com.uy\/web\/wp-content\/uploads\/2016\/10\/FWFA-036-150x150.jpg\" class=\"attachment-thumbnail size-thumbnail\" alt=\"\" \/><\/a>\n\t\t\t<\/div><\/figure><figure class='gallery-item'>\n\t\t\t<div class='gallery-icon landscape'>\n\t\t\t\t<a href='https:\/\/alianzanacional.com.uy\/web\/galeria-180-anos-de-los-partidos-nacional-y-colorado\/fwfa-039\/'><img loading=\"lazy\" decoding=\"async\" width=\"150\" height=\"150\" src=\"https:\/\/alianzanacional.com.uy\/web\/wp-content\/uploads\/2016\/10\/FWFA-039-150x150.jpg\" class=\"attachment-thumbnail size-thumbnail\" alt=\"\" \/><\/a>\n\t\t\t<\/div><\/figure><figure class='gallery-item'>\n\t\t\t<div class='gallery-icon landscape'>\n\t\t\t\t<a href='https:\/\/alianzanacional.com.uy\/web\/galeria-180-anos-de-los-partidos-nacional-y-colorado\/fwfa-046\/'><img loading=\"lazy\" decoding=\"async\" width=\"150\" height=\"150\" src=\"https:\/\/alianzanacional.com.uy\/web\/wp-content\/uploads\/2016\/10\/FWFA-046-150x150.jpg\" class=\"attachment-thumbnail size-thumbnail\" alt=\"\" \/><\/a>\n\t\t\t<\/div><\/figure><figure class='gallery-item'>\n\t\t\t<div class='gallery-icon landscape'>\n\t\t\t\t<a href='https:\/\/alianzanacional.com.uy\/web\/galeria-180-anos-de-los-partidos-nacional-y-colorado\/fwfa-048\/'><img loading=\"lazy\" decoding=\"async\" width=\"150\" height=\"150\" src=\"https:\/\/alianzanacional.com.uy\/web\/wp-content\/uploads\/2016\/10\/FWFA-048-150x150.jpg\" class=\"attachment-thumbnail size-thumbnail\" alt=\"\" \/><\/a>\n\t\t\t<\/div><\/figure><figure class='gallery-item'>\n\t\t\t<div class='gallery-icon landscape'>\n\t\t\t\t<a href='https:\/\/alianzanacional.com.uy\/web\/galeria-180-anos-de-los-partidos-nacional-y-colorado\/fwfa-053\/'><img loading=\"lazy\" decoding=\"async\" width=\"150\" height=\"150\" src=\"https:\/\/alianzanacional.com.uy\/web\/wp-content\/uploads\/2016\/10\/FWFA-053-150x150.jpg\" class=\"attachment-thumbnail size-thumbnail\" alt=\"\" \/><\/a>\n\t\t\t<\/div><\/figure><figure class='gallery-item'>\n\t\t\t<div class='gallery-icon landscape'>\n\t\t\t\t<a href='https:\/\/alianzanacional.com.uy\/web\/galeria-180-anos-de-los-partidos-nacional-y-colorado\/fwfa-054\/'><img loading=\"lazy\" decoding=\"async\" width=\"150\" height=\"150\" src=\"https:\/\/alianzanacional.com.uy\/web\/wp-content\/uploads\/2016\/10\/FWFA-054-150x150.jpg\" class=\"attachment-thumbnail size-thumbnail\" alt=\"\" \/><\/a>\n\t\t\t<\/div><\/figure><figure class='gallery-item'>\n\t\t\t<div class='gallery-icon landscape'>\n\t\t\t\t<a href='https:\/\/alianzanacional.com.uy\/web\/galeria-180-anos-de-los-partidos-nacional-y-colorado\/fwfa-060\/'><img loading=\"lazy\" decoding=\"async\" width=\"150\" height=\"150\" src=\"https:\/\/alianzanacional.com.uy\/web\/wp-content\/uploads\/2016\/10\/FWFA-060-150x150.jpg\" class=\"attachment-thumbnail size-thumbnail\" alt=\"\" \/><\/a>\n\t\t\t<\/div><\/figure><figure class='gallery-item'>\n\t\t\t<div class='gallery-icon landscape'>\n\t\t\t\t<a href='https:\/\/alianzanacional.com.uy\/web\/galeria-180-anos-de-los-partidos-nacional-y-colorado\/fwfa-066\/'><img loading=\"lazy\" decoding=\"async\" width=\"150\" height=\"150\" src=\"https:\/\/alianzanacional.com.uy\/web\/wp-content\/uploads\/2016\/10\/FWFA-066-150x150.jpg\" class=\"attachment-thumbnail size-thumbnail\" alt=\"\" \/><\/a>\n\t\t\t<\/div><\/figure><figure class='gallery-item'>\n\t\t\t<div class='gallery-icon landscape'>\n\t\t\t\t<a href='https:\/\/alianzanacional.com.uy\/web\/galeria-180-anos-de-los-partidos-nacional-y-colorado\/fwfa-068\/'><img loading=\"lazy\" decoding=\"async\" width=\"150\" height=\"150\" src=\"https:\/\/alianzanacional.com.uy\/web\/wp-content\/uploads\/2016\/10\/FWFA-068-150x150.jpg\" class=\"attachment-thumbnail size-thumbnail\" alt=\"\" \/><\/a>\n\t\t\t<\/div><\/figure><figure class='gallery-item'>\n\t\t\t<div class='gallery-icon landscape'>\n\t\t\t\t<a href='https:\/\/alianzanacional.com.uy\/web\/galeria-180-anos-de-los-partidos-nacional-y-colorado\/fwfa-069\/'><img loading=\"lazy\" decoding=\"async\" width=\"150\" height=\"150\" src=\"https:\/\/alianzanacional.com.uy\/web\/wp-content\/uploads\/2016\/10\/FWFA-069-150x150.jpg\" class=\"attachment-thumbnail size-thumbnail\" alt=\"\" \/><\/a>\n\t\t\t<\/div><\/figure><figure class='gallery-item'>\n\t\t\t<div class='gallery-icon landscape'>\n\t\t\t\t<a href='https:\/\/alianzanacional.com.uy\/web\/galeria-180-anos-de-los-partidos-nacional-y-colorado\/fwfa-072\/'><img loading=\"lazy\" decoding=\"async\" width=\"150\" height=\"150\" src=\"https:\/\/alianzanacional.com.uy\/web\/wp-content\/uploads\/2016\/10\/FWFA-072-150x150.jpg\" class=\"attachment-thumbnail size-thumbnail\" alt=\"\" \/><\/a>\n\t\t\t<\/div><\/figure><figure class='gallery-item'>\n\t\t\t<div class='gallery-icon landscape'>\n\t\t\t\t<a href='https:\/\/alianzanacional.com.uy\/web\/galeria-180-anos-de-los-partidos-nacional-y-colorado\/fwfa-074\/'><img loading=\"lazy\" decoding=\"async\" width=\"150\" height=\"150\" src=\"https:\/\/alianzanacional.com.uy\/web\/wp-content\/uploads\/2016\/10\/FWFA-074-150x150.jpg\" class=\"attachment-thumbnail size-thumbnail\" alt=\"\" \/><\/a>\n\t\t\t<\/div><\/figure><figure class='gallery-item'>\n\t\t\t<div class='gallery-icon landscape'>\n\t\t\t\t<a href='https:\/\/alianzanacional.com.uy\/web\/galeria-180-anos-de-los-partidos-nacional-y-colorado\/fwfa-076\/'><img loading=\"lazy\" decoding=\"async\" width=\"150\" height=\"150\" src=\"https:\/\/alianzanacional.com.uy\/web\/wp-content\/uploads\/2016\/10\/FWFA-076-150x150.jpg\" class=\"attachment-thumbnail size-thumbnail\" alt=\"\" \/><\/a>\n\t\t\t<\/div><\/figure><figure class='gallery-item'>\n\t\t\t<div class='gallery-icon landscape'>\n\t\t\t\t<a href='https:\/\/alianzanacional.com.uy\/web\/galeria-180-anos-de-los-partidos-nacional-y-colorado\/fwfa-078\/'><img loading=\"lazy\" decoding=\"async\" width=\"150\" height=\"150\" src=\"https:\/\/alianzanacional.com.uy\/web\/wp-content\/uploads\/2016\/10\/FWFA-078-150x150.jpg\" class=\"attachment-thumbnail size-thumbnail\" alt=\"\" \/><\/a>\n\t\t\t<\/div><\/figure><figure class='gallery-item'>\n\t\t\t<div class='gallery-icon landscape'>\n\t\t\t\t<a href='https:\/\/alianzanacional.com.uy\/web\/galeria-180-anos-de-los-partidos-nacional-y-colorado\/fwfa-088\/'><img loading=\"lazy\" decoding=\"async\" width=\"150\" height=\"150\" src=\"https:\/\/alianzanacional.com.uy\/web\/wp-content\/uploads\/2016\/10\/FWFA-088-150x150.jpg\" class=\"attachment-thumbnail size-thumbnail\" alt=\"\" \/><\/a>\n\t\t\t<\/div><\/figure><figure class='gallery-item'>\n\t\t\t<div class='gallery-icon landscape'>\n\t\t\t\t<a href='https:\/\/alianzanacional.com.uy\/web\/galeria-180-anos-de-los-partidos-nacional-y-colorado\/fwfa-095\/'><img loading=\"lazy\" decoding=\"async\" width=\"150\" height=\"150\" src=\"https:\/\/alianzanacional.com.uy\/web\/wp-content\/uploads\/2016\/10\/FWFA-095-150x150.jpg\" class=\"attachment-thumbnail size-thumbnail\" alt=\"\" \/><\/a>\n\t\t\t<\/div><\/figure><figure class='gallery-item'>\n\t\t\t<div class='gallery-icon landscape'>\n\t\t\t\t<a href='https:\/\/alianzanacional.com.uy\/web\/galeria-180-anos-de-los-partidos-nacional-y-colorado\/fwfa-098\/'><img loading=\"lazy\" decoding=\"async\" width=\"150\" height=\"150\" src=\"https:\/\/alianzanacional.com.uy\/web\/wp-content\/uploads\/2016\/10\/FWFA-098-150x150.jpg\" class=\"attachment-thumbnail size-thumbnail\" alt=\"\" \/><\/a>\n\t\t\t<\/div><\/figure><figure class='gallery-item'>\n\t\t\t<div class='gallery-icon landscape'>\n\t\t\t\t<a href='https:\/\/alianzanacional.com.uy\/web\/galeria-180-anos-de-los-partidos-nacional-y-colorado\/fwfa-100\/'><img loading=\"lazy\" decoding=\"async\" width=\"150\" height=\"150\" src=\"https:\/\/alianzanacional.com.uy\/web\/wp-content\/uploads\/2016\/10\/FWFA-100-150x150.jpg\" class=\"attachment-thumbnail size-thumbnail\" alt=\"\" \/><\/a>\n\t\t\t<\/div><\/figure><figure class='gallery-item'>\n\t\t\t<div class='gallery-icon landscape'>\n\t\t\t\t<a href='https:\/\/alianzanacional.com.uy\/web\/galeria-180-anos-de-los-partidos-nacional-y-colorado\/fwfa-110\/'><img loading=\"lazy\" decoding=\"async\" width=\"150\" height=\"150\" src=\"https:\/\/alianzanacional.com.uy\/web\/wp-content\/uploads\/2016\/10\/FWFA-110-150x150.jpg\" class=\"attachment-thumbnail size-thumbnail\" alt=\"\" \/><\/a>\n\t\t\t<\/div><\/figure><figure class='gallery-item'>\n\t\t\t<div class='gallery-icon landscape'>\n\t\t\t\t<a href='https:\/\/alianzanacional.com.uy\/web\/galeria-180-anos-de-los-partidos-nacional-y-colorado\/fwfa-116\/'><img loading=\"lazy\" decoding=\"async\" width=\"150\" height=\"150\" src=\"https:\/\/alianzanacional.com.uy\/web\/wp-content\/uploads\/2016\/10\/FWFA-116-150x150.jpg\" class=\"attachment-thumbnail size-thumbnail\" alt=\"\" \/><\/a>\n\t\t\t<\/div><\/figure><figure class='gallery-item'>\n\t\t\t<div class='gallery-icon landscape'>\n\t\t\t\t<a href='https:\/\/alianzanacional.com.uy\/web\/galeria-180-anos-de-los-partidos-nacional-y-colorado\/fwfa-118\/'><img loading=\"lazy\" decoding=\"async\" width=\"150\" height=\"150\" src=\"https:\/\/alianzanacional.com.uy\/web\/wp-content\/uploads\/2016\/10\/FWFA-118-150x150.jpg\" class=\"attachment-thumbnail size-thumbnail\" alt=\"\" \/><\/a>\n\t\t\t<\/div><\/figure><figure class='gallery-item'>\n\t\t\t<div class='gallery-icon landscape'>\n\t\t\t\t<a href='https:\/\/alianzanacional.com.uy\/web\/galeria-180-anos-de-los-partidos-nacional-y-colorado\/fwfa-119\/'><img loading=\"lazy\" decoding=\"async\" width=\"150\" height=\"150\" src=\"https:\/\/alianzanacional.com.uy\/web\/wp-content\/uploads\/2016\/10\/FWFA-119-150x150.jpg\" class=\"attachment-thumbnail size-thumbnail\" alt=\"\" \/><\/a>\n\t\t\t<\/div><\/figure><figure class='gallery-item'>\n\t\t\t<div class='gallery-icon landscape'>\n\t\t\t\t<a href='https:\/\/alianzanacional.com.uy\/web\/galeria-180-anos-de-los-partidos-nacional-y-colorado\/fwfa-140\/'><img loading=\"lazy\" decoding=\"async\" width=\"150\" height=\"150\" src=\"https:\/\/alianzanacional.com.uy\/web\/wp-content\/uploads\/2016\/10\/FWFA-140-150x150.jpg\" class=\"attachment-thumbnail size-thumbnail\" alt=\"\" \/><\/a>\n\t\t\t<\/div><\/figure><figure class='gallery-item'>\n\t\t\t<div class='gallery-icon landscape'>\n\t\t\t\t<a href='https:\/\/alianzanacional.com.uy\/web\/galeria-180-anos-de-los-partidos-nacional-y-colorado\/fwfa-144\/'><img loading=\"lazy\" decoding=\"async\" width=\"150\" height=\"150\" src=\"https:\/\/alianzanacional.com.uy\/web\/wp-content\/uploads\/2016\/10\/FWFA-144-150x150.jpg\" class=\"attachment-thumbnail size-thumbnail\" alt=\"\" \/><\/a>\n\t\t\t<\/div><\/figure><figure class='gallery-item'>\n\t\t\t<div class='gallery-icon landscape'>\n\t\t\t\t<a href='https:\/\/alianzanacional.com.uy\/web\/galeria-180-anos-de-los-partidos-nacional-y-colorado\/fwfa-145\/'><img loading=\"lazy\" decoding=\"async\" width=\"150\" height=\"150\" src=\"https:\/\/alianzanacional.com.uy\/web\/wp-content\/uploads\/2016\/10\/FWFA-145-150x150.jpg\" class=\"attachment-thumbnail size-thumbnail\" alt=\"\" \/><\/a>\n\t\t\t<\/div><\/figure><figure class='gallery-item'>\n\t\t\t<div class='gallery-icon landscape'>\n\t\t\t\t<a href='https:\/\/alianzanacional.com.uy\/web\/galeria-180-anos-de-los-partidos-nacional-y-colorado\/fwfa-150\/'><img loading=\"lazy\" decoding=\"async\" width=\"150\" height=\"150\" src=\"https:\/\/alianzanacional.com.uy\/web\/wp-content\/uploads\/2016\/10\/FWFA-150-150x150.jpg\" class=\"attachment-thumbnail size-thumbnail\" alt=\"\" \/><\/a>\n\t\t\t<\/div><\/figure><figure class='gallery-item'>\n\t\t\t<div class='gallery-icon landscape'>\n\t\t\t\t<a href='https:\/\/alianzanacional.com.uy\/web\/galeria-180-anos-de-los-partidos-nacional-y-colorado\/fwfa-151\/'><img loading=\"lazy\" decoding=\"async\" width=\"150\" height=\"150\" src=\"https:\/\/alianzanacional.com.uy\/web\/wp-content\/uploads\/2016\/10\/FWFA-151-150x150.jpg\" class=\"attachment-thumbnail size-thumbnail\" alt=\"\" \/><\/a>\n\t\t\t<\/div><\/figure><figure class='gallery-item'>\n\t\t\t<div class='gallery-icon landscape'>\n\t\t\t\t<a href='https:\/\/alianzanacional.com.uy\/web\/galeria-180-anos-de-los-partidos-nacional-y-colorado\/fwfa-154\/'><img loading=\"lazy\" decoding=\"async\" width=\"150\" height=\"150\" src=\"https:\/\/alianzanacional.com.uy\/web\/wp-content\/uploads\/2016\/10\/FWFA-154-150x150.jpg\" class=\"attachment-thumbnail size-thumbnail\" alt=\"\" \/><\/a>\n\t\t\t<\/div><\/figure><figure class='gallery-item'>\n\t\t\t<div class='gallery-icon landscape'>\n\t\t\t\t<a href='https:\/\/alianzanacional.com.uy\/web\/galeria-180-anos-de-los-partidos-nacional-y-colorado\/fwfa-163\/'><img loading=\"lazy\" decoding=\"async\" width=\"150\" height=\"150\" src=\"https:\/\/alianzanacional.com.uy\/web\/wp-content\/uploads\/2016\/10\/FWFA-163-150x150.jpg\" class=\"attachment-thumbnail size-thumbnail\" alt=\"\" \/><\/a>\n\t\t\t<\/div><\/figure><figure class='gallery-item'>\n\t\t\t<div class='gallery-icon landscape'>\n\t\t\t\t<a href='https:\/\/alianzanacional.com.uy\/web\/galeria-180-anos-de-los-partidos-nacional-y-colorado\/fwfa-165\/'><img loading=\"lazy\" decoding=\"async\" width=\"150\" height=\"150\" src=\"https:\/\/alianzanacional.com.uy\/web\/wp-content\/uploads\/2016\/10\/FWFA-165-150x150.jpg\" class=\"attachment-thumbnail size-thumbnail\" alt=\"\" \/><\/a>\n\t\t\t<\/div><\/figure><figure class='gallery-item'>\n\t\t\t<div class='gallery-icon landscape'>\n\t\t\t\t<a href='https:\/\/alianzanacional.com.uy\/web\/galeria-180-anos-de-los-partidos-nacional-y-colorado\/fwfa-168\/'><img loading=\"lazy\" decoding=\"async\" width=\"150\" height=\"150\" src=\"https:\/\/alianzanacional.com.uy\/web\/wp-content\/uploads\/2016\/10\/FWFA-168-150x150.jpg\" class=\"attachment-thumbnail size-thumbnail\" alt=\"\" \/><\/a>\n\t\t\t<\/div><\/figure><figure class='gallery-item'>\n\t\t\t<div class='gallery-icon landscape'>\n\t\t\t\t<a href='https:\/\/alianzanacional.com.uy\/web\/galeria-180-anos-de-los-partidos-nacional-y-colorado\/fwfa-169\/'><img loading=\"lazy\" decoding=\"async\" width=\"150\" height=\"150\" src=\"https:\/\/alianzanacional.com.uy\/web\/wp-content\/uploads\/2016\/10\/FWFA-169-150x150.jpg\" class=\"attachment-thumbnail size-thumbnail\" alt=\"\" \/><\/a>\n\t\t\t<\/div><\/figure><figure class='gallery-item'>\n\t\t\t<div class='gallery-icon landscape'>\n\t\t\t\t<a href='https:\/\/alianzanacional.com.uy\/web\/galeria-180-anos-de-los-partidos-nacional-y-colorado\/fwfa-171\/'><img loading=\"lazy\" decoding=\"async\" width=\"150\" height=\"150\" src=\"https:\/\/alianzanacional.com.uy\/web\/wp-content\/uploads\/2016\/10\/FWFA-171-150x150.jpg\" class=\"attachment-thumbnail size-thumbnail\" alt=\"\" \/><\/a>\n\t\t\t<\/div><\/figure><figure class='gallery-item'>\n\t\t\t<div class='gallery-icon landscape'>\n\t\t\t\t<a href='https:\/\/alianzanacional.com.uy\/web\/galeria-180-anos-de-los-partidos-nacional-y-colorado\/fwfa-173\/'><img loading=\"lazy\" decoding=\"async\" width=\"150\" height=\"150\" src=\"https:\/\/alianzanacional.com.uy\/web\/wp-content\/uploads\/2016\/10\/FWFA-173-150x150.jpg\" class=\"attachment-thumbnail size-thumbnail\" alt=\"\" \/><\/a>\n\t\t\t<\/div><\/figure><figure class='gallery-item'>\n\t\t\t<div class='gallery-icon landscape'>\n\t\t\t\t<a href='https:\/\/alianzanacional.com.uy\/web\/galeria-180-anos-de-los-partidos-nacional-y-colorado\/fwfa-176\/'><img loading=\"lazy\" decoding=\"async\" width=\"150\" height=\"150\" src=\"https:\/\/alianzanacional.com.uy\/web\/wp-content\/uploads\/2016\/10\/FWFA-176-150x150.jpg\" class=\"attachment-thumbnail size-thumbnail\" alt=\"\" \/><\/a>\n\t\t\t<\/div><\/figure><figure class='gallery-item'>\n\t\t\t<div class='gallery-icon landscape'>\n\t\t\t\t<a href='https:\/\/alianzanacional.com.uy\/web\/galeria-180-anos-de-los-partidos-nacional-y-colorado\/fwfa-178\/'><img loading=\"lazy\" decoding=\"async\" width=\"150\" height=\"150\" src=\"https:\/\/alianzanacional.com.uy\/web\/wp-content\/uploads\/2016\/10\/FWFA-178-150x150.jpg\" class=\"attachment-thumbnail size-thumbnail\" alt=\"\" \/><\/a>\n\t\t\t<\/div><\/figure><figure class='gallery-item'>\n\t\t\t<div class='gallery-icon landscape'>\n\t\t\t\t<a href='https:\/\/alianzanacional.com.uy\/web\/galeria-180-anos-de-los-partidos-nacional-y-colorado\/fwfa-182\/'><img loading=\"lazy\" decoding=\"async\" width=\"150\" height=\"150\" src=\"https:\/\/alianzanacional.com.uy\/web\/wp-content\/uploads\/2016\/10\/FWFA-182-150x150.jpg\" class=\"attachment-thumbnail size-thumbnail\" alt=\"\" \/><\/a>\n\t\t\t<\/div><\/figure>\n\t\t<\/div>\n\n","protected":false},"excerpt":{"rendered":"<p>Fotos de la conferencia organizada por la Fundaci\u00f3n para la Democracia Wilson Ferreira Aldunate, \u201c1836 &#8211; 2016: 180 A\u00d1OS DE LA FUNDACI\u00d3N DE LOS PARTIDOS POL\u00cdTICOS BLANCO Y COLORADO DEL URUGUAY. Su contribuci\u00f3n a la gestaci\u00f3n y consolidaci\u00f3n de la democracia del Uruguay\u201d, de la que participaron reconocidos historiadores como Marta Canesa, Carlos Demasi, Gerardo [&hellip;]<\/p>\n","protected":false},"author":1,"featured_media":29068,"comment_status":"open","ping_status":"open","sticky":false,"template":"","format":"standard","meta":{"footnotes":""},"categories":[23],"tags":[],"class_list":["post-29035","post","type-post","status-publish","format-standard","has-post-thumbnail","hentry","category-fotos"],"_links":{"self":[{"href":"https:\/\/alianzanacional.com.uy\/web\/wp-json\/wp\/v2\/posts\/29035","targetHints":{"allow":["GET"]}}],"collection":[{"href":"https:\/\/alianzanacional.com.uy\/web\/wp-json\/wp\/v2\/posts"}],"about":[{"href":"https:\/\/alianzanacional.com.uy\/web\/wp-json\/wp\/v2\/types\/post"}],"author":[{"embeddable":true,"href":"https:\/\/alianzanacional.com.uy\/web\/wp-json\/wp\/v2\/users\/1"}],"replies":[{"embeddable":true,"href":"https:\/\/alianzanacional.com.uy\/web\/wp-json\/wp\/v2\/comments?post=29035"}],"version-history":[{"count":2,"href":"https:\/\/alianzanacional.com.uy\/web\/wp-json\/wp\/v2\/posts\/29035\/revisions"}],"predecessor-version":[{"id":29078,"href":"https:\/\/alianzanacional.com.uy\/web\/wp-json\/wp\/v2\/posts\/29035\/revisions\/29078"}],"wp:featuredmedia":[{"embeddable":true,"href":"https:\/\/alianzanacional.com.uy\/web\/wp-json\/wp\/v2\/media\/29068"}],"wp:attachment":[{"href":"https:\/\/alianzanacional.com.uy\/web\/wp-json\/wp\/v2\/media?parent=29035"}],"wp:term":[{"taxonomy":"category","embeddable":true,"href":"https:\/\/alianzanacional.com.uy\/web\/wp-json\/wp\/v2\/categories?post=29035"},{"taxonomy":"post_tag","embeddable":true,"href":"https:\/\/alianzanacional.com.uy\/web\/wp-json\/wp\/v2\/tags?post=29035"}],"curies":[{"name":"wp","href":"https:\/\/api.w.org\/{rel}","templated":true}]}}