{"id":29095,"date":"2016-10-19T14:32:13","date_gmt":"2016-10-19T17:32:13","guid":{"rendered":"http:\/\/alianzanacional.com.uy\/web\/?p=29095"},"modified":"2016-10-19T14:32:13","modified_gmt":"2016-10-19T17:32:13","slug":"multitudinaria-charla-de-roselli-y-gandini-en-rosario","status":"publish","type":"post","link":"https:\/\/alianzanacional.com.uy\/web\/multitudinaria-charla-de-roselli-y-gandini-en-rosario\/","title":{"rendered":"Multitudinaria charla de Roselli y Gandini en Rosario"},"content":{"rendered":"<p><a href=\"https:\/\/alianzanacional.com.uy\/web\/wp-content\/uploads\/2016\/10\/5dea34_ac89ced380754798864144bcfdf2b5ad-mv2_d_4253_2838_s_4_2.jpg\"><img fetchpriority=\"high\" decoding=\"async\" src=\"https:\/\/alianzanacional.com.uy\/web\/wp-content\/uploads\/2016\/10\/5dea34_ac89ced380754798864144bcfdf2b5ad-mv2_d_4253_2838_s_4_2.jpg\" alt=\"5dea34_ac89ced380754798864144bcfdf2b5ad-mv2_d_4253_2838_s_4_2\" width=\"623\" height=\"416\" class=\"alignnone size-full wp-image-29100\" srcset=\"https:\/\/alianzanacional.com.uy\/web\/wp-content\/uploads\/2016\/10\/5dea34_ac89ced380754798864144bcfdf2b5ad-mv2_d_4253_2838_s_4_2.jpg 623w, https:\/\/alianzanacional.com.uy\/web\/wp-content\/uploads\/2016\/10\/5dea34_ac89ced380754798864144bcfdf2b5ad-mv2_d_4253_2838_s_4_2-400x267.jpg 400w\" sizes=\"(max-width: 623px) 100vw, 623px\" \/><\/a><\/p>\n<p>Junto al diputado Jorge Gandini, el diputado por Colonia, Edmundo Roselli realiz\u00f3, el viernes 14 de octubre en el Club Social de la ciudad de Rosario, una reuni\u00f3n con vecinos y varios dirigentes del Partido Nacional como Richard C\u00e1ceres, los alcaldes Daniel Dibot y Mar\u00eda de Lima, los ediles H\u00e9ctor Curuchet, Jorge Aquino, y Alejandro Fioroni, \u00abdemostrando una vez m\u00e1s la unificaci\u00f3n del Partido Nacional en la permanente b\u00fasqueda de lo mejor para el departamento y el pa\u00eds\u00bb, seg\u00fan palabras del diputado Roselli.<\/p>\n<p>\u00abSe present\u00f3 una conversaci\u00f3n de ida y vuelta, intercambiando, escuchando las preguntas e inquietudes de los vecinos, que de hecho se mostraron muy entusiasmados y activos. Una vez m\u00e1s consideramos que fue una reuni\u00f3n m\u00e1s que exitosa. Queremos agradecer todos los vecinos de la zona y a los medios que acompa\u00f1aron en tal n\u00famero que hicieron que nos quedara chica la sala\u00bb, expres\u00f3 en su <a href=\"http:\/\/www.edmundoroselli.com.uy\/single-post\/2016\/10\/15\/Multitudinaria-charla-con-Gandini-en-Rosario\">p\u00e1gina web<\/a>. <\/p>\n<div id='gallery-1' class='gallery galleryid-29095 gallery-columns-3 gallery-size-thumbnail'><figure class='gallery-item'>\n\t\t\t<div class='gallery-icon landscape'>\n\t\t\t\t<a href='https:\/\/alianzanacional.com.uy\/web\/multitudinaria-charla-de-roselli-y-gandini-en-rosario\/5dea34_cf12a65c723e42729f1004e787d56a55-mv2_d_3652_2583_s_4_2\/'><img decoding=\"async\" width=\"150\" height=\"150\" src=\"https:\/\/alianzanacional.com.uy\/web\/wp-content\/uploads\/2016\/10\/5dea34_cf12a65c723e42729f1004e787d56a55-mv2_d_3652_2583_s_4_2-150x150.jpg\" class=\"attachment-thumbnail size-thumbnail\" alt=\"\" \/><\/a>\n\t\t\t<\/div><\/figure><figure class='gallery-item'>\n\t\t\t<div class='gallery-icon landscape'>\n\t\t\t\t<a href='https:\/\/alianzanacional.com.uy\/web\/multitudinaria-charla-de-roselli-y-gandini-en-rosario\/5dea34_ac89ced380754798864144bcfdf2b5ad-mv2_d_4253_2838_s_4_2\/'><img decoding=\"async\" width=\"150\" height=\"150\" src=\"https:\/\/alianzanacional.com.uy\/web\/wp-content\/uploads\/2016\/10\/5dea34_ac89ced380754798864144bcfdf2b5ad-mv2_d_4253_2838_s_4_2-150x150.jpg\" class=\"attachment-thumbnail size-thumbnail\" alt=\"\" \/><\/a>\n\t\t\t<\/div><\/figure><figure class='gallery-item'>\n\t\t\t<div class='gallery-icon landscape'>\n\t\t\t\t<a href='https:\/\/alianzanacional.com.uy\/web\/multitudinaria-charla-de-roselli-y-gandini-en-rosario\/5dea34_d328b3f67adc4d219d25750fbc380fe3-mv2_d_4200_2670_s_4_2\/'><img loading=\"lazy\" decoding=\"async\" width=\"150\" height=\"150\" src=\"https:\/\/alianzanacional.com.uy\/web\/wp-content\/uploads\/2016\/10\/5dea34_d328b3f67adc4d219d25750fbc380fe3-mv2_d_4200_2670_s_4_2-150x150.jpg\" class=\"attachment-thumbnail size-thumbnail\" alt=\"\" \/><\/a>\n\t\t\t<\/div><\/figure><figure class='gallery-item'>\n\t\t\t<div class='gallery-icon landscape'>\n\t\t\t\t<a href='https:\/\/alianzanacional.com.uy\/web\/multitudinaria-charla-de-roselli-y-gandini-en-rosario\/5dea34_9d3e880dce314005bc8878ca84e83dab-mv2_d_4394_2932_s_4_2\/'><img loading=\"lazy\" decoding=\"async\" width=\"150\" height=\"150\" src=\"https:\/\/alianzanacional.com.uy\/web\/wp-content\/uploads\/2016\/10\/5dea34_9d3e880dce314005bc8878ca84e83dab-mv2_d_4394_2932_s_4_2-150x150.jpg\" class=\"attachment-thumbnail size-thumbnail\" alt=\"\" \/><\/a>\n\t\t\t<\/div><\/figure><figure class='gallery-item'>\n\t\t\t<div class='gallery-icon landscape'>\n\t\t\t\t<a href='https:\/\/alianzanacional.com.uy\/web\/multitudinaria-charla-de-roselli-y-gandini-en-rosario\/5dea34_1dc8f9644edb46d7a607137f9bcc7d1f-mv2_d_4496_3000_s_4_2\/'><img loading=\"lazy\" decoding=\"async\" width=\"150\" height=\"150\" src=\"https:\/\/alianzanacional.com.uy\/web\/wp-content\/uploads\/2016\/10\/5dea34_1dc8f9644edb46d7a607137f9bcc7d1f-mv2_d_4496_3000_s_4_2-150x150.jpg\" class=\"attachment-thumbnail size-thumbnail\" alt=\"\" \/><\/a>\n\t\t\t<\/div><\/figure><figure class='gallery-item'>\n\t\t\t<div class='gallery-icon landscape'>\n\t\t\t\t<a href='https:\/\/alianzanacional.com.uy\/web\/multitudinaria-charla-de-roselli-y-gandini-en-rosario\/5dea34_18750a58844440cda3ed2618f71091d2-mv2_d_4139_2762_s_4_2\/'><img loading=\"lazy\" decoding=\"async\" width=\"150\" height=\"150\" src=\"https:\/\/alianzanacional.com.uy\/web\/wp-content\/uploads\/2016\/10\/5dea34_18750a58844440cda3ed2618f71091d2-mv2_d_4139_2762_s_4_2-150x150.jpg\" class=\"attachment-thumbnail size-thumbnail\" alt=\"\" \/><\/a>\n\t\t\t<\/div><\/figure>\n\t\t<\/div>\n\n","protected":false},"excerpt":{"rendered":"<p>Junto al diputado Jorge Gandini, el diputado por Colonia, Edmundo Roselli realiz\u00f3, el viernes 14 de octubre en el Club Social de la ciudad de Rosario, una reuni\u00f3n con vecinos y varios dirigentes del Partido Nacional como Richard C\u00e1ceres, los alcaldes Daniel Dibot y Mar\u00eda de Lima, los ediles H\u00e9ctor Curuchet, Jorge Aquino, y Alejandro [&hellip;]<\/p>\n","protected":false},"author":1,"featured_media":29100,"comment_status":"open","ping_status":"open","sticky":false,"template":"","format":"standard","meta":{"footnotes":""},"categories":[232],"tags":[],"class_list":["post-29095","post","type-post","status-publish","format-standard","has-post-thumbnail","hentry","category-departamentales"],"_links":{"self":[{"href":"https:\/\/alianzanacional.com.uy\/web\/wp-json\/wp\/v2\/posts\/29095","targetHints":{"allow":["GET"]}}],"collection":[{"href":"https:\/\/alianzanacional.com.uy\/web\/wp-json\/wp\/v2\/posts"}],"about":[{"href":"https:\/\/alianzanacional.com.uy\/web\/wp-json\/wp\/v2\/types\/post"}],"author":[{"embeddable":true,"href":"https:\/\/alianzanacional.com.uy\/web\/wp-json\/wp\/v2\/users\/1"}],"replies":[{"embeddable":true,"href":"https:\/\/alianzanacional.com.uy\/web\/wp-json\/wp\/v2\/comments?post=29095"}],"version-history":[{"count":1,"href":"https:\/\/alianzanacional.com.uy\/web\/wp-json\/wp\/v2\/posts\/29095\/revisions"}],"predecessor-version":[{"id":29111,"href":"https:\/\/alianzanacional.com.uy\/web\/wp-json\/wp\/v2\/posts\/29095\/revisions\/29111"}],"wp:featuredmedia":[{"embeddable":true,"href":"https:\/\/alianzanacional.com.uy\/web\/wp-json\/wp\/v2\/media\/29100"}],"wp:attachment":[{"href":"https:\/\/alianzanacional.com.uy\/web\/wp-json\/wp\/v2\/media?parent=29095"}],"wp:term":[{"taxonomy":"category","embeddable":true,"href":"https:\/\/alianzanacional.com.uy\/web\/wp-json\/wp\/v2\/categories?post=29095"},{"taxonomy":"post_tag","embeddable":true,"href":"https:\/\/alianzanacional.com.uy\/web\/wp-json\/wp\/v2\/tags?post=29095"}],"curies":[{"name":"wp","href":"https:\/\/api.w.org\/{rel}","templated":true}]}}