{"id":29116,"date":"2016-10-22T12:01:30","date_gmt":"2016-10-22T15:01:30","guid":{"rendered":"http:\/\/alianzanacional.com.uy\/web\/?p=29116"},"modified":"2016-10-22T12:01:30","modified_gmt":"2016-10-22T15:01:30","slug":"barrios-bove-martinez-le-vuelve-a-errar-con-el-boleto-juan-pueblo-va-a-pagar-mas","status":"publish","type":"post","link":"https:\/\/alianzanacional.com.uy\/web\/barrios-bove-martinez-le-vuelve-a-errar-con-el-boleto-juan-pueblo-va-a-pagar-mas\/","title":{"rendered":"Barrios Bove: \u00abMart\u00ednez le vuelve a errar con el boleto, Juan Pueblo va a pagar m\u00e1s\u00bb"},"content":{"rendered":"<p><a href=\"https:\/\/alianzanacional.com.uy\/web\/wp-content\/uploads\/2015\/07\/DSC00476.jpg\"><img fetchpriority=\"high\" decoding=\"async\" src=\"https:\/\/alianzanacional.com.uy\/web\/wp-content\/uploads\/2015\/07\/DSC00476-700x394.jpg\" alt=\"DSC00476\" width=\"620\" height=\"349\" class=\"alignnone size-large wp-image-26319\" srcset=\"https:\/\/alianzanacional.com.uy\/web\/wp-content\/uploads\/2015\/07\/DSC00476-700x394.jpg 700w, https:\/\/alianzanacional.com.uy\/web\/wp-content\/uploads\/2015\/07\/DSC00476-400x225.jpg 400w, https:\/\/alianzanacional.com.uy\/web\/wp-content\/uploads\/2015\/07\/DSC00476-212x120.jpg 212w\" sizes=\"(max-width: 620px) 100vw, 620px\" \/><\/a><\/p>\n<p>Ante el anuncio del Intendente de Montevideo, Daniel Mart\u00ednez, de que el 13 de noviembre subir\u00e1 el precio del boleto; el Edil Javier Barrios Bove indic\u00f3 que \u00abel Intendente nuevamente se equivoca en sus decisiones, si lo que pretende es estimular el uso de la tarjeta STM, debi\u00f3 anunciar un descuento para los usuarios de la misma y no un aumento para los que sigan pagando en efectivo. O sea, mantener el precio del boleto en $28, y para aquellos que lo adquirieran v\u00eda STM, el valor del mismo fuera de $25, por ejemplo.\u00bb<\/p>\n<p>La preocupaci\u00f3n del legislador departamental nacionalista radica en que \u00abeste aumento va a golpear en los m\u00e1s humildes, en los trabajadores de menores recursos, aquellos que cerca de fin de mes cuentan las monedas para poder tomar un \u00f3mnibus, y cuando no tienen, caminan. No me imagino al jornalero o al que hace \u201cchangas\u201d, el que vive al d\u00eda, teniendo que ir a la agencia de cobranza a recargar de a dos boletos. Ese, justamente el m\u00e1s necesitado, va a ser el que pague 30 o hasta 33 pesos como anuncia el Intendente.\u00bb<\/p>\n<p>\u00abCreemos que es una medida impopular. En un gobierno que se dice progresista, se ataca a los trabajadores que ganan menos\u00bb, agreg\u00f3.<\/p>\n<p>Barrios ha manifestado que recargar la tarjeta STM debe ser igual de f\u00e1cil que recargar el celular. \u00abEstamos de acuerdo con el uso de la STM, estamos de acuerdo con la masificaci\u00f3n de puntos de recarga, y entendemos que se debe fomentar su uso como forma de retirar el efectivo de los \u00f3mnibus, pero se ha errado el camino\u00bb, expres\u00f3.<\/p>\n<p>Seg\u00fan entiende el Edil, los anuncios de Mart\u00ednez tienen otro trasfondo. \u00abEl 13 de noviembre la comuna va a realizar el aumento del boleto que debi\u00f3 hacer en los primeros d\u00edas de setiembre y no hizo. En esa fecha ajustaban los laudos de los salarios de los obreros del transporte urbano, pero no se ajust\u00f3 la tarifa. En setiembre Mart\u00ednez no estaba dispuesto a pagar el costo pol\u00edtico de un tercer aumento de $2 en su administraci\u00f3n, por eso lo difiri\u00f3 para el momento de la supuesta masificaci\u00f3n de la STM.\u00bb<\/p>\n<p>\u00abLa realidad es que mientras se masifica el uso de la STM, los montevideanos vamos a pagar el boleto m\u00e1s caro\u00bb, recalc\u00f3.<\/p>\n","protected":false},"excerpt":{"rendered":"<p>Ante el anuncio del Intendente de Montevideo, Daniel Mart\u00ednez, de que el 13 de noviembre subir\u00e1 el precio del boleto; el Edil Javier Barrios Bove indic\u00f3 que \u00abel Intendente nuevamente se equivoca en sus decisiones, si lo que pretende es estimular el uso de la tarjeta STM, debi\u00f3 anunciar un descuento para los usuarios de [&hellip;]<\/p>\n","protected":false},"author":1,"featured_media":26319,"comment_status":"open","ping_status":"open","sticky":false,"template":"","format":"standard","meta":{"footnotes":""},"categories":[232],"tags":[],"class_list":["post-29116","post","type-post","status-publish","format-standard","has-post-thumbnail","hentry","category-departamentales"],"_links":{"self":[{"href":"https:\/\/alianzanacional.com.uy\/web\/wp-json\/wp\/v2\/posts\/29116","targetHints":{"allow":["GET"]}}],"collection":[{"href":"https:\/\/alianzanacional.com.uy\/web\/wp-json\/wp\/v2\/posts"}],"about":[{"href":"https:\/\/alianzanacional.com.uy\/web\/wp-json\/wp\/v2\/types\/post"}],"author":[{"embeddable":true,"href":"https:\/\/alianzanacional.com.uy\/web\/wp-json\/wp\/v2\/users\/1"}],"replies":[{"embeddable":true,"href":"https:\/\/alianzanacional.com.uy\/web\/wp-json\/wp\/v2\/comments?post=29116"}],"version-history":[{"count":1,"href":"https:\/\/alianzanacional.com.uy\/web\/wp-json\/wp\/v2\/posts\/29116\/revisions"}],"predecessor-version":[{"id":29117,"href":"https:\/\/alianzanacional.com.uy\/web\/wp-json\/wp\/v2\/posts\/29116\/revisions\/29117"}],"wp:featuredmedia":[{"embeddable":true,"href":"https:\/\/alianzanacional.com.uy\/web\/wp-json\/wp\/v2\/media\/26319"}],"wp:attachment":[{"href":"https:\/\/alianzanacional.com.uy\/web\/wp-json\/wp\/v2\/media?parent=29116"}],"wp:term":[{"taxonomy":"category","embeddable":true,"href":"https:\/\/alianzanacional.com.uy\/web\/wp-json\/wp\/v2\/categories?post=29116"},{"taxonomy":"post_tag","embeddable":true,"href":"https:\/\/alianzanacional.com.uy\/web\/wp-json\/wp\/v2\/tags?post=29116"}],"curies":[{"name":"wp","href":"https:\/\/api.w.org\/{rel}","templated":true}]}}