{"id":29130,"date":"2016-10-24T18:48:02","date_gmt":"2016-10-24T21:48:02","guid":{"rendered":"http:\/\/alianzanacional.com.uy\/web\/?p=29130"},"modified":"2016-10-24T18:48:02","modified_gmt":"2016-10-24T21:48:02","slug":"larranaga-en-actividad-hablemos-de-educacion","status":"publish","type":"post","link":"https:\/\/alianzanacional.com.uy\/web\/larranaga-en-actividad-hablemos-de-educacion\/","title":{"rendered":"Larra\u00f1aga en actividad \u00abHablemos de Educaci\u00f3n\u00bb"},"content":{"rendered":"<p><a href=\"https:\/\/alianzanacional.com.uy\/web\/wp-content\/uploads\/2016\/10\/unnamed-24.jpg\"><img fetchpriority=\"high\" decoding=\"async\" src=\"https:\/\/alianzanacional.com.uy\/web\/wp-content\/uploads\/2016\/10\/unnamed-24-700x700.jpg\" alt=\"unnamed-24\" width=\"620\" height=\"620\" class=\"alignnone size-large wp-image-29131\" srcset=\"https:\/\/alianzanacional.com.uy\/web\/wp-content\/uploads\/2016\/10\/unnamed-24-700x700.jpg 700w, https:\/\/alianzanacional.com.uy\/web\/wp-content\/uploads\/2016\/10\/unnamed-24-150x150.jpg 150w, https:\/\/alianzanacional.com.uy\/web\/wp-content\/uploads\/2016\/10\/unnamed-24-300x300.jpg 300w, https:\/\/alianzanacional.com.uy\/web\/wp-content\/uploads\/2016\/10\/unnamed-24-768x768.jpg 768w, https:\/\/alianzanacional.com.uy\/web\/wp-content\/uploads\/2016\/10\/unnamed-24.jpg 1000w\" sizes=\"(max-width: 620px) 100vw, 620px\" \/><\/a><\/p>\n<p><em>Reenviamos invitaci\u00f3n<\/em><\/p>\n<p>Con la presencia del senador y l\u00edder de Alianza Nacional, Jorge Larra\u00f1aga, la agrupaci\u00f3n \u201cCompromiso con el Cambio\u201d de la senadora Ver\u00f3nica Alonso realizar\u00e1 el pr\u00f3ximo mi\u00e9rcoles 26 de octubre una actividad denominada \u201cHablemos de Educaci\u00f3n\u201d. <\/p>\n<p>Har\u00e1n uso de la palabra Larra\u00f1aga, Alonso , el diputado (s) por Montevideo Ignacio Estrada y el Dr. Guillermo Fossati. <\/p>\n<p>Ser\u00e1 a las 19 horas en el Hotel Lafayette, ubicado en Soriano 1170 (Montevideo)<\/p>\n","protected":false},"excerpt":{"rendered":"<p>Reenviamos invitaci\u00f3n Con la presencia del senador y l\u00edder de Alianza Nacional, Jorge Larra\u00f1aga, la agrupaci\u00f3n \u201cCompromiso con el Cambio\u201d de la senadora Ver\u00f3nica Alonso realizar\u00e1 el pr\u00f3ximo mi\u00e9rcoles 26 de octubre una actividad denominada \u201cHablemos de Educaci\u00f3n\u201d. Har\u00e1n uso de la palabra Larra\u00f1aga, Alonso , el diputado (s) por Montevideo Ignacio Estrada y el [&hellip;]<\/p>\n","protected":false},"author":1,"featured_media":29131,"comment_status":"open","ping_status":"open","sticky":false,"template":"","format":"standard","meta":{"footnotes":""},"categories":[4],"tags":[],"class_list":["post-29130","post","type-post","status-publish","format-standard","has-post-thumbnail","hentry","category-agenda"],"_links":{"self":[{"href":"https:\/\/alianzanacional.com.uy\/web\/wp-json\/wp\/v2\/posts\/29130","targetHints":{"allow":["GET"]}}],"collection":[{"href":"https:\/\/alianzanacional.com.uy\/web\/wp-json\/wp\/v2\/posts"}],"about":[{"href":"https:\/\/alianzanacional.com.uy\/web\/wp-json\/wp\/v2\/types\/post"}],"author":[{"embeddable":true,"href":"https:\/\/alianzanacional.com.uy\/web\/wp-json\/wp\/v2\/users\/1"}],"replies":[{"embeddable":true,"href":"https:\/\/alianzanacional.com.uy\/web\/wp-json\/wp\/v2\/comments?post=29130"}],"version-history":[{"count":1,"href":"https:\/\/alianzanacional.com.uy\/web\/wp-json\/wp\/v2\/posts\/29130\/revisions"}],"predecessor-version":[{"id":29140,"href":"https:\/\/alianzanacional.com.uy\/web\/wp-json\/wp\/v2\/posts\/29130\/revisions\/29140"}],"wp:featuredmedia":[{"embeddable":true,"href":"https:\/\/alianzanacional.com.uy\/web\/wp-json\/wp\/v2\/media\/29131"}],"wp:attachment":[{"href":"https:\/\/alianzanacional.com.uy\/web\/wp-json\/wp\/v2\/media?parent=29130"}],"wp:term":[{"taxonomy":"category","embeddable":true,"href":"https:\/\/alianzanacional.com.uy\/web\/wp-json\/wp\/v2\/categories?post=29130"},{"taxonomy":"post_tag","embeddable":true,"href":"https:\/\/alianzanacional.com.uy\/web\/wp-json\/wp\/v2\/tags?post=29130"}],"curies":[{"name":"wp","href":"https:\/\/api.w.org\/{rel}","templated":true}]}}