{"id":29161,"date":"2016-10-31T12:01:55","date_gmt":"2016-10-31T15:01:55","guid":{"rendered":"http:\/\/alianzanacional.com.uy\/web\/?p=29161"},"modified":"2016-10-31T12:01:55","modified_gmt":"2016-10-31T15:01:55","slug":"arrieta-se-refirio-al-cerema-y-acuso-de-politizar-la-situacion","status":"publish","type":"post","link":"https:\/\/alianzanacional.com.uy\/web\/arrieta-se-refirio-al-cerema-y-acuso-de-politizar-la-situacion\/","title":{"rendered":"Arrieta se refiri\u00f3 al CEREMA y acus\u00f3 de politizar la situaci\u00f3n"},"content":{"rendered":"<p><a href=\"https:\/\/alianzanacional.com.uy\/web\/wp-content\/uploads\/2016\/05\/17.06.15-.-E.-Arrieta.jpg\"><img fetchpriority=\"high\" decoding=\"async\" src=\"https:\/\/alianzanacional.com.uy\/web\/wp-content\/uploads\/2016\/05\/17.06.15-.-E.-Arrieta-700x393.jpg\" alt=\"17.06.15-.-E.-Arrieta\" width=\"620\" height=\"348\" class=\"alignnone size-large wp-image-28549\" srcset=\"https:\/\/alianzanacional.com.uy\/web\/wp-content\/uploads\/2016\/05\/17.06.15-.-E.-Arrieta-700x393.jpg 700w, https:\/\/alianzanacional.com.uy\/web\/wp-content\/uploads\/2016\/05\/17.06.15-.-E.-Arrieta-400x225.jpg 400w, https:\/\/alianzanacional.com.uy\/web\/wp-content\/uploads\/2016\/05\/17.06.15-.-E.-Arrieta-768x432.jpg 768w, https:\/\/alianzanacional.com.uy\/web\/wp-content\/uploads\/2016\/05\/17.06.15-.-E.-Arrieta.jpg 1107w\" sizes=\"(max-width: 620px) 100vw, 620px\" \/><\/a><\/p>\n<p>La diputada aliancista por Maldonado, Elisabeth Arrieta, se refiri\u00f3 a la situaci\u00f3n que atraviesa la Cl\u00ednica CEREMA, e indic\u00f3 que el actual diputado De los Santos busca politizar la situaci\u00f3n.<\/p>\n<p>Expres\u00f3 que tanto ASSE, Salud P\u00fablica, Econom\u00eda y Finanzas, y el Mides coinciden con el punto de vista de la Intendencia de Maldonado sobre el problema de Cerema, manifest\u00f3 Arrieta en entrevista con FM GENTE.<\/p>\n<p><strong>POLITIZADO<\/strong><\/p>\n<p>Del mismo modo subray\u00f3 que el ex intendente y actual diputado por el Frente Amplio, Oscar de los Santos, politiza con la situaci\u00f3n de CEREMA. Y lo acus\u00f3 de querer usar ese tema contra el actual intendente, Enrique Ant\u00eda.<\/p>\n<p>Las diputada nacionalista \u00abreclam\u00f3 que se deje de jugar con la salud de los usuarios\u00bb, tal cual lo consigna el medio local fernandino.<\/p>\n<p>Arrieta explic\u00f3 que Cerema es una cl\u00ednica privada e independiente, e indic\u00f3 que pase a esto, la Intendencia de Maldonado colabora con 800 mil pesos mensuales, desglosados entre unos 300 mil en efectivo para pago de sueldos y unos 500 mil en otros rubros.<\/p>\n<p>Del mismo modo indic\u00f3 que, tal como hab\u00eda adelantado la directora de PRONADIS, este organismo quiere una auditor\u00eda de CEREMA.<\/p>\n<p>La diputada nacionalista subray\u00f3: \u201cConseguimos que la Presidente de ASSE, la doctora Susana Mu\u00f1iz diga s\u00ed, es verdad, esto hay que contemplarlo, hay que trabajar en este sentido; conseguimos que el Ministro de Salud P\u00fablica, Jorge Basso, diga que tendr\u00edamos que incluir a CEREMA dentro del Sistema Nacional de Salud para poder hacer convenios con ellos de otra manera.<\/p>\n<p>Conseguimos que ayer el Mides con la se\u00f1ora Begonia Grau quien dirige Pronadis (Programa Nacional de Discapacidad) diga yo quiero ver los n\u00fameros de Cerema y quiero ver c\u00f3mo funciona y quiero ver una auditor\u00eda en Cerema\u201d.<\/p>\n<p>Arrieta indic\u00f3 que el diputado De los Santos fue invitado a cada reuni\u00f3n que se hizo desde julio del a\u00f1o pasado, durante la transici\u00f3n, para enfrentar el problema Cerema todos los diputados de Maldonado juntos, y siempre respondi\u00f3 que no iba a participar.<\/p>\n<p><strong>DE LOS SANTOS<\/strong><\/p>\n<p>Arrieta acot\u00f3 que la situaci\u00f3n actual de CEREMA se arrastra de tiempo atr\u00e1s, e indic\u00f3 que ya en el a\u00f1o 2010, De los Santos, en su funci\u00f3n de intendente  se reun\u00eda con Cerema para analizar la necesidad de pedirle a ASSE la participaci\u00f3n con un convenio\u201d<\/p>\n<p><strong>EN CONJUNTO<\/strong><\/p>\n<p> Arrieta expres\u00f3 que el a\u00f1o pasado ante este tema, invitaron a los diputados para \u201cpelear todos juntos con la camiseta de Maldonado\u201d, y agreg\u00f3 que estuvieron el diputado Cardoso del Partido Colorado, el diputado Heriberto Sosa del Partido Independiente, el diputado Dar\u00edo P\u00e9rez del Frente Amplio, el diputado Carlos P\u00e9rez de la Unidad Popular, y el diputado Nelson Rodr\u00edguez, mientra que el \u00fanico ausente fue el diputado De los Santos.<br \/>\nLa diputada por Maldonado indic\u00f3 que habl\u00f3 personalmente con el mismo, y que este indic\u00f3 que no iba a participar, que no le interesaba, que \u00e9l tiene otra visi\u00f3n de este tema.<\/p>\n<p><strong>\u201cDEJEMOS DE JUGAR CON LA SALUD DE LA GENTE\u201d<\/strong><\/p>\n<p>Arrieta mostr\u00f3 documentaci\u00f3n de que la intendencia est\u00e1 al d\u00eda en los aportes mensuales a Cerema, y document\u00f3 que de las contrapartidas que Cerema hab\u00eda prometido prestarle a la intendencia mediante asistencia gratis para los pacientes m\u00e1s necesitados, s\u00f3lo se cubri\u00f3 el caso de una chica. Afirm\u00f3 que Cerema es la que decide a qui\u00e9n acepta y a qui\u00e9n no, y no el intendente.<\/p>\n<p>Sostuvo que a nivel nacional en Cerema m\u00e1s de la mitad de los pacientes son de ASSE; la otra es el ministerio de Salud P\u00fablica incluyendo en el Sistema Nacional de Salud; la otra es el ministerio de Econom\u00eda y Finanzas habilit\u00e1ndole a las empresas que puedan descontar del IRAE los apoyos econ\u00f3micos; y la otra es el Mides que ayer dio el compromiso de Pronadis de que va a trabajar fuertemente en eso\u201d.<\/p>\n<p>Arrieta culmin\u00f3 indicando que hay que dejar de politizar el tema. Agreg\u00f3 que \u201cno lo merecen los pacientes y las personas que viven situaciones tan graves como para tener que requerir a tales servicios, porque Cerema es un centro de alta complejidad, no es cualquier persona, cualquier accidente, son problemas muy graves, dejemos de jugar con la salud de la gente\u201d.<\/p>\n","protected":false},"excerpt":{"rendered":"<p>La diputada aliancista por Maldonado, Elisabeth Arrieta, se refiri\u00f3 a la situaci\u00f3n que atraviesa la Cl\u00ednica CEREMA, e indic\u00f3 que el actual diputado De los Santos busca politizar la situaci\u00f3n. Expres\u00f3 que tanto ASSE, Salud P\u00fablica, Econom\u00eda y Finanzas, y el Mides coinciden con el punto de vista de la Intendencia de Maldonado sobre el [&hellip;]<\/p>\n","protected":false},"author":1,"featured_media":28549,"comment_status":"open","ping_status":"open","sticky":false,"template":"","format":"standard","meta":{"footnotes":""},"categories":[232],"tags":[],"class_list":["post-29161","post","type-post","status-publish","format-standard","has-post-thumbnail","hentry","category-departamentales"],"_links":{"self":[{"href":"https:\/\/alianzanacional.com.uy\/web\/wp-json\/wp\/v2\/posts\/29161","targetHints":{"allow":["GET"]}}],"collection":[{"href":"https:\/\/alianzanacional.com.uy\/web\/wp-json\/wp\/v2\/posts"}],"about":[{"href":"https:\/\/alianzanacional.com.uy\/web\/wp-json\/wp\/v2\/types\/post"}],"author":[{"embeddable":true,"href":"https:\/\/alianzanacional.com.uy\/web\/wp-json\/wp\/v2\/users\/1"}],"replies":[{"embeddable":true,"href":"https:\/\/alianzanacional.com.uy\/web\/wp-json\/wp\/v2\/comments?post=29161"}],"version-history":[{"count":1,"href":"https:\/\/alianzanacional.com.uy\/web\/wp-json\/wp\/v2\/posts\/29161\/revisions"}],"predecessor-version":[{"id":29162,"href":"https:\/\/alianzanacional.com.uy\/web\/wp-json\/wp\/v2\/posts\/29161\/revisions\/29162"}],"wp:featuredmedia":[{"embeddable":true,"href":"https:\/\/alianzanacional.com.uy\/web\/wp-json\/wp\/v2\/media\/28549"}],"wp:attachment":[{"href":"https:\/\/alianzanacional.com.uy\/web\/wp-json\/wp\/v2\/media?parent=29161"}],"wp:term":[{"taxonomy":"category","embeddable":true,"href":"https:\/\/alianzanacional.com.uy\/web\/wp-json\/wp\/v2\/categories?post=29161"},{"taxonomy":"post_tag","embeddable":true,"href":"https:\/\/alianzanacional.com.uy\/web\/wp-json\/wp\/v2\/tags?post=29161"}],"curies":[{"name":"wp","href":"https:\/\/api.w.org\/{rel}","templated":true}]}}