{"id":29184,"date":"2016-11-02T11:23:27","date_gmt":"2016-11-02T14:23:27","guid":{"rendered":"http:\/\/alianzanacional.com.uy\/web\/?p=29184"},"modified":"2016-11-02T11:23:27","modified_gmt":"2016-11-02T14:23:27","slug":"arrieta-envia-carta-a-vazquez-solicitando-apoyo-urgente-del-gobierno-por-grave-situacion-en-maldonado","status":"publish","type":"post","link":"https:\/\/alianzanacional.com.uy\/web\/arrieta-envia-carta-a-vazquez-solicitando-apoyo-urgente-del-gobierno-por-grave-situacion-en-maldonado\/","title":{"rendered":"Arrieta env\u00eda carta a V\u00e1zquez solicitando apoyo urgente del gobierno por grave situaci\u00f3n en Maldonado"},"content":{"rendered":"<p><em><a href=\"https:\/\/alianzanacional.com.uy\/web\/wp-content\/uploads\/2016\/11\/Elisabeth_Arrieta-2-1.jpg\"><img fetchpriority=\"high\" decoding=\"async\" class=\"alignnone size-large wp-image-29185\" src=\"https:\/\/alianzanacional.com.uy\/web\/wp-content\/uploads\/2016\/11\/Elisabeth_Arrieta-2-1-700x467.jpg\" alt=\"elisabeth_arrieta-2-1\" width=\"620\" height=\"414\" srcset=\"https:\/\/alianzanacional.com.uy\/web\/wp-content\/uploads\/2016\/11\/Elisabeth_Arrieta-2-1-700x467.jpg 700w, https:\/\/alianzanacional.com.uy\/web\/wp-content\/uploads\/2016\/11\/Elisabeth_Arrieta-2-1-400x267.jpg 400w, https:\/\/alianzanacional.com.uy\/web\/wp-content\/uploads\/2016\/11\/Elisabeth_Arrieta-2-1-768x512.jpg 768w, https:\/\/alianzanacional.com.uy\/web\/wp-content\/uploads\/2016\/11\/Elisabeth_Arrieta-2-1.jpg 2000w\" sizes=\"(max-width: 620px) 100vw, 620px\" \/><\/a><\/em><\/p>\n<p><em>La diputada aliancista\u00a0envi\u00f3\u00a0carta al Sr. Presidente Tabar\u00e9 V\u00e1zquez como representante del pueblo de Maldonado pidiendo con urgencia apoyo del gobierno central ante la grave situaci\u00f3n que se vive en el departamento.\u00a0<\/em><\/p>\n<p>&nbsp;<\/p>\n<hr \/>\n<p>Se\u00f1or Presidente de la Rep\u00fablica<br \/>\nDr. Tabar\u00e9 V\u00e1zquez<\/p>\n<p>De nuestra m\u00e1s alta consideraci\u00f3n:<\/p>\n<p>Nos dirigimos al Sr. Presidente de la Rep\u00fablica y a sus Ministros de Estado, con la tristeza y preocupaci\u00f3n que nos provoca la situaci\u00f3n en el Departamento de Maldonado, como resultado de los eventos climatol\u00f3gicos sufridos en los \u00faltimos d\u00edas.<\/p>\n<p>Como es de p\u00fablico conocimiento, en los meses de setiembre y octubre se han producido muy fuertes tormentas, con grandes vientos y con consecuencias directas o indirectas a ra\u00edz del crecimiento del nivel del mar y la acci\u00f3n de las olas, con una frecuencia y violencia inusuales.<\/p>\n<p>A saber, en especial se destacan los eventos ocurridos el 6 de setiembre, 13 de setiembre, 19, 27 y 31 de octubre pasados.<\/p>\n<p>En todos ellos, se destacan la abundancia de las precipitaciones, la fuerza y altura del oleaje del oc\u00e9ano, la intensidad de los vientos que alcanzaron en todos estos sucesos valores superiores a los 100 km\/h, con algunas situaciones en las cuales se superaron los 120km\/h, y en especial, en el d\u00eda de ayer en el Balneario de Piri\u00e1polis, se midieron vientos superiores a los 180km\/h.<\/p>\n<p>Los da\u00f1os han sido muy graves y de gran magnitud. A modo de ejemplo citamos que se han destruido tramos de la rambla de Piri\u00e1polis en los eventos de setiembre y principios de octubre, as\u00ed mismo un tramo de la ruta 10 a la altura de la Laguna Jos\u00e9 Ignacio (pr\u00e1cticamente ha desaparecido), han ca\u00eddo cientos de \u00e1rboles provocando da\u00f1os en edificios p\u00fablicos y privados. Decenas de columnas y cables de UTE y otros servicios han quedado en el piso.<\/p>\n<p>Los cortes de energ\u00eda el\u00e9ctrica han afectado a miles de usuarios en distintas zonas del departamento. Incluso se ha cortado el servicio de agua potable de O.S.E. por varias horas en las zonas m\u00e1s pobladas de la capital departamental y otras zonas costeras.<\/p>\n<p>En la \u00faltima turbonada de ayer en Piri\u00e1polis ha volado el techo de las Escuela No. 52, se han producido graves da\u00f1os en la Terminal de \u00f3mnibus, han volado cientos de chapas de techos en construcciones p\u00fablicas y privadas, clubes deportivos, etc.. Han ca\u00eddo cientos de \u00e1rboles destruyendo casas de familia, columnas, redes de UTE y alumbrado p\u00fablico.<\/p>\n<p>Y lo m\u00e1s lamentable, han dejado en varias ocasiones personas heridas.<\/p>\n<p>Maldonado es zona de desastre, desde Jos\u00e9 Ignacio hasta Piri\u00e1polis.<\/p>\n<p>El Gobierno Departamental con su propio esfuerzo, hab\u00eda apenas logrado controlar y reparar los da\u00f1os de los temporales anteriores, cuando se suceden los dos m\u00e1s graves, los \u00faltimos ocurridos el 27 y el 31 de octubre.<\/p>\n<p>Se estiman que la reparaci\u00f3n de los da\u00f1os ocasionados en estos dos \u00faltimos sucesos, rondar\u00e1 los U$S 2.500.000 (dos millones quinientos mil d\u00f3lares americanos).<\/p>\n<p>A todos los da\u00f1os en infraestructura p\u00fablica, carreteras y caminos departamentales, rutas nacionales, edificios p\u00fablicos, instituciones de ense\u00f1anza, alumbrado p\u00fablico, redes de U.T.E. y A.N.T.E.L, instalaciones de OSE y dem\u00e1s organismos p\u00fablicos, debe sumarse los da\u00f1os ocurridos a la propiedad privada.<\/p>\n<p>Vale recordar un hecho inusitado ocurrido en Punta del Este, cuando las potentes olas ingresaron en la planta baja de un edificio, rompiendo los blindex, inundando la propiedad y dejando dos personas heridas.<\/p>\n<p>La situaci\u00f3n de emergencia es real y necesita la mayor atenci\u00f3n, con la m\u00e1xima urgencia.<\/p>\n<p>En este punto, queremos brindar un reconocimiento a los trabajadores y trabajadoras de todos \u00e1mbitos p\u00fablicos (Intendencia, Municipio, Polic\u00eda, Ej\u00e9rcito Nacional, Prefectura, ASSE, Bomberos, UTE, OSE, ANTEl, CECOED) que sin medir horarios y ni consecuencias, han estado en forma incansable al servicio de la poblaci\u00f3n.<\/p>\n<p>Vale recordar que estamos apenas a 45 d\u00edas del comienzo de la temporada de verano. Es por todos sabido la importancia que tiene la actividad tur\u00edstica como generadora de mano de obra para nuestro Departamento y para todo el pa\u00eds, as\u00ed como el ingreso de divisas que significa y que colocan esta actividad entre las primeras en importancia en el PBI.<\/p>\n<p>Debemos reconstruir Maldonado para recibir a turistas y visitantes. Y hay que hacerlo hoy y ahora.<\/p>\n<p>Maldonado solo, con su gente, sus recursos humanos y materiales har\u00e1 el mayor esfuerzo como lo ha hecho hasta ahora, para la reparaci\u00f3n necesaria. Pero no basta solo con esto.<\/p>\n<p>Desde un Maldonado herido y acongojado por la destrucci\u00f3n provocada por la madre naturaleza, y apelando a la sensibilidad y el buen criterio de gobernante del Sr. Presidente, le hacemos llegar este llamado de atenci\u00f3n y pedido de ayuda desde el pueblo de este departamento, que demanda con la mayor urgencia el apoyo del Gobierno Nacional, en todas las formas que esta grave situaci\u00f3n amerita.<\/p>\n<p>Sin m\u00e1s, agradeciendo desde ya vuestra valiosa atenci\u00f3n y esperando una r\u00e1pida respuesta favorable a este pedido de ayuda, aprovechamos la oportunidad para saludar a Ud. con nuestra m\u00e1s alta consideraci\u00f3n<\/p>\n<p style=\"text-align: center;\">Ing. Elisabeth Arrieta Lucchetti<br \/>\nRepresentante Nacional<br \/>\nMaldonado<\/p>\n","protected":false},"excerpt":{"rendered":"<p>La diputada aliancista\u00a0envi\u00f3\u00a0carta al Sr. Presidente Tabar\u00e9 V\u00e1zquez como representante del pueblo de Maldonado pidiendo con urgencia apoyo del gobierno central ante la grave situaci\u00f3n que se vive en el departamento.\u00a0 &nbsp; Se\u00f1or Presidente de la Rep\u00fablica Dr. Tabar\u00e9 V\u00e1zquez De nuestra m\u00e1s alta consideraci\u00f3n: Nos dirigimos al Sr. Presidente de la Rep\u00fablica y a [&hellip;]<\/p>\n","protected":false},"author":1,"featured_media":29185,"comment_status":"open","ping_status":"open","sticky":false,"template":"","format":"standard","meta":{"footnotes":""},"categories":[232],"tags":[],"class_list":["post-29184","post","type-post","status-publish","format-standard","has-post-thumbnail","hentry","category-departamentales"],"_links":{"self":[{"href":"https:\/\/alianzanacional.com.uy\/web\/wp-json\/wp\/v2\/posts\/29184","targetHints":{"allow":["GET"]}}],"collection":[{"href":"https:\/\/alianzanacional.com.uy\/web\/wp-json\/wp\/v2\/posts"}],"about":[{"href":"https:\/\/alianzanacional.com.uy\/web\/wp-json\/wp\/v2\/types\/post"}],"author":[{"embeddable":true,"href":"https:\/\/alianzanacional.com.uy\/web\/wp-json\/wp\/v2\/users\/1"}],"replies":[{"embeddable":true,"href":"https:\/\/alianzanacional.com.uy\/web\/wp-json\/wp\/v2\/comments?post=29184"}],"version-history":[{"count":1,"href":"https:\/\/alianzanacional.com.uy\/web\/wp-json\/wp\/v2\/posts\/29184\/revisions"}],"predecessor-version":[{"id":29186,"href":"https:\/\/alianzanacional.com.uy\/web\/wp-json\/wp\/v2\/posts\/29184\/revisions\/29186"}],"wp:featuredmedia":[{"embeddable":true,"href":"https:\/\/alianzanacional.com.uy\/web\/wp-json\/wp\/v2\/media\/29185"}],"wp:attachment":[{"href":"https:\/\/alianzanacional.com.uy\/web\/wp-json\/wp\/v2\/media?parent=29184"}],"wp:term":[{"taxonomy":"category","embeddable":true,"href":"https:\/\/alianzanacional.com.uy\/web\/wp-json\/wp\/v2\/categories?post=29184"},{"taxonomy":"post_tag","embeddable":true,"href":"https:\/\/alianzanacional.com.uy\/web\/wp-json\/wp\/v2\/tags?post=29184"}],"curies":[{"name":"wp","href":"https:\/\/api.w.org\/{rel}","templated":true}]}}