{"id":29206,"date":"2016-11-14T12:57:55","date_gmt":"2016-11-14T15:57:55","guid":{"rendered":"http:\/\/alianzanacional.com.uy\/web\/?p=29206"},"modified":"2016-11-14T12:58:09","modified_gmt":"2016-11-14T15:58:09","slug":"abdala-sobre-regasificadora-no-hay-presuncion-sino-claras-irregularidades","status":"publish","type":"post","link":"https:\/\/alianzanacional.com.uy\/web\/abdala-sobre-regasificadora-no-hay-presuncion-sino-claras-irregularidades\/","title":{"rendered":"Abdala sobre Regasificadora: \u00abno hay presunci\u00f3n sino claras irregularidades\u00bb"},"content":{"rendered":"<p><a href=\"https:\/\/alianzanacional.com.uy\/web\/wp-content\/uploads\/2016\/11\/proxy.jpg\"><img fetchpriority=\"high\" decoding=\"async\" src=\"https:\/\/alianzanacional.com.uy\/web\/wp-content\/uploads\/2016\/11\/proxy-700x366.jpg\" alt=\"proxy\" width=\"620\" height=\"324\" class=\"alignnone size-large wp-image-29207\" srcset=\"https:\/\/alianzanacional.com.uy\/web\/wp-content\/uploads\/2016\/11\/proxy-700x366.jpg 700w, https:\/\/alianzanacional.com.uy\/web\/wp-content\/uploads\/2016\/11\/proxy-400x209.jpg 400w, https:\/\/alianzanacional.com.uy\/web\/wp-content\/uploads\/2016\/11\/proxy-768x402.jpg 768w, https:\/\/alianzanacional.com.uy\/web\/wp-content\/uploads\/2016\/11\/proxy.jpg 1000w\" sizes=\"(max-width: 620px) 100vw, 620px\" \/><\/a><\/p>\n<p>Con la tranquilidad por primera vez de tener los votos para impulsar una comisi\u00f3n investigadora, el diputado Pablo Abdala (Partido Nacional) llegar\u00e1 al despacho del presidente de la C\u00e1mara Baja para formalizar su planteo.<\/p>\n<p>Llevar\u00e1 una carpeta repleta de papeles con las denuncias que a su criterio deben investigarse.<\/p>\n<p>Decisiones equivocadas, elecci\u00f3n de empresas que est\u00e1n involucradas en investigaciones de corrupci\u00f3n en Brasil; y p\u00e9rdidas econ\u00f3micas para el Estado uruguayo, dejan un manto de dudas que el legislador busca transparentar.<\/p>\n<p>Abdala, rodeado de toda la bancada blanca apunt\u00f3 contra el fallido proyecto del gobierno del expresidente Jos\u00e9 Mujica por el cual se contar\u00eda con gas natural para el pa\u00eds y para exportar a Argentina, con el que se tiene una conexi\u00f3n de gasoductos.<\/p>\n<p>El diputado dijo ayer a El Observador que en todo el proceso previo a la selecci\u00f3n de las empresas que har\u00edan la planta regasificadora en la zona de Puntas de Sayago, \u00abno hay presunci\u00f3n de irregularidades sino que lo que hay son claras irregularidades\u00bb.<\/p>\n<blockquote><p>\u00abEstamos frente a un proyecto que fracas\u00f3 y gener\u00f3 da\u00f1o\u00bb, afirm\u00f3 Abdala.<\/p><\/blockquote>\n<p>\u00abEl proceso est\u00e1 plagado de errores y decisiones pol\u00e9micas que parecen dif\u00edcil de explicar con objetividad\u00bb, por ejemplo las vinculadas a la elecci\u00f3n de las empresas GNLS, que obtuvo el contrato del gobierno uruguayo y la constructora OAS, cuyo presidente est\u00e1 preso en Brasil tras una investigaci\u00f3n por corrupci\u00f3n.<\/p>\n<p>Adem\u00e1s, explic\u00f3 Abdala, GNLS \u2013que fue constituida en Uruguay\u2013 surgi\u00f3 de la asociaci\u00f3n de Gaz de France (Brasil) y de la compa\u00f1\u00eda Marubeni (Jap\u00f3n). Esta \u00faltima fue condenada por la Justicia de EEUU por pago de coimas y lavado de activos seg\u00fan los documentos que presentar\u00e1 hoy el legislador.<br \/>\nA nivel pol\u00edtico, Abdala reclam\u00f3 contra la ministra de Industria, Carolina Cosse, por no responder ninguno de los seis pedidos de informes que present\u00f3 desde el a\u00f1o pasado por la planta regasificadora.<\/p>\n<p>El legislador dijo a El Observador que \u00abes claro el prop\u00f3sito de la ministra y por tanto del gobierno de no hablar\u00bb. Tambi\u00e9n record\u00f3 que la gerente general de Gas Sayago \u2013la empresa formada por ANCAP y UTE para la regasificadora\u2013 era Marta Jara quien hoy es la presidenta de ANCAP.<\/p>\n<p><strong>Denuncias para investigar:<\/strong><\/p>\n<p><strong>Selecci\u00f3n de empresas<\/strong><\/p>\n<p>El gobierno de Jos\u00e9 Mujica a trav\u00e9s de Gas Sayago eligi\u00f3 a GNLS y OAS para la construcci\u00f3n de la planta regasificadora. \u00abSe percibe un aprovechamiento excesivo del r\u00e9gimen de derecho privdo y de la consecuente ausencia de los requisitos de la licitaci\u00f3n p\u00fablica, las normas del Tocaf y la intervenci\u00f3n del Tribunal de Cuentas\u00bb, dice la denuncia del diputado Abdala. Afirm\u00f3 tambi\u00e9n que las empresas seleccionadas no presentaron la oferta m\u00e1s conveniente ni en lo t\u00e9cnico ni en lo econ\u00f3mico.<\/p>\n<p><strong>Conexi\u00f3n Brasil<\/strong><\/p>\n<p>La empresa OAS, afirm\u00f3 Abdala, est\u00e1 asociada a los mayores esc\u00e1ndalos de corrupci\u00f3n que se indagan en Brasil en la operaci\u00f3n Lava-Jato que llev\u00f3 a la c\u00e1rcel a empresarios y gobernantes por el pago de sobornos vinculados a la concesi\u00f3n de obras. El presidente de OAS, Jos\u00e9 Aldenario Pinheiro, que ten\u00eda una relaci\u00f3n cercana con el expresidente Lula, est\u00e1 en prisi\u00f3n. Adem\u00e1s, se investiga si el exministro de Dilma Rousseff, Fernando Pimentel, realiz\u00f3 gestiones con el gobierno de Mujica para beneficiar a OAS como constructora de la regasificadora.<\/p>\n<p><strong>P\u00e9rdidas econ\u00f3micas<\/strong><\/p>\n<p>De acuerdo a la denuncia parlamentaria, el Estado uruguayo perdi\u00f3 en el proyecto de la regasificadora US$ 65 millones por capitalizaciones realizadas por UTE y ANCAP; pasivos asumidos por Gas Sayago, trabajos de geot\u00e9cnica e ingenier\u00eda contratados y gastos de funcionamiento de Gas Sayago desde 2011. Adem\u00e1s, 380 empresas uruguayas que suministraron insumos y servicios a GNLS y OAS perdieron m\u00e1s de US$ 22 millones que buscan cobrar en un proceso concursal ante la justicia. Seguramente esa deuda es mayor, acot\u00f3 Abdala.<\/p>\n<p><strong>Dise\u00f1o y ubicaci\u00f3n<\/strong><\/p>\n<p>En la denuncia se afirma que la escala productiva del proyecto fue una de las causas centrales de su inviabilidad econ\u00f3mica. Primero se pens\u00f3 como un proyecto binacional con Argentina pero luego ese pa\u00eds desisti\u00f3 de ser socio. Tambi\u00e9n se cuestiona la \u00abinadecuada\u00bb ubicaci\u00f3n de la planta \u00aben una zona de fuerte anegamiento y alto grado de sedimentaci\u00f3n\u00bb donde el Estado debi\u00f3 invertir millones de d\u00f3lares en dragado \u00abque se perdieron completamente\u00bb, afirmo Abdala.<\/p>\n<p><iframe width=\"560\" height=\"315\" src=\"https:\/\/www.youtube.com\/embed\/A_I1hE88wyE\" frameborder=\"0\" allowfullscreen><\/iframe><\/p>\n<p>Fuente: El Observador<br \/>\nVideo y Foto: Teledoce<\/p>\n","protected":false},"excerpt":{"rendered":"<p>Con la tranquilidad por primera vez de tener los votos para impulsar una comisi\u00f3n investigadora, el diputado Pablo Abdala (Partido Nacional) llegar\u00e1 al despacho del presidente de la C\u00e1mara Baja para formalizar su planteo. Llevar\u00e1 una carpeta repleta de papeles con las denuncias que a su criterio deben investigarse. Decisiones equivocadas, elecci\u00f3n de empresas que [&hellip;]<\/p>\n","protected":false},"author":1,"featured_media":29207,"comment_status":"open","ping_status":"open","sticky":false,"template":"","format":"standard","meta":{"footnotes":""},"categories":[164],"tags":[],"class_list":["post-29206","post","type-post","status-publish","format-standard","has-post-thumbnail","hentry","category-legislativas"],"_links":{"self":[{"href":"https:\/\/alianzanacional.com.uy\/web\/wp-json\/wp\/v2\/posts\/29206","targetHints":{"allow":["GET"]}}],"collection":[{"href":"https:\/\/alianzanacional.com.uy\/web\/wp-json\/wp\/v2\/posts"}],"about":[{"href":"https:\/\/alianzanacional.com.uy\/web\/wp-json\/wp\/v2\/types\/post"}],"author":[{"embeddable":true,"href":"https:\/\/alianzanacional.com.uy\/web\/wp-json\/wp\/v2\/users\/1"}],"replies":[{"embeddable":true,"href":"https:\/\/alianzanacional.com.uy\/web\/wp-json\/wp\/v2\/comments?post=29206"}],"version-history":[{"count":1,"href":"https:\/\/alianzanacional.com.uy\/web\/wp-json\/wp\/v2\/posts\/29206\/revisions"}],"predecessor-version":[{"id":29208,"href":"https:\/\/alianzanacional.com.uy\/web\/wp-json\/wp\/v2\/posts\/29206\/revisions\/29208"}],"wp:featuredmedia":[{"embeddable":true,"href":"https:\/\/alianzanacional.com.uy\/web\/wp-json\/wp\/v2\/media\/29207"}],"wp:attachment":[{"href":"https:\/\/alianzanacional.com.uy\/web\/wp-json\/wp\/v2\/media?parent=29206"}],"wp:term":[{"taxonomy":"category","embeddable":true,"href":"https:\/\/alianzanacional.com.uy\/web\/wp-json\/wp\/v2\/categories?post=29206"},{"taxonomy":"post_tag","embeddable":true,"href":"https:\/\/alianzanacional.com.uy\/web\/wp-json\/wp\/v2\/tags?post=29206"}],"curies":[{"name":"wp","href":"https:\/\/api.w.org\/{rel}","templated":true}]}}