{"id":29217,"date":"2016-11-15T09:59:39","date_gmt":"2016-11-15T12:59:39","guid":{"rendered":"http:\/\/alianzanacional.com.uy\/web\/?p=29217"},"modified":"2016-11-15T10:00:08","modified_gmt":"2016-11-15T13:00:08","slug":"pre-investigadora-sobre-regasificadora-gandini-no-es-lo-mismo-si-el-frente-amplio-vota-a-favor-o-vota-en-contra","status":"publish","type":"post","link":"https:\/\/alianzanacional.com.uy\/web\/pre-investigadora-sobre-regasificadora-gandini-no-es-lo-mismo-si-el-frente-amplio-vota-a-favor-o-vota-en-contra\/","title":{"rendered":"Pre-Investigadora sobre regasificadora &#8211; Gandini: \u00abno es lo mismo si el Frente Amplio vota a favor o vota en contra\u00bb"},"content":{"rendered":"<p><a href=\"https:\/\/alianzanacional.com.uy\/web\/wp-content\/uploads\/2015\/10\/gandini1-702x395.jpg\"><img fetchpriority=\"high\" decoding=\"async\" src=\"https:\/\/alianzanacional.com.uy\/web\/wp-content\/uploads\/2015\/10\/gandini1-702x395-700x394.jpg\" alt=\"gandini1-702x395\" width=\"620\" height=\"349\" class=\"alignnone size-large wp-image-27677\" srcset=\"https:\/\/alianzanacional.com.uy\/web\/wp-content\/uploads\/2015\/10\/gandini1-702x395-700x394.jpg 700w, https:\/\/alianzanacional.com.uy\/web\/wp-content\/uploads\/2015\/10\/gandini1-702x395-400x225.jpg 400w, https:\/\/alianzanacional.com.uy\/web\/wp-content\/uploads\/2015\/10\/gandini1-702x395.jpg 702w\" sizes=\"(max-width: 620px) 100vw, 620px\" \/><\/a><\/p>\n<p>Hoy sesion\u00f3 la Comisi\u00f3n Pre Investigadora para considerar las irregularidades en la obra de la regasificadora. Se recibi\u00f3 al legislador denunciante, Pablo Abdala, que present\u00f3 los documentos de la denuncia.<\/p>\n<p>El Diputado Jorge Gandini, que integra la Pre Investigadora, expres\u00f3 en rueda de prensa que \u201cla denuncia ha sido contundente, seria, pertinente, muy documentada. Se han agregado nuevos elementos que asocian este proceso tortuoso y yo dir\u00eda que, a esta altura, sospechoso, de la adjudicaci\u00f3n a una empresa que no era la m\u00e1s conveniente para hacer una obra que al final se cay\u00f3 y no se hizo; a una empresa acusada de corrupci\u00f3n en Brasil muy vinculada a todo el proceso que hoy se investiga. Su presidente est\u00e1 preso en aquel pa\u00eds, y adem\u00e1s aparecen datos concretos de su vinculaci\u00f3n o injerencia para que se le otorgara esta obra a partir de contactos directamente con el ex Presidente Mujica. Eso es un argumento muy fuerte sumado a los dem\u00e1s que ya hay, para que se habilite una investigaci\u00f3n. Si no hay nada que  ocultar mejor investigarlo todo.\u201d<br \/>\nPara Gandini, si esto no se investiga \u201cestar\u00edamos omisos a una obligaci\u00f3n republicana de saber y dar a conocer.\u201d<\/p>\n<p>Ma\u00f1ana a las 13 horas la Comisi\u00f3n Pre Investigadora se reunir\u00e1 para votar. \u201cEl Frente Amplio pidi\u00f3 ese tiempo para tomar una resoluci\u00f3n.\u201d Despu\u00e9s se presentar\u00e1n los informes y el mi\u00e9rcoles a las 14 horas la C\u00e1mara de Representantes sesionar\u00e1 para considerar la votaci\u00f3n.<\/p>\n<p>\u201cNo es lo mismo si el Frente Amplio vota a favor o vota en contra, no ser\u00e1n igual los informes ni ser\u00e1 igual la decisi\u00f3n. Si el Frente Amplio vota a favor habr\u00e1 un tipo de comisi\u00f3n; si el Frente Amplio vota en contra seguramente haremos un acuerdo entre todos los que votamos a favor y, si sale la comisi\u00f3n, tendr\u00e1 otro tipo de integraci\u00f3n m\u00e1s amplia, donde tenemos la expectativa de que est\u00e9 obviamente el Frente Amplio, pero en mayor\u00eda la oposici\u00f3n. Esa es la expectativa que tenemos, pero a\u00fan no lo sabemos porque el Frente Amplio quiz\u00e1s resuelve votar a favor\u201d, coment\u00f3 Gandini.<\/p>\n","protected":false},"excerpt":{"rendered":"<p>Hoy sesion\u00f3 la Comisi\u00f3n Pre Investigadora para considerar las irregularidades en la obra de la regasificadora. Se recibi\u00f3 al legislador denunciante, Pablo Abdala, que present\u00f3 los documentos de la denuncia. El Diputado Jorge Gandini, que integra la Pre Investigadora, expres\u00f3 en rueda de prensa que \u201cla denuncia ha sido contundente, seria, pertinente, muy documentada. Se [&hellip;]<\/p>\n","protected":false},"author":1,"featured_media":27677,"comment_status":"open","ping_status":"open","sticky":false,"template":"","format":"standard","meta":{"footnotes":""},"categories":[164],"tags":[],"class_list":["post-29217","post","type-post","status-publish","format-standard","has-post-thumbnail","hentry","category-legislativas"],"_links":{"self":[{"href":"https:\/\/alianzanacional.com.uy\/web\/wp-json\/wp\/v2\/posts\/29217","targetHints":{"allow":["GET"]}}],"collection":[{"href":"https:\/\/alianzanacional.com.uy\/web\/wp-json\/wp\/v2\/posts"}],"about":[{"href":"https:\/\/alianzanacional.com.uy\/web\/wp-json\/wp\/v2\/types\/post"}],"author":[{"embeddable":true,"href":"https:\/\/alianzanacional.com.uy\/web\/wp-json\/wp\/v2\/users\/1"}],"replies":[{"embeddable":true,"href":"https:\/\/alianzanacional.com.uy\/web\/wp-json\/wp\/v2\/comments?post=29217"}],"version-history":[{"count":2,"href":"https:\/\/alianzanacional.com.uy\/web\/wp-json\/wp\/v2\/posts\/29217\/revisions"}],"predecessor-version":[{"id":29219,"href":"https:\/\/alianzanacional.com.uy\/web\/wp-json\/wp\/v2\/posts\/29217\/revisions\/29219"}],"wp:featuredmedia":[{"embeddable":true,"href":"https:\/\/alianzanacional.com.uy\/web\/wp-json\/wp\/v2\/media\/27677"}],"wp:attachment":[{"href":"https:\/\/alianzanacional.com.uy\/web\/wp-json\/wp\/v2\/media?parent=29217"}],"wp:term":[{"taxonomy":"category","embeddable":true,"href":"https:\/\/alianzanacional.com.uy\/web\/wp-json\/wp\/v2\/categories?post=29217"},{"taxonomy":"post_tag","embeddable":true,"href":"https:\/\/alianzanacional.com.uy\/web\/wp-json\/wp\/v2\/tags?post=29217"}],"curies":[{"name":"wp","href":"https:\/\/api.w.org\/{rel}","templated":true}]}}