{"id":29250,"date":"2016-12-07T18:11:11","date_gmt":"2016-12-07T21:11:11","guid":{"rendered":"http:\/\/alianzanacional.com.uy\/web\/?p=29250"},"modified":"2016-12-07T18:11:11","modified_gmt":"2016-12-07T21:11:11","slug":"mier-reclama-revisar-legislacion-asociada-a-la-forestacion","status":"publish","type":"post","link":"https:\/\/alianzanacional.com.uy\/web\/mier-reclama-revisar-legislacion-asociada-a-la-forestacion\/","title":{"rendered":"Mier reclama revisar legislaci\u00f3n asociada a la forestaci\u00f3n"},"content":{"rendered":"<p><a href=\"https:\/\/alianzanacional.com.uy\/web\/wp-content\/uploads\/2015\/10\/unnamed1.jpg\"><img fetchpriority=\"high\" decoding=\"async\" src=\"https:\/\/alianzanacional.com.uy\/web\/wp-content\/uploads\/2015\/10\/unnamed1-700x466.jpg\" alt=\"\" width=\"620\" height=\"413\" class=\"alignnone size-large wp-image-27658\" srcset=\"https:\/\/alianzanacional.com.uy\/web\/wp-content\/uploads\/2015\/10\/unnamed1-700x466.jpg 700w, https:\/\/alianzanacional.com.uy\/web\/wp-content\/uploads\/2015\/10\/unnamed1-400x267.jpg 400w, https:\/\/alianzanacional.com.uy\/web\/wp-content\/uploads\/2015\/10\/unnamed1.jpg 1280w\" sizes=\"(max-width: 620px) 100vw, 620px\" \/><\/a><\/p>\n<p>El Diputado nacionalista por Treinta y Tres, Edgardo Mier,  hizo uso de la palabra en la C\u00e1mara de Representantes para referirse a un planteo realizado por los vecinos de Isla Patrulla, el mismo est\u00e1 relacionado con el \u201cinminente incremento forestal\u201d y sus consecuencias.<\/p>\n<p>Indic\u00f3 que semanas particip\u00f3, conjuntamente con los diputados Amarilla e Irazabal, de una reuni\u00f3n promovida por los vecinos de dicha localidad, los cuales les hicieron llegar sus reclamos, dirigidos al Poder Legislativo, Ejecutivo e intendencias.<\/p>\n<p>Dicho documento expresa la necesidad por parte de los vecinos de que se revea c\u00f3mo se est\u00e1 autorizando el cultivo forestal, \u201catendiendo a las distancias m\u00ednimas de plantaci\u00f3n sobre los centros poblados, puestos policiales y escuelas rurales, debiendo estar estos a no menos de 1.500 metros de distancia\u201d.<\/p>\n<p>Expresa se revea del mismo modo la densidad de los \u00e1rboles por hect\u00e1rea, determin\u00e1ndose que las plantaciones deben de ser en un r\u00e9gimen de silvopastoreo.<\/p>\n<p>Subraya que \u201cLos reclamos presentados est\u00e1n fundados con la intenci\u00f3n de lograr la prevenci\u00f3n sanitaria  contaminaci\u00f3n por herbicidas , de los poblados cercanos; permitir el crecimiento de estos; evitar los da\u00f1os ocasionados por incendios y el incremento de especies de animales  zorros, chanchos salvajes, v\u00edboras, etc. Lograr adem\u00e1s que la ganader\u00eda y la forestaci\u00f3n convivan e interact\u00faen promoviendo el desarrollo de ambas y deteniendo el desplazamiento de habitantes y trabajadores de la campa\u00f1a que se est\u00e1 viendo por las dificultades y bajos rendimientos que se logran con los actuales sistemas de forestaci\u00f3n\u00bb. <\/p>\n<p>Por su parte el representante olimare\u00f1o indic\u00f3 que \u201cmuchas veces una cosa es lo que se legisla y reglamenta desde estos lugares montevideanos y otra es el inter\u00e9s y el sentir de nuestra gente del interior profundo, de nuestra campa\u00f1a y sus pobladores\u201d. Agreg\u00f3 que es de suma importancia conocer esos lugares, visitarlos, hablar con su gente y despu\u00e9s intentar el equilibrio de intereses, responsablemente, con sentido com\u00fan y con sensibilidad.<\/p>\n<p>Manifest\u00f3 que luego de revisar cuidadosamente las leyes relacionadas a este tema, no encontr\u00f3 que est\u00e9 regulada la distancia que debe respetar la forestaci\u00f3n con los centros poblados. Expres\u00f3 que ese aspecto del ordenamiento territorial hoy est\u00e1 en la \u00f3rbita de las intendencias.<\/p>\n<p>Ya en la parte final de sus palabras, el diputado aliancista, Edgardo Mier, indica que tanto vecinos y como t\u00e9cnicos tienen algo de raz\u00f3n. \u201cLa forestaci\u00f3n lleg\u00f3 para quedarse. El sentir de los vecinos de Isla Patrulla seguramente es el de decenas de poblados de nuestro interior. Entendemos que es necesario volver a legislar como pa\u00eds, con seriedad, con responsabilidad, con sentido com\u00fan, compatibilizando los leg\u00edtimos intereses de todas las partes, porque la realidad super\u00f3 el marco regulatorio y ya no se foresta solo en los cerros de piedra, como al principio\u201d.<br \/>\nMier concluye indicando que hay que poder responder preguntas tales como \u201c\u00bfQu\u00e9 pasa con el despu\u00e9s en los campos forestados? \u00bfQu\u00e9 pasa con la responsabilidad social de las empresas? \u00bfQu\u00e9 pasa con nuestro medio ambiente y con el futuro laboral de nuestra gente? A nuestro juicio  respetuosamente dicho , el tema trasciende las autonom\u00edas departamentales para convertirse en un tema-pa\u00eds.<\/p>\n","protected":false},"excerpt":{"rendered":"<p>El Diputado nacionalista por Treinta y Tres, Edgardo Mier, hizo uso de la palabra en la C\u00e1mara de Representantes para referirse a un planteo realizado por los vecinos de Isla Patrulla, el mismo est\u00e1 relacionado con el \u201cinminente incremento forestal\u201d y sus consecuencias. Indic\u00f3 que semanas particip\u00f3, conjuntamente con los diputados Amarilla e Irazabal, de [&hellip;]<\/p>\n","protected":false},"author":1,"featured_media":27658,"comment_status":"open","ping_status":"open","sticky":false,"template":"","format":"standard","meta":{"footnotes":""},"categories":[164],"tags":[],"class_list":["post-29250","post","type-post","status-publish","format-standard","has-post-thumbnail","hentry","category-legislativas"],"_links":{"self":[{"href":"https:\/\/alianzanacional.com.uy\/web\/wp-json\/wp\/v2\/posts\/29250","targetHints":{"allow":["GET"]}}],"collection":[{"href":"https:\/\/alianzanacional.com.uy\/web\/wp-json\/wp\/v2\/posts"}],"about":[{"href":"https:\/\/alianzanacional.com.uy\/web\/wp-json\/wp\/v2\/types\/post"}],"author":[{"embeddable":true,"href":"https:\/\/alianzanacional.com.uy\/web\/wp-json\/wp\/v2\/users\/1"}],"replies":[{"embeddable":true,"href":"https:\/\/alianzanacional.com.uy\/web\/wp-json\/wp\/v2\/comments?post=29250"}],"version-history":[{"count":1,"href":"https:\/\/alianzanacional.com.uy\/web\/wp-json\/wp\/v2\/posts\/29250\/revisions"}],"predecessor-version":[{"id":29251,"href":"https:\/\/alianzanacional.com.uy\/web\/wp-json\/wp\/v2\/posts\/29250\/revisions\/29251"}],"wp:featuredmedia":[{"embeddable":true,"href":"https:\/\/alianzanacional.com.uy\/web\/wp-json\/wp\/v2\/media\/27658"}],"wp:attachment":[{"href":"https:\/\/alianzanacional.com.uy\/web\/wp-json\/wp\/v2\/media?parent=29250"}],"wp:term":[{"taxonomy":"category","embeddable":true,"href":"https:\/\/alianzanacional.com.uy\/web\/wp-json\/wp\/v2\/categories?post=29250"},{"taxonomy":"post_tag","embeddable":true,"href":"https:\/\/alianzanacional.com.uy\/web\/wp-json\/wp\/v2\/tags?post=29250"}],"curies":[{"name":"wp","href":"https:\/\/api.w.org\/{rel}","templated":true}]}}