{"id":29252,"date":"2016-12-07T17:11:45","date_gmt":"2016-12-07T20:11:45","guid":{"rendered":"http:\/\/alianzanacional.com.uy\/web\/?p=29252"},"modified":"2016-12-07T18:14:22","modified_gmt":"2016-12-07T21:14:22","slug":"w-a-ezquerra-reclamo-continuidad-para-el-programa-educativo-de-la-escuela-no-57-de-zapara","status":"publish","type":"post","link":"https:\/\/alianzanacional.com.uy\/web\/w-a-ezquerra-reclamo-continuidad-para-el-programa-educativo-de-la-escuela-no-57-de-zapara\/","title":{"rendered":"W.A. Ezquerra reclam\u00f3 continuidad para el programa educativo de la escuela n\u00ba 57 de Zapar\u00e1."},"content":{"rendered":"<p><a href=\"https:\/\/alianzanacional.com.uy\/web\/wp-content\/uploads\/2015\/06\/314072_20150421173639_w-a-ezquerra.jpg\"><img fetchpriority=\"high\" decoding=\"async\" src=\"https:\/\/alianzanacional.com.uy\/web\/wp-content\/uploads\/2015\/06\/314072_20150421173639_w-a-ezquerra.jpg\" alt=\"314072_20150421173639_w-a-ezquerra\" width=\"658\" height=\"437\" class=\"alignnone size-full wp-image-25991\" srcset=\"https:\/\/alianzanacional.com.uy\/web\/wp-content\/uploads\/2015\/06\/314072_20150421173639_w-a-ezquerra.jpg 658w, https:\/\/alianzanacional.com.uy\/web\/wp-content\/uploads\/2015\/06\/314072_20150421173639_w-a-ezquerra-400x266.jpg 400w\" sizes=\"(max-width: 658px) 100vw, 658px\" \/><\/a><\/p>\n<p>En la jornada de hoy, el diputado aliancista por Tacuaremb\u00f3, Aparicio Ezquerra, ha realizado una exposici\u00f3n escrita dirigida al Ministerio de Educaci\u00f3n y Cultura y por su intermedio a la Administraci\u00f3n Nacional de Educaci\u00f3n P\u00fablica, al Consejo Directivo Central y al Consejo de Educaci\u00f3n Secundaria, para referirse a la situaci\u00f3n del programa de 7\u00ba, 8\u00ba y 9\u00ba grado de la Escuela N\u00ba 57, ubicada en la localidad de Zapar\u00e1, departamento de Tacuaremb\u00f3.<\/p>\n<p>En la misma indica que dicho centro escolar asiste educativa y alimentariamente a m\u00e1s de 50 alumnos de diferentes zonas adyacentes. Se les ha comunicado a los vecinos que los cursos se dictar\u00edan durante el pr\u00f3ximo a\u00f1o, y luego se discontinuar\u00edan. Frente a esta realidad, el diputado aliancista solicita la continuidad de los mismos, e indica que el cierre de dicho programa afectar\u00eda enormemente la situaci\u00f3n de los alumnos que hoy est\u00e1n concurriendo.<\/p>\n<p>Concluye subrayando: \u201cAbogamos dado el \u00e9xito de esta experiencia que se pueda dar continuidad extendi\u00e9ndolo por m\u00e1s tiempo, ya que de lo contrario se estar\u00eda poniendo en riesgo la concurrencia a centros escolares de muchos j\u00f3venes de la zona\u201d.<\/p>\n<p>A continuaci\u00f3n transcribimos la exposici\u00f3n escrita presentada por el Diputado Aparicio Ezquerra.<\/p>\n<p>Presidente de la c\u00e1mara de Representantes,<br \/>\nDr. Gerardo Amarilla,<\/p>\n<p>Amparados en las facultades que nos confiere el art. 155 del Reglamento de la C\u00e1mara de Representantes, solicitamos que se curse la presente exposici\u00f3n escrita al Ministerio de Educaci\u00f3n y Cultura y por su intermedio a la Administraci\u00f3n Nacional de Educaci\u00f3n P\u00fablica, al Consejo Directivo Central y al Consejo de Educaci\u00f3n Secundaria.<br \/>\nSe eleva a consideraci\u00f3n de las autoridades correspondientes, la situaci\u00f3n del programa de 7\u00ba, 8\u00ba y 9\u00ba grado de la Escuela N\u00ba 57, ubicada en la localidad de Zapar\u00e1, en el departamento de Tacuaremb\u00f3.<\/p>\n<p>Dicho centro escolar asiste educativa y alimentariamente (almuerzo y merienda) a m\u00e1s de 50 alumnos de diferentes zonas adyacentes, como Rinc\u00f3n de la Aldea, Cerro de la Aldea, barrios Bella Vista, La Matutina y Nuevo Tacuaremb\u00f3, paraje Sarand\u00ed y Aguas Corrientes. Desde 1999 que en dicho centro funciona el programa de referencia, el cual se adapta a las necesidades de la poblaci\u00f3n escolar, en el a\u00f1o 2009 el representante por Tacuaremb\u00f3 Julio Cardozo expuso una situaci\u00f3n semejante a la del d\u00eda de hoy.<br \/>\nEn virtud se solicita la continuidad de dichos cursos. El cierre de dicho programa, como consecuencia afectar\u00eda enormemente la situaci\u00f3n de los alumnos que hoy concurren. Distancias que deber\u00edan recorrer para asistir a liceos de la ciudad de Tacuaremb\u00f3, lo que aparejar\u00eda una serie de costos a los que varias familias no podr\u00e1n hacer frente.<br \/>\nAnalizando la importancia de la situaci\u00f3n que se transcribe, nos parece de recibo tomar las medidas concretas, tenemos informaci\u00f3n que dichos cursos contin\u00faan por un a\u00f1o m\u00e1s, pero abogamos dado el \u00e9xito de esta experiencia que se pueda dar continuidad extendi\u00e9ndolo por m\u00e1s tiempo, ya que de lo contrario se estar\u00eda poniendo en riesgo la concurrencia a centros escolares de muchos j\u00f3venes de la zona. Esto constituye una de las tantas dificultades que hoy en d\u00eda en zonas rurales se deben afrontar en la educaci\u00f3n, y que en la teor\u00eda son totalmente accesorias y ajenas a esta.<\/p>\n<p>Es a esto, que descontando la buena voluntad de las autoridades involucradas, solicitamos que en dicha oportunidad resuelvan favorablemente o propongan medidas presupuestales para extender dicho programa.<\/p>\n<p>Saluda atte.<br \/>\nWilson Aparicio Ezquerra<br \/>\nRepresentante Nacional por Tacuaremb\u00f3<\/p>\n","protected":false},"excerpt":{"rendered":"<p>En la jornada de hoy, el diputado aliancista por Tacuaremb\u00f3, Aparicio Ezquerra, ha realizado una exposici\u00f3n escrita dirigida al Ministerio de Educaci\u00f3n y Cultura y por su intermedio a la Administraci\u00f3n Nacional de Educaci\u00f3n P\u00fablica, al Consejo Directivo Central y al Consejo de Educaci\u00f3n Secundaria, para referirse a la situaci\u00f3n del programa de 7\u00ba, 8\u00ba [&hellip;]<\/p>\n","protected":false},"author":1,"featured_media":25991,"comment_status":"open","ping_status":"open","sticky":false,"template":"","format":"standard","meta":{"footnotes":""},"categories":[232],"tags":[],"class_list":["post-29252","post","type-post","status-publish","format-standard","has-post-thumbnail","hentry","category-departamentales"],"_links":{"self":[{"href":"https:\/\/alianzanacional.com.uy\/web\/wp-json\/wp\/v2\/posts\/29252","targetHints":{"allow":["GET"]}}],"collection":[{"href":"https:\/\/alianzanacional.com.uy\/web\/wp-json\/wp\/v2\/posts"}],"about":[{"href":"https:\/\/alianzanacional.com.uy\/web\/wp-json\/wp\/v2\/types\/post"}],"author":[{"embeddable":true,"href":"https:\/\/alianzanacional.com.uy\/web\/wp-json\/wp\/v2\/users\/1"}],"replies":[{"embeddable":true,"href":"https:\/\/alianzanacional.com.uy\/web\/wp-json\/wp\/v2\/comments?post=29252"}],"version-history":[{"count":1,"href":"https:\/\/alianzanacional.com.uy\/web\/wp-json\/wp\/v2\/posts\/29252\/revisions"}],"predecessor-version":[{"id":29253,"href":"https:\/\/alianzanacional.com.uy\/web\/wp-json\/wp\/v2\/posts\/29252\/revisions\/29253"}],"wp:featuredmedia":[{"embeddable":true,"href":"https:\/\/alianzanacional.com.uy\/web\/wp-json\/wp\/v2\/media\/25991"}],"wp:attachment":[{"href":"https:\/\/alianzanacional.com.uy\/web\/wp-json\/wp\/v2\/media?parent=29252"}],"wp:term":[{"taxonomy":"category","embeddable":true,"href":"https:\/\/alianzanacional.com.uy\/web\/wp-json\/wp\/v2\/categories?post=29252"},{"taxonomy":"post_tag","embeddable":true,"href":"https:\/\/alianzanacional.com.uy\/web\/wp-json\/wp\/v2\/tags?post=29252"}],"curies":[{"name":"wp","href":"https:\/\/api.w.org\/{rel}","templated":true}]}}