{"id":29258,"date":"2016-12-09T12:03:11","date_gmt":"2016-12-09T15:03:11","guid":{"rendered":"http:\/\/alianzanacional.com.uy\/web\/?p=29258"},"modified":"2016-12-09T12:03:11","modified_gmt":"2016-12-09T15:03:11","slug":"edil-barrios-considero-una-aberracion-que-la-im-obligue-a-centros-de-ensenanza-a-pagar-para-que-les-retiren-sus-residuos","status":"publish","type":"post","link":"https:\/\/alianzanacional.com.uy\/web\/edil-barrios-considero-una-aberracion-que-la-im-obligue-a-centros-de-ensenanza-a-pagar-para-que-les-retiren-sus-residuos\/","title":{"rendered":"edil Barrios consider\u00f3 \u00abuna aberraci\u00f3n\u00bb que la IM obligue a centros de ense\u00f1anza a pagar para que les retiren sus residuos."},"content":{"rendered":"<p><a href=\"https:\/\/alianzanacional.com.uy\/web\/wp-content\/uploads\/2015\/07\/DSC00476.jpg\"><img fetchpriority=\"high\" decoding=\"async\" src=\"https:\/\/alianzanacional.com.uy\/web\/wp-content\/uploads\/2015\/07\/DSC00476-700x394.jpg\" alt=\"\" width=\"620\" height=\"349\" class=\"alignnone size-large wp-image-26319\" srcset=\"https:\/\/alianzanacional.com.uy\/web\/wp-content\/uploads\/2015\/07\/DSC00476-700x394.jpg 700w, https:\/\/alianzanacional.com.uy\/web\/wp-content\/uploads\/2015\/07\/DSC00476-400x225.jpg 400w, https:\/\/alianzanacional.com.uy\/web\/wp-content\/uploads\/2015\/07\/DSC00476-212x120.jpg 212w\" sizes=\"(max-width: 620px) 100vw, 620px\" \/><\/a><\/p>\n<p>A fines de julio, la directora de la escuela N\u00b0 119 de Piedras Blancas fue apercibida por un funcionario del Servicio de Inspecci\u00f3n General de la Intendencia de Montevideo. Seg\u00fan detall\u00f3 la maestra en una carta que le envi\u00f3 al alcalde del Municipio \u00abF\u00bb, Francisco Fleitas, el municipal le explic\u00f3 que a ra\u00edz de una denuncia sab\u00eda que auxiliares de limpieza afectadas a la escuela hab\u00edan arrojado bolsas con residuos en el contenedor ubicado en la esquina de Matilde Pacheco y C\u00e9sar Batlle Pacheco.<\/p>\n<p>El inspector le indic\u00f3 que ello est\u00e1 prohibido y que el contenedor est\u00e1 destinado exclusivamente a los residuos domiciliarios, lo cual le fue ratificado despu\u00e9s a la directora por la Divisi\u00f3n Limpieza de la Intendencia, desde donde se le comunic\u00f3 que la escuela deb\u00eda contratar un servicio privado de recolecci\u00f3n. La basura \u00abno domiciliaria\u00bb tambi\u00e9n puede ser retirada por la IMM, pero este servicio tiene un costo.<\/p>\n<p>La directora tambi\u00e9n se comunic\u00f3 con el Consejo de Educaci\u00f3n Inicial y Primaria, el cual le respondi\u00f3 que viene trabajando en la elaboraci\u00f3n de un protocolo de acci\u00f3n con la comuna para \u00abregularizar la situaci\u00f3n\u00bb y que mientras no se llegue a su dise\u00f1o final, seguir\u00e1 \u00abcon plena vigencia el alcance del digesto sobre la gesti\u00f3n de residuos\u00bb.<\/p>\n<p>Frente a este caso y otros similares que llegaron a su despacho, el edil nacionalista Javier Barrios Bove consult\u00f3 por escrito a la Intendencia sobre el sistema de recolecci\u00f3n para las entidades de ense\u00f1anza p\u00fablica. Casi dos meses despu\u00e9s, la comuna le respondi\u00f3 que exige a todos los generadores de residuos no domiciliarios, \u00abentre ellos las instituciones de educaci\u00f3n\u00bb, la gesti\u00f3n de los mismos con un servicio especial. Tambi\u00e9n adjunt\u00f3 el listado de empresas registradas para hacer la tarea, que est\u00e1 disponible en la p\u00e1gina web de la Intendencia.<\/p>\n<p><strong>Cr\u00edtica.<\/strong><\/p>\n<p>El edil Barrios consider\u00f3 \u00abuna aberraci\u00f3n\u00bb que la Intendencia obligue a los centros de ense\u00f1anza a pagar para que les retiren sus residuos.<\/p>\n<p>\u00abQue las comisiones de padres tengan que poner plata para pagar el cami\u00f3n de basura en vez de para reparar los vidrios es terrible\u00bb, opin\u00f3.<\/p>\n<p>\u00abDif\u00edcilmente se pueda estar ajeno a las dificultades que atraviesan las instituciones educativas p\u00fablicas, entre ellas, las limitaciones econ\u00f3micas. Ante tal dificultad, los ingresos deber\u00edan emplearse en aquellas actividades o infraestructuras referidas a la educaci\u00f3n, ya sea directa o indirectamente, tales como la compra de una heladera, una cocina, el arreglo de un sal\u00f3n o la adquisici\u00f3n de \u00fatiles. Sin embargo, el gobierno departamental entiende que existen otras prioridades para la utilizaci\u00f3n de los fondos, como lo es la recolecci\u00f3n de residuos\u00bb, se quej\u00f3 el legislador departamental.<\/p>\n<p><strong>Compromiso.<\/strong><\/p>\n<p>La directora de la Escuela N\u00b0 119 (en la cual tambi\u00e9n funciona la N\u00b0 59 en el turno vespertino), inform\u00f3 en carta al alcalde Fleitas que este centro \u00abtiene un amplio compromiso con el cuidado del medio ambiente, a trav\u00e9s de la inclusi\u00f3n de nuestra propuesta educativa en Repapel (asociaci\u00f3n civil dedicada a la educaci\u00f3n para el desarrollo sostenible); el programa de huertas org\u00e1nicas y el reciclado de botellas de pl\u00e1stico, reduciendo significativamente el volumen de basura que se genera\u00bb.<\/p>\n<p>Tambi\u00e9n aclar\u00f3 que la escuela \u00abno tiene un marco normativo que habilite el pago de un servicio de recolecci\u00f3n\u00bb y que qued\u00f3 expuesta \u00aba la problem\u00e1tica de car\u00e1cter grave y urgente de acumulaci\u00f3n de la basura\u00bb.<\/p>\n<p><strong>Javier Barrios: \u00abQue se tire en el contenedor\u00bb.<\/strong><\/p>\n<p>\u00abPosiblemente la mala gesti\u00f3n o la mala utilizaci\u00f3n de fondos por parte de la Intendencia sea la causa por la cual se deba idear un desconocido e innecesario servicio que menoscaba y vulnera a aquellas instituciones m\u00e1s necesitadas, como lo son las de educaci\u00f3n p\u00fablica\u00bb, opin\u00f3 el edil de Alianza Nacional Javier Barrios Bove.<\/p>\n<p>El legislador present\u00f3 en la Junta Departamental una minuta de aspiraci\u00f3n para que las escuelas, liceos y locales de UTU \u00abqueden exoneradas de la contrataci\u00f3n del servicio de recolecci\u00f3n y contin\u00faen desechando los residuos en contenedores domiciliarios, como se ven\u00eda haciendo hasta ahora\u00bb.<\/p>\n<p>\u00abLas instituciones no solo se ven limitadas al obtener ingresos; tambi\u00e9n deben emplearlos en un servicio lejano a las prioridades educativas\u00bb, concluy\u00f3 Barrios.<\/p>\n<p>Fuente: El Pa\u00eds<\/p>\n","protected":false},"excerpt":{"rendered":"<p>A fines de julio, la directora de la escuela N\u00b0 119 de Piedras Blancas fue apercibida por un funcionario del Servicio de Inspecci\u00f3n General de la Intendencia de Montevideo. Seg\u00fan detall\u00f3 la maestra en una carta que le envi\u00f3 al alcalde del Municipio \u00abF\u00bb, Francisco Fleitas, el municipal le explic\u00f3 que a ra\u00edz de una [&hellip;]<\/p>\n","protected":false},"author":1,"featured_media":26319,"comment_status":"open","ping_status":"open","sticky":false,"template":"","format":"standard","meta":{"footnotes":""},"categories":[232],"tags":[],"class_list":["post-29258","post","type-post","status-publish","format-standard","has-post-thumbnail","hentry","category-departamentales"],"_links":{"self":[{"href":"https:\/\/alianzanacional.com.uy\/web\/wp-json\/wp\/v2\/posts\/29258","targetHints":{"allow":["GET"]}}],"collection":[{"href":"https:\/\/alianzanacional.com.uy\/web\/wp-json\/wp\/v2\/posts"}],"about":[{"href":"https:\/\/alianzanacional.com.uy\/web\/wp-json\/wp\/v2\/types\/post"}],"author":[{"embeddable":true,"href":"https:\/\/alianzanacional.com.uy\/web\/wp-json\/wp\/v2\/users\/1"}],"replies":[{"embeddable":true,"href":"https:\/\/alianzanacional.com.uy\/web\/wp-json\/wp\/v2\/comments?post=29258"}],"version-history":[{"count":1,"href":"https:\/\/alianzanacional.com.uy\/web\/wp-json\/wp\/v2\/posts\/29258\/revisions"}],"predecessor-version":[{"id":29259,"href":"https:\/\/alianzanacional.com.uy\/web\/wp-json\/wp\/v2\/posts\/29258\/revisions\/29259"}],"wp:featuredmedia":[{"embeddable":true,"href":"https:\/\/alianzanacional.com.uy\/web\/wp-json\/wp\/v2\/media\/26319"}],"wp:attachment":[{"href":"https:\/\/alianzanacional.com.uy\/web\/wp-json\/wp\/v2\/media?parent=29258"}],"wp:term":[{"taxonomy":"category","embeddable":true,"href":"https:\/\/alianzanacional.com.uy\/web\/wp-json\/wp\/v2\/categories?post=29258"},{"taxonomy":"post_tag","embeddable":true,"href":"https:\/\/alianzanacional.com.uy\/web\/wp-json\/wp\/v2\/tags?post=29258"}],"curies":[{"name":"wp","href":"https:\/\/api.w.org\/{rel}","templated":true}]}}