{"id":29266,"date":"2016-12-09T23:02:44","date_gmt":"2016-12-10T02:02:44","guid":{"rendered":"http:\/\/alianzanacional.com.uy\/web\/?p=29266"},"modified":"2016-12-09T23:11:09","modified_gmt":"2016-12-10T02:11:09","slug":"larranaga-se-ha-generado-desde-la-foeb-una-iniciativa-que-complementa-a-la-educacion-publica-se-trata-de-un-esfuerzo-que-merece-ser-destacado","status":"publish","type":"post","link":"https:\/\/alianzanacional.com.uy\/web\/larranaga-se-ha-generado-desde-la-foeb-una-iniciativa-que-complementa-a-la-educacion-publica-se-trata-de-un-esfuerzo-que-merece-ser-destacado\/","title":{"rendered":"Larra\u00f1aga: \u00ab(La FOEB) ha generado una iniciativa que complementa a la educaci\u00f3n p\u00fablica y merece ser destacada\u00bb"},"content":{"rendered":"<p><a href=\"https:\/\/alianzanacional.com.uy\/web\/wp-content\/uploads\/2016\/12\/Untitled-1-Recovered.png\"><img fetchpriority=\"high\" decoding=\"async\" src=\"https:\/\/alianzanacional.com.uy\/web\/wp-content\/uploads\/2016\/12\/Untitled-1-Recovered-700x393.png\" alt=\"\" width=\"620\" height=\"348\" class=\"alignnone size-large wp-image-29267\" srcset=\"https:\/\/alianzanacional.com.uy\/web\/wp-content\/uploads\/2016\/12\/Untitled-1-Recovered-700x393.png 700w, https:\/\/alianzanacional.com.uy\/web\/wp-content\/uploads\/2016\/12\/Untitled-1-Recovered-400x225.png 400w, https:\/\/alianzanacional.com.uy\/web\/wp-content\/uploads\/2016\/12\/Untitled-1-Recovered-768x432.png 768w, https:\/\/alianzanacional.com.uy\/web\/wp-content\/uploads\/2016\/12\/Untitled-1-Recovered.png 774w\" sizes=\"(max-width: 620px) 100vw, 620px\" \/><\/a><\/p>\n<p><em>En la media hora previa, el senador y l\u00edder de Alianza Nacional, Jorge Larra\u00f1aga, destac\u00f3 el proyecto de Centros Socioeducativos de la Federaci\u00f3n de Obreros y Empleados de la Bebida (FOEB). <\/em><\/p>\n<p>Se\u00f1ora presidenta: parece que hoy vamos a destinar la media hora previa a la Federaci\u00f3n de Obreros y Empleados de la Bebida, lo que es importante.<\/p>\n<p>Como se ha dicho aqu\u00ed, se ha generado una iniciativa que no compite, sino que complementa la educaci\u00f3n p\u00fablica. Se trata de un esfuerzo que merece ser destacado por muchos motivos, entre otros, por el compromiso de este sindicato en lo que hace a la participaci\u00f3n social y a la solidaridad. Este proyecto estar\u00e1 enfocado a los hijos de los trabajadores, interrelacionando su trabajo con el de las escuelas p\u00fablicas, con el fin de sumar; no se trata de sustituir ni de competir, sino de potenciar. Si queremos sacar adelante a la educaci\u00f3n p\u00fablica \u2013que, m\u00e1s all\u00e1 de las discusiones, sabemos que est\u00e1 mal, que va mal\u2013, nos parece que se deben asumir este tipo de compromisos. Lo digo con responsabilidad y con respeto por todos. No entendemos la solidaridad que ha tenido la federaci\u00f3n como una d\u00e1diva, sino como un acto de responsabilidad y de involucramiento de los padres. <\/p>\n<p>En estos tiempos, pese a estar hiperconectados, hay una suerte de soledad y de aislamiento de nuestros muchachos; hay muchos solitarios conectados \u2013como dice Bauman\u2013 y nos parece que este emprendimiento, que se va a relacionar con la familia y con la escuela, colaborar\u00e1 con ambas instituciones. El pa\u00eds precisa un enorme esfuerzo en materia educativa y creo que ese esfuerzo debe provenir de toda la sociedad; es demasiado grande la problem\u00e1tica que tenemos entre manos como para no llevar adelante una acci\u00f3n en la que nos involucremos todos, sin prescindentes ni cr\u00edticos ac\u00e9rrimos, sino con el esp\u00edritu centrado en el porvenir de nuestros muchachos. Ellos merecen que hagamos este esfuerzo desde la sociedad civil, en este caso desde un sindicato que podr\u00eda estar orientado hacia su funcionamiento, pero que ha elegido sumar. Sabemos que no le ha resultado f\u00e1cil concretar estas metas debido a la burocracia estatal y sindical, que muchas veces dificultan el accionar; sin embargo, decidieron apoyar a doscientos muchachos en \u00e1reas como la construcci\u00f3n ciudadana, el pensamiento l\u00f3gico matem\u00e1tico, el conocimiento del entorno, la expresi\u00f3n art\u00edstica y la comunicaci\u00f3n. Habl\u00e1bamos de educaci\u00f3n en valores, y creo que estos centros, que van a empezar a trabajar en Montevideo, en Minas y en Pan de Az\u00facar, pero que luego se extender\u00e1n a Salto y Paysand\u00fa, pueden ser un complemento que realmente ayude.<\/p>\n<p>Por estas razones, me parece importante el destaque que se han hecho los se\u00f1ores senadores Bordaberry y Mieres \u2013y perd\u00f3nenme la alusi\u00f3n\u2013 sobre un tema al que seguramente tambi\u00e9n referir\u00e1n el se\u00f1or senador Lacalle Pou y alg\u00fan otro amigo o compa\u00f1ero en el Senado. Se trata de iniciativas que deben tener \u00e9xito, que tienen que ser apoyadas y donde los propios legisladores podemos comprometer algunos d\u00edas de nuestras vidas para ir a contar experiencias, para colaborar. \t<\/p>\n<p>Si es posible y lo aceptan los se\u00f1ores senadores Bordaberry y Mieres, solicito que la versi\u00f3n taquigr\u00e1fica de mis palabras se env\u00ede a los lugares indicados por ellos, para que este apoyo sea una expresi\u00f3n conjunta de todo el Senado de la rep\u00fablica, porque m\u00e1s all\u00e1 de que no van a poder hablar todos, estoy seguro de ello. <\/p>\n<p>Muchas gracias.<\/p>\n<p>Vea el video<\/p>\n<p><iframe width=\"560\" height=\"315\" src=\"https:\/\/www.youtube.com\/embed\/k2fS35xYIJY\" frameborder=\"0\" allowfullscreen><\/iframe><\/p>\n","protected":false},"excerpt":{"rendered":"<p>En la media hora previa, el senador y l\u00edder de Alianza Nacional, Jorge Larra\u00f1aga, destac\u00f3 el proyecto de Centros Socioeducativos de la Federaci\u00f3n de Obreros y Empleados de la Bebida (FOEB). Se\u00f1ora presidenta: parece que hoy vamos a destinar la media hora previa a la Federaci\u00f3n de Obreros y Empleados de la Bebida, lo que [&hellip;]<\/p>\n","protected":false},"author":1,"featured_media":29267,"comment_status":"open","ping_status":"open","sticky":false,"template":"","format":"standard","meta":{"footnotes":""},"categories":[164],"tags":[],"class_list":["post-29266","post","type-post","status-publish","format-standard","has-post-thumbnail","hentry","category-legislativas"],"_links":{"self":[{"href":"https:\/\/alianzanacional.com.uy\/web\/wp-json\/wp\/v2\/posts\/29266","targetHints":{"allow":["GET"]}}],"collection":[{"href":"https:\/\/alianzanacional.com.uy\/web\/wp-json\/wp\/v2\/posts"}],"about":[{"href":"https:\/\/alianzanacional.com.uy\/web\/wp-json\/wp\/v2\/types\/post"}],"author":[{"embeddable":true,"href":"https:\/\/alianzanacional.com.uy\/web\/wp-json\/wp\/v2\/users\/1"}],"replies":[{"embeddable":true,"href":"https:\/\/alianzanacional.com.uy\/web\/wp-json\/wp\/v2\/comments?post=29266"}],"version-history":[{"count":3,"href":"https:\/\/alianzanacional.com.uy\/web\/wp-json\/wp\/v2\/posts\/29266\/revisions"}],"predecessor-version":[{"id":29270,"href":"https:\/\/alianzanacional.com.uy\/web\/wp-json\/wp\/v2\/posts\/29266\/revisions\/29270"}],"wp:featuredmedia":[{"embeddable":true,"href":"https:\/\/alianzanacional.com.uy\/web\/wp-json\/wp\/v2\/media\/29267"}],"wp:attachment":[{"href":"https:\/\/alianzanacional.com.uy\/web\/wp-json\/wp\/v2\/media?parent=29266"}],"wp:term":[{"taxonomy":"category","embeddable":true,"href":"https:\/\/alianzanacional.com.uy\/web\/wp-json\/wp\/v2\/categories?post=29266"},{"taxonomy":"post_tag","embeddable":true,"href":"https:\/\/alianzanacional.com.uy\/web\/wp-json\/wp\/v2\/tags?post=29266"}],"curies":[{"name":"wp","href":"https:\/\/api.w.org\/{rel}","templated":true}]}}