{"id":29272,"date":"2016-12-11T18:41:35","date_gmt":"2016-12-11T21:41:35","guid":{"rendered":"http:\/\/alianzanacional.com.uy\/web\/?p=29272"},"modified":"2016-12-11T18:41:35","modified_gmt":"2016-12-11T21:41:35","slug":"larranaga-bordaberry-y-mieres-en-seminario-sobre-resultados-de-pisa","status":"publish","type":"post","link":"https:\/\/alianzanacional.com.uy\/web\/larranaga-bordaberry-y-mieres-en-seminario-sobre-resultados-de-pisa\/","title":{"rendered":"Larra\u00f1aga, Bordaberry y Mieres en seminario sobre resultados de PISA"},"content":{"rendered":"<p><a href=\"https:\/\/alianzanacional.com.uy\/web\/wp-content\/uploads\/2016\/12\/IMG-20161209-WA0004.jpg\"><img fetchpriority=\"high\" decoding=\"async\" src=\"https:\/\/alianzanacional.com.uy\/web\/wp-content\/uploads\/2016\/12\/IMG-20161209-WA0004-700x350.jpg\" alt=\"\" width=\"620\" height=\"310\" class=\"alignnone size-large wp-image-29273\" srcset=\"https:\/\/alianzanacional.com.uy\/web\/wp-content\/uploads\/2016\/12\/IMG-20161209-WA0004-700x350.jpg 700w, https:\/\/alianzanacional.com.uy\/web\/wp-content\/uploads\/2016\/12\/IMG-20161209-WA0004-400x200.jpg 400w, https:\/\/alianzanacional.com.uy\/web\/wp-content\/uploads\/2016\/12\/IMG-20161209-WA0004-768x384.jpg 768w, https:\/\/alianzanacional.com.uy\/web\/wp-content\/uploads\/2016\/12\/IMG-20161209-WA0004.jpg 1280w\" sizes=\"(max-width: 620px) 100vw, 620px\" \/><\/a><\/p>\n<p>Seminario: \u201cQu\u00e9 hacer con los resultados de PISA. Una mirada propositiva al desaf\u00edo educativo\u201d.<\/p>\n<p>El senador y l\u00edder de Alianza Nacional, Jorge Larra\u00f1aga, junto a los senadores Pedro Bordaberry y Pablo Mieres aportar\u00e1n \u201cla mirada desde los Partidos Pol\u00edticos\u201d en el Seminario: \u201cQu\u00e9 debe hacer el pa\u00eds con los resultados PISA 2016. Una mirada propositiva al desaf\u00edo educativo\u201d, que organiza la Fundaci\u00f3n para la Democracia Wilson Ferreira Aldunate en cooperaci\u00f3n con la Fundaci\u00f3n Konrad Adenauer.<\/p>\n<p>Larra\u00f1aga, Bordaberry y Mieres expondr\u00e1n su visi\u00f3n en el segundo m\u00f3dulo de la actividad, en el horario de 11:30 a 12:15 hs. <\/p>\n<p>En la previa (9:30 a 11:15 hs), el Mag. Pedro Ravela, en su car\u00e1cter de experto independiente, presentar\u00e1 la relator\u00eda de los aportes realizados por expertos en educaci\u00f3n, seguido de un espacio para la mirada de las autoridades educativas, tal cual el programa que se adjunta.<\/p>\n<p>Desde la organizaci\u00f3n se expres\u00f3 que \u201cCon la organizaci\u00f3n de este evento se pretende realizar una actividad acad\u00e9mica de jerarqu\u00eda, con miradas independientes y plurales, que permita avanzar en el camino de consensuar visiones propositivas en un di\u00e1logo pol\u00edticos-expertos. El objetivo ser\u00eda salir del c\u00edrculo en que cae el pa\u00eds cuando se presentan los resultados de cada edici\u00f3n de la prueba PISA y, despu\u00e9s, no sucede nada con la informaci\u00f3n disponible. Se pretende trabajar no sobre lo que ya est\u00e1 dado y que revelan los resultados, sino a partir de los insumos que nos proporciona la prueba, plantear con \u00e9nfasis qu\u00e9 debe hacer el pa\u00eds y el Sistema educativo para transformar positivamente la realidad\u201d.<\/p>\n<p>La actividad, abierta al p\u00fablico, se realizar\u00e1 el en la Sala de Conferencias del Banco Central de Uruguay, ubicado en Diagonal Fabini 777, el pr\u00f3ximo lunes 12 de diciembre a partir de las 9:30 horas.<br \/>\n<a href=\"http:\/\/alianzanacional.us1.list-manage.com\/track\/click?u=877c4b0523344e0e1b477e8c5&#038;id=610aba779b&#038;e=9dca4ff587\" target=\"_blank\">DESCARGUE EL PROGRAMA <\/a><\/p>\n","protected":false},"excerpt":{"rendered":"<p>Seminario: \u201cQu\u00e9 hacer con los resultados de PISA. Una mirada propositiva al desaf\u00edo educativo\u201d. El senador y l\u00edder de Alianza Nacional, Jorge Larra\u00f1aga, junto a los senadores Pedro Bordaberry y Pablo Mieres aportar\u00e1n \u201cla mirada desde los Partidos Pol\u00edticos\u201d en el Seminario: \u201cQu\u00e9 debe hacer el pa\u00eds con los resultados PISA 2016. Una mirada propositiva [&hellip;]<\/p>\n","protected":false},"author":1,"featured_media":29273,"comment_status":"open","ping_status":"open","sticky":false,"template":"","format":"standard","meta":{"footnotes":""},"categories":[4],"tags":[],"class_list":["post-29272","post","type-post","status-publish","format-standard","has-post-thumbnail","hentry","category-agenda"],"_links":{"self":[{"href":"https:\/\/alianzanacional.com.uy\/web\/wp-json\/wp\/v2\/posts\/29272","targetHints":{"allow":["GET"]}}],"collection":[{"href":"https:\/\/alianzanacional.com.uy\/web\/wp-json\/wp\/v2\/posts"}],"about":[{"href":"https:\/\/alianzanacional.com.uy\/web\/wp-json\/wp\/v2\/types\/post"}],"author":[{"embeddable":true,"href":"https:\/\/alianzanacional.com.uy\/web\/wp-json\/wp\/v2\/users\/1"}],"replies":[{"embeddable":true,"href":"https:\/\/alianzanacional.com.uy\/web\/wp-json\/wp\/v2\/comments?post=29272"}],"version-history":[{"count":1,"href":"https:\/\/alianzanacional.com.uy\/web\/wp-json\/wp\/v2\/posts\/29272\/revisions"}],"predecessor-version":[{"id":29274,"href":"https:\/\/alianzanacional.com.uy\/web\/wp-json\/wp\/v2\/posts\/29272\/revisions\/29274"}],"wp:featuredmedia":[{"embeddable":true,"href":"https:\/\/alianzanacional.com.uy\/web\/wp-json\/wp\/v2\/media\/29273"}],"wp:attachment":[{"href":"https:\/\/alianzanacional.com.uy\/web\/wp-json\/wp\/v2\/media?parent=29272"}],"wp:term":[{"taxonomy":"category","embeddable":true,"href":"https:\/\/alianzanacional.com.uy\/web\/wp-json\/wp\/v2\/categories?post=29272"},{"taxonomy":"post_tag","embeddable":true,"href":"https:\/\/alianzanacional.com.uy\/web\/wp-json\/wp\/v2\/tags?post=29272"}],"curies":[{"name":"wp","href":"https:\/\/api.w.org\/{rel}","templated":true}]}}