{"id":29275,"date":"2016-12-13T17:28:49","date_gmt":"2016-12-13T20:28:49","guid":{"rendered":"http:\/\/alianzanacional.com.uy\/web\/?p=29275"},"modified":"2016-12-14T14:15:45","modified_gmt":"2016-12-14T17:15:45","slug":"camy-hizo-uso-de-la-palabra-en-homenaje-a-liber-seregni","status":"publish","type":"post","link":"https:\/\/alianzanacional.com.uy\/web\/camy-hizo-uso-de-la-palabra-en-homenaje-a-liber-seregni\/","title":{"rendered":"Camy hizo uso de la palabra en homenaje a L\u00edber Seregni"},"content":{"rendered":"<p><a href=\"https:\/\/alianzanacional.com.uy\/web\/wp-content\/uploads\/2016\/12\/13.12.16-Homenaje-a-Gral.-Seregni_0109.jpg\"><img fetchpriority=\"high\" decoding=\"async\" src=\"https:\/\/alianzanacional.com.uy\/web\/wp-content\/uploads\/2016\/12\/13.12.16-Homenaje-a-Gral.-Seregni_0109-700x467.jpg\" alt=\"\" width=\"620\" height=\"414\" class=\"alignnone size-large wp-image-29284\" srcset=\"https:\/\/alianzanacional.com.uy\/web\/wp-content\/uploads\/2016\/12\/13.12.16-Homenaje-a-Gral.-Seregni_0109-700x467.jpg 700w, https:\/\/alianzanacional.com.uy\/web\/wp-content\/uploads\/2016\/12\/13.12.16-Homenaje-a-Gral.-Seregni_0109-400x267.jpg 400w, https:\/\/alianzanacional.com.uy\/web\/wp-content\/uploads\/2016\/12\/13.12.16-Homenaje-a-Gral.-Seregni_0109-768x512.jpg 768w, https:\/\/alianzanacional.com.uy\/web\/wp-content\/uploads\/2016\/12\/13.12.16-Homenaje-a-Gral.-Seregni_0109.jpg 1920w\" sizes=\"(max-width: 620px) 100vw, 620px\" \/><\/a><\/p>\n<p>El martes 13 se conmemor\u00f3 el centenario del nacimiento del fundador del Frente Amplio, y la Asamblea le brind\u00f3 homenaje. <\/p>\n<p>En la misma, el senador Carlos Camy fue uno de los oradores por el Partido Nacional. <\/p>\n<p>En su exposici\u00f3n Camy se\u00f1al\u00f3 que Seregni \u00abfue un constructor. Un obrero de la construcci\u00f3n de la patria del futuro\u00bb como sol\u00eda decir. <\/p>\n<p>Agreg\u00f3 que \u00abconstruy\u00f3 una fuerza pol\u00edtica sintetizando la pluralidad ideol\u00f3gica de la izquierda uruguaya\u00bb as\u00ed como  \u00abuna forma de hacer en pol\u00edtica. Sintetizando las diferencias, sin apagarlas, sin oprimirlas. Buscaba los consensos, defendiendo sus convicciones, y tambi\u00e9n sabiendo que cuando una mayor\u00eda hablaba, se acataba.<br \/>\nQuiz\u00e1s su formaci\u00f3n militar le permit\u00eda tener una disciplina y una visi\u00f3n estrat\u00e9gica. Andaba con las luces largas.<br \/>\nEsa visi\u00f3n le permiti\u00f3 diagramar algo que parec\u00eda imposible. Pero, como lo dijo en una entrevista, no ven\u00eda a la pol\u00edtica para aceptar la realidad que pretend\u00eda cambiar, ven\u00eda para luchar y transformar profundamente la realidad nacional.<br \/>\nEsa visi\u00f3n de largo plazo siempre presente en el pensamiento estrat\u00e9gico seregnista fue quiz\u00e1s lo que lo llev\u00f3 a apoyar la reforma constitucional que instaur\u00f3 el balotaje para que su Frente Amplio ganara concitando grandes mayor\u00edas.<br \/>\nEsa misma visi\u00f3n prospectiva lo llev\u00f3 luego a generar el Centro de Estudios Estrat\u00e9gicos 1815 que reuni\u00f3 a expertos e intelectuales de la vida nacional. <\/p>\n<p>Son esas cosas que hac\u00eda de Seregni lo que lo hac\u00eda una figura diferente de la pol\u00edtica uruguaya. Diferente pero bien uruguaya. Porque sigue siendo bien uruguayo pensar en t\u00e9rminos de pa\u00eds y no de chacra, porque sigue siendo de uruguayo pensar que el rival no es enemigo. Que hay limites en la lucha pol\u00edtica.El rival quiere ganar. El enemigo quiere negar\u00bb.<\/p>\n<p>Y record\u00f3 el discurso que Seregni realizara el 5 de febrero del 96 en el 25 aniversario del Frente Amplio: \u00aben un momento se\u00f1al\u00f3 que esa tarde hab\u00eda recibido en su casa la visita del Presidente del Directorio del Partido Nacional Alberto Volont\u00e9 quien le transmiti\u00f3 el saludo del Partido Nacional y adem\u00e1s cont\u00f3 que lo hab\u00eda llamado el Secretario General del Partido Colorado, Cuando realiza esas menciones, hubo un sector del p\u00fablico lanz\u00f3 alguna ofensa y el General Seregni reaccion\u00f3: \u00a1no, compan\u0303eros! Tomemos las cosas con la altura que tienen!. Estamos viviendo en una democracia. Nosotros queremos la convivencia y la democracia. Asignemos todo el valor a estos saludos recibidos\u00a8. Ah\u00ed fij\u00f3 un l\u00edmite, el l\u00edmite era nada m\u00e1s y nada menos que el respeto\u00bb.<\/p>\n","protected":false},"excerpt":{"rendered":"<p>El martes 13 se conmemor\u00f3 el centenario del nacimiento del fundador del Frente Amplio, y la Asamblea le brind\u00f3 homenaje. En la misma, el senador Carlos Camy fue uno de los oradores por el Partido Nacional. En su exposici\u00f3n Camy se\u00f1al\u00f3 que Seregni \u00abfue un constructor. Un obrero de la construcci\u00f3n de la patria del [&hellip;]<\/p>\n","protected":false},"author":1,"featured_media":29284,"comment_status":"open","ping_status":"open","sticky":false,"template":"","format":"standard","meta":{"footnotes":""},"categories":[164],"tags":[],"class_list":["post-29275","post","type-post","status-publish","format-standard","has-post-thumbnail","hentry","category-legislativas"],"_links":{"self":[{"href":"https:\/\/alianzanacional.com.uy\/web\/wp-json\/wp\/v2\/posts\/29275","targetHints":{"allow":["GET"]}}],"collection":[{"href":"https:\/\/alianzanacional.com.uy\/web\/wp-json\/wp\/v2\/posts"}],"about":[{"href":"https:\/\/alianzanacional.com.uy\/web\/wp-json\/wp\/v2\/types\/post"}],"author":[{"embeddable":true,"href":"https:\/\/alianzanacional.com.uy\/web\/wp-json\/wp\/v2\/users\/1"}],"replies":[{"embeddable":true,"href":"https:\/\/alianzanacional.com.uy\/web\/wp-json\/wp\/v2\/comments?post=29275"}],"version-history":[{"count":3,"href":"https:\/\/alianzanacional.com.uy\/web\/wp-json\/wp\/v2\/posts\/29275\/revisions"}],"predecessor-version":[{"id":29286,"href":"https:\/\/alianzanacional.com.uy\/web\/wp-json\/wp\/v2\/posts\/29275\/revisions\/29286"}],"wp:featuredmedia":[{"embeddable":true,"href":"https:\/\/alianzanacional.com.uy\/web\/wp-json\/wp\/v2\/media\/29284"}],"wp:attachment":[{"href":"https:\/\/alianzanacional.com.uy\/web\/wp-json\/wp\/v2\/media?parent=29275"}],"wp:term":[{"taxonomy":"category","embeddable":true,"href":"https:\/\/alianzanacional.com.uy\/web\/wp-json\/wp\/v2\/categories?post=29275"},{"taxonomy":"post_tag","embeddable":true,"href":"https:\/\/alianzanacional.com.uy\/web\/wp-json\/wp\/v2\/tags?post=29275"}],"curies":[{"name":"wp","href":"https:\/\/api.w.org\/{rel}","templated":true}]}}