{"id":29294,"date":"2016-12-23T12:16:07","date_gmt":"2016-12-23T15:16:07","guid":{"rendered":"http:\/\/alianzanacional.com.uy\/web\/?p=29294"},"modified":"2016-12-23T12:16:07","modified_gmt":"2016-12-23T15:16:07","slug":"olivera-presento-su-balance-de-gestion-2016","status":"publish","type":"post","link":"https:\/\/alianzanacional.com.uy\/web\/olivera-presento-su-balance-de-gestion-2016\/","title":{"rendered":"Olivera present\u00f3 su Balance de gesti\u00f3n 2016."},"content":{"rendered":"<p><a href=\"https:\/\/alianzanacional.com.uy\/web\/wp-content\/uploads\/2016\/12\/Dip-Nicol\u00e1s-Olivera-Balance-de-Gesti\u00f3n-2016-final-1.jpg\"><img fetchpriority=\"high\" decoding=\"async\" src=\"https:\/\/alianzanacional.com.uy\/web\/wp-content\/uploads\/2016\/12\/Dip-Nicol\u00e1s-Olivera-Balance-de-Gesti\u00f3n-2016-final-1-700x394.jpg\" alt=\"\" width=\"620\" height=\"349\" class=\"alignnone size-large wp-image-29296\" \/><\/a><\/p>\n<p>El Diputado de Alianza Nacional por Paysand\u00fa, Dr. Nicol\u00e1s Olivera, present\u00f3 el Balance de su gesti\u00f3n en 2016.<br \/>\nEn \u00e9l hace un recuento de la actividad realizada  por el representante sanducero, con 100% de asistencia a Comisiones Permanentes, 94% de asistencia al Plenario de la C\u00e1mara Baja, 75 actos parlamentarios realizados entre exposiciones, aditivos y pedidos de informe y 73200 kil\u00f3metros recorridos con 300 visitas mantenidas durante este 2016 a\u00fan por finalizar. <\/p>\n<p><a href=\"https:\/\/alianzanacional.com.uy\/web\/wp-content\/uploads\/2016\/12\/Dip-Nicol\u00e1s-Olivera-Balance-de-Gesti\u00f3n-2016-final.pdf\">Descargue el documento<\/a><\/p>\n","protected":false},"excerpt":{"rendered":"<p>El Diputado de Alianza Nacional por Paysand\u00fa, Dr. Nicol\u00e1s Olivera, present\u00f3 el Balance de su gesti\u00f3n en 2016. En \u00e9l hace un recuento de la actividad realizada por el representante sanducero, con 100% de asistencia a Comisiones Permanentes, 94% de asistencia al Plenario de la C\u00e1mara Baja, 75 actos parlamentarios realizados entre exposiciones, aditivos y [&hellip;]<\/p>\n","protected":false},"author":1,"featured_media":29296,"comment_status":"open","ping_status":"open","sticky":false,"template":"","format":"standard","meta":{"footnotes":""},"categories":[164],"tags":[],"class_list":["post-29294","post","type-post","status-publish","format-standard","has-post-thumbnail","hentry","category-legislativas"],"_links":{"self":[{"href":"https:\/\/alianzanacional.com.uy\/web\/wp-json\/wp\/v2\/posts\/29294","targetHints":{"allow":["GET"]}}],"collection":[{"href":"https:\/\/alianzanacional.com.uy\/web\/wp-json\/wp\/v2\/posts"}],"about":[{"href":"https:\/\/alianzanacional.com.uy\/web\/wp-json\/wp\/v2\/types\/post"}],"author":[{"embeddable":true,"href":"https:\/\/alianzanacional.com.uy\/web\/wp-json\/wp\/v2\/users\/1"}],"replies":[{"embeddable":true,"href":"https:\/\/alianzanacional.com.uy\/web\/wp-json\/wp\/v2\/comments?post=29294"}],"version-history":[{"count":1,"href":"https:\/\/alianzanacional.com.uy\/web\/wp-json\/wp\/v2\/posts\/29294\/revisions"}],"predecessor-version":[{"id":29297,"href":"https:\/\/alianzanacional.com.uy\/web\/wp-json\/wp\/v2\/posts\/29294\/revisions\/29297"}],"wp:featuredmedia":[{"embeddable":true,"href":"https:\/\/alianzanacional.com.uy\/web\/wp-json\/wp\/v2\/media\/29296"}],"wp:attachment":[{"href":"https:\/\/alianzanacional.com.uy\/web\/wp-json\/wp\/v2\/media?parent=29294"}],"wp:term":[{"taxonomy":"category","embeddable":true,"href":"https:\/\/alianzanacional.com.uy\/web\/wp-json\/wp\/v2\/categories?post=29294"},{"taxonomy":"post_tag","embeddable":true,"href":"https:\/\/alianzanacional.com.uy\/web\/wp-json\/wp\/v2\/tags?post=29294"}],"curies":[{"name":"wp","href":"https:\/\/api.w.org\/{rel}","templated":true}]}}