{"id":29298,"date":"2016-12-23T12:15:28","date_gmt":"2016-12-23T15:15:28","guid":{"rendered":"http:\/\/alianzanacional.com.uy\/web\/?p=29298"},"modified":"2016-12-23T12:15:28","modified_gmt":"2016-12-23T15:15:28","slug":"ayala-presento-balance-de-gestion-2016","status":"publish","type":"post","link":"https:\/\/alianzanacional.com.uy\/web\/ayala-presento-balance-de-gestion-2016\/","title":{"rendered":"Ayala present\u00f3 balance de gesti\u00f3n 2016"},"content":{"rendered":"<p>El diputado por Artigas, Mario Ayala, present\u00f3, ante un numeroso auditorio, el \u00abResumen del a\u00f1o, un balance de la gesti\u00f3n\u00bb, en la Asociaci\u00f3n Agropecuaria de Artigas.<br \/>\nLa ocasi\u00f3n fue propicia para, adem\u00e1s de la referida rendici\u00f3n de cuentas, escuchar sugerencias, reclamos, cr\u00edticas, planteos, saludar por las tradicionales fiestas y construir el plan de acci\u00f3n 2017. <\/p>\n<div id='gallery-1' class='gallery galleryid-29298 gallery-columns-3 gallery-size-thumbnail'><figure class='gallery-item'>\n\t\t\t<div class='gallery-icon landscape'>\n\t\t\t\t<a href='https:\/\/alianzanacional.com.uy\/web\/ayala-presento-balance-de-gestion-2016\/15589990_401511330180582_7437814329355427108_n\/'><img decoding=\"async\" width=\"150\" height=\"150\" src=\"https:\/\/alianzanacional.com.uy\/web\/wp-content\/uploads\/2016\/12\/15589990_401511330180582_7437814329355427108_n-150x150.jpg\" class=\"attachment-thumbnail size-thumbnail\" alt=\"\" \/><\/a>\n\t\t\t<\/div><\/figure><figure class='gallery-item'>\n\t\t\t<div class='gallery-icon landscape'>\n\t\t\t\t<a href='https:\/\/alianzanacional.com.uy\/web\/ayala-presento-balance-de-gestion-2016\/15665892_401511383513910_6277925036876502554_n\/'><img decoding=\"async\" width=\"150\" height=\"150\" src=\"https:\/\/alianzanacional.com.uy\/web\/wp-content\/uploads\/2016\/12\/15665892_401511383513910_6277925036876502554_n-150x150.jpg\" class=\"attachment-thumbnail size-thumbnail\" alt=\"\" \/><\/a>\n\t\t\t<\/div><\/figure><figure class='gallery-item'>\n\t\t\t<div class='gallery-icon landscape'>\n\t\t\t\t<a href='https:\/\/alianzanacional.com.uy\/web\/ayala-presento-balance-de-gestion-2016\/15590358_401511660180549_4601691412562006869_n\/'><img decoding=\"async\" width=\"150\" height=\"150\" src=\"https:\/\/alianzanacional.com.uy\/web\/wp-content\/uploads\/2016\/12\/15590358_401511660180549_4601691412562006869_n-150x150.jpg\" class=\"attachment-thumbnail size-thumbnail\" alt=\"\" \/><\/a>\n\t\t\t<\/div><\/figure><figure class='gallery-item'>\n\t\t\t<div class='gallery-icon landscape'>\n\t\t\t\t<a href='https:\/\/alianzanacional.com.uy\/web\/ayala-presento-balance-de-gestion-2016\/15542231_401511483513900_9101150221945661798_n\/'><img loading=\"lazy\" decoding=\"async\" width=\"150\" height=\"150\" src=\"https:\/\/alianzanacional.com.uy\/web\/wp-content\/uploads\/2016\/12\/15542231_401511483513900_9101150221945661798_n-150x150.jpg\" class=\"attachment-thumbnail size-thumbnail\" alt=\"\" \/><\/a>\n\t\t\t<\/div><\/figure><figure class='gallery-item'>\n\t\t\t<div class='gallery-icon landscape'>\n\t\t\t\t<a href='https:\/\/alianzanacional.com.uy\/web\/ayala-presento-balance-de-gestion-2016\/15284188_401511560180559_5946902733131302947_n\/'><img loading=\"lazy\" decoding=\"async\" width=\"150\" height=\"150\" src=\"https:\/\/alianzanacional.com.uy\/web\/wp-content\/uploads\/2016\/12\/15284188_401511560180559_5946902733131302947_n-150x150.jpg\" class=\"attachment-thumbnail size-thumbnail\" alt=\"\" \/><\/a>\n\t\t\t<\/div><\/figure><figure class='gallery-item'>\n\t\t\t<div class='gallery-icon landscape'>\n\t\t\t\t<a href='https:\/\/alianzanacional.com.uy\/web\/ayala-presento-balance-de-gestion-2016\/15665791_401511733513875_7869773640962944618_n\/'><img loading=\"lazy\" decoding=\"async\" width=\"150\" height=\"150\" src=\"https:\/\/alianzanacional.com.uy\/web\/wp-content\/uploads\/2016\/12\/15665791_401511733513875_7869773640962944618_n-150x150.jpg\" class=\"attachment-thumbnail size-thumbnail\" alt=\"\" \/><\/a>\n\t\t\t<\/div><\/figure><figure class='gallery-item'>\n\t\t\t<div class='gallery-icon landscape'>\n\t\t\t\t<a href='https:\/\/alianzanacional.com.uy\/web\/ayala-presento-balance-de-gestion-2016\/15672807_401511813513867_4664324117121871951_n\/'><img loading=\"lazy\" decoding=\"async\" width=\"150\" height=\"150\" src=\"https:\/\/alianzanacional.com.uy\/web\/wp-content\/uploads\/2016\/12\/15672807_401511813513867_4664324117121871951_n-150x150.jpg\" class=\"attachment-thumbnail size-thumbnail\" alt=\"\" \/><\/a>\n\t\t\t<\/div><\/figure>\n\t\t<\/div>\n\n<p><iframe src=\"https:\/\/www.facebook.com\/plugins\/video.php?href=https%3A%2F%2Fwww.facebook.com%2F284722471859469%2Fvideos%2F401514656846916%2F&#038;show_text=0&#038;width=400\" width=\"400\" height=\"400\" style=\"border:none;overflow:hidden\" scrolling=\"no\" frameborder=\"0\" allowTransparency=\"true\" allowFullScreen=\"true\"><\/iframe><\/p>\n","protected":false},"excerpt":{"rendered":"<p>El diputado por Artigas, Mario Ayala, present\u00f3, ante un numeroso auditorio, el \u00abResumen del a\u00f1o, un balance de la gesti\u00f3n\u00bb, en la Asociaci\u00f3n Agropecuaria de Artigas. La ocasi\u00f3n fue propicia para, adem\u00e1s de la referida rendici\u00f3n de cuentas, escuchar sugerencias, reclamos, cr\u00edticas, planteos, saludar por las tradicionales fiestas y construir el plan de acci\u00f3n 2017.<\/p>\n","protected":false},"author":1,"featured_media":29305,"comment_status":"open","ping_status":"open","sticky":false,"template":"","format":"standard","meta":{"footnotes":""},"categories":[164],"tags":[],"class_list":["post-29298","post","type-post","status-publish","format-standard","has-post-thumbnail","hentry","category-legislativas"],"_links":{"self":[{"href":"https:\/\/alianzanacional.com.uy\/web\/wp-json\/wp\/v2\/posts\/29298","targetHints":{"allow":["GET"]}}],"collection":[{"href":"https:\/\/alianzanacional.com.uy\/web\/wp-json\/wp\/v2\/posts"}],"about":[{"href":"https:\/\/alianzanacional.com.uy\/web\/wp-json\/wp\/v2\/types\/post"}],"author":[{"embeddable":true,"href":"https:\/\/alianzanacional.com.uy\/web\/wp-json\/wp\/v2\/users\/1"}],"replies":[{"embeddable":true,"href":"https:\/\/alianzanacional.com.uy\/web\/wp-json\/wp\/v2\/comments?post=29298"}],"version-history":[{"count":1,"href":"https:\/\/alianzanacional.com.uy\/web\/wp-json\/wp\/v2\/posts\/29298\/revisions"}],"predecessor-version":[{"id":29306,"href":"https:\/\/alianzanacional.com.uy\/web\/wp-json\/wp\/v2\/posts\/29298\/revisions\/29306"}],"wp:featuredmedia":[{"embeddable":true,"href":"https:\/\/alianzanacional.com.uy\/web\/wp-json\/wp\/v2\/media\/29305"}],"wp:attachment":[{"href":"https:\/\/alianzanacional.com.uy\/web\/wp-json\/wp\/v2\/media?parent=29298"}],"wp:term":[{"taxonomy":"category","embeddable":true,"href":"https:\/\/alianzanacional.com.uy\/web\/wp-json\/wp\/v2\/categories?post=29298"},{"taxonomy":"post_tag","embeddable":true,"href":"https:\/\/alianzanacional.com.uy\/web\/wp-json\/wp\/v2\/tags?post=29298"}],"curies":[{"name":"wp","href":"https:\/\/api.w.org\/{rel}","templated":true}]}}