{"id":29323,"date":"2016-12-30T10:47:53","date_gmt":"2016-12-30T13:47:53","guid":{"rendered":"http:\/\/alianzanacional.com.uy\/web\/?p=29323"},"modified":"2016-12-30T12:49:47","modified_gmt":"2016-12-30T15:49:47","slug":"arrieta-presento-proyecto-de-ley-para-la-creacion-del-fondo-nacional-de-emergencias","status":"publish","type":"post","link":"https:\/\/alianzanacional.com.uy\/web\/arrieta-presento-proyecto-de-ley-para-la-creacion-del-fondo-nacional-de-emergencias\/","title":{"rendered":"Arrieta present\u00f3 proyecto de Ley para la creaci\u00f3n del \u201cFondo Nacional de Emergencias\u201d"},"content":{"rendered":"<p><a href=\"https:\/\/alianzanacional.com.uy\/web\/wp-content\/uploads\/2016\/05\/17.06.15-.-E.-Arrieta.jpg\"><img fetchpriority=\"high\" decoding=\"async\" src=\"https:\/\/alianzanacional.com.uy\/web\/wp-content\/uploads\/2016\/05\/17.06.15-.-E.-Arrieta-700x393.jpg\" alt=\"\" width=\"620\" height=\"348\" class=\"alignnone size-large wp-image-28549\" srcset=\"https:\/\/alianzanacional.com.uy\/web\/wp-content\/uploads\/2016\/05\/17.06.15-.-E.-Arrieta-700x393.jpg 700w, https:\/\/alianzanacional.com.uy\/web\/wp-content\/uploads\/2016\/05\/17.06.15-.-E.-Arrieta-400x225.jpg 400w, https:\/\/alianzanacional.com.uy\/web\/wp-content\/uploads\/2016\/05\/17.06.15-.-E.-Arrieta-768x432.jpg 768w, https:\/\/alianzanacional.com.uy\/web\/wp-content\/uploads\/2016\/05\/17.06.15-.-E.-Arrieta.jpg 1107w\" sizes=\"(max-width: 620px) 100vw, 620px\" \/><\/a><\/p>\n<p>Con motivo de los frecuentes y violentos eventos climatol\u00f3gicos ocurridos \u00faltimamente en nuestro pa\u00eds, se entiende necesario contar con un Fondo que con recursos econ\u00f3micos del Gobierno Nacional, pueda asistir r\u00e1pidamente a una Intendencia que as\u00ed lo requiera ante una situaci\u00f3n de urgencia o emergencia. Es el caso de los \u00faltimos eventos sucedidos en el Departamento de Maldonado, en especial el ocurrido la semana pasada en San Carlos.<\/p>\n<p>De aprobarse este Proyecto de Ley, se constituir\u00eda este Fondo Nacional de Emergencia en el \u00e1mbito de la OPP, y ser\u00eda gestionado por una Comisi\u00f3n Administradora presidida por el propio Director de la OPP, el Director del SINAE y el Presidente del Congreso de Intendentes.<\/p>\n<p>El Fondo contar\u00eda con recursos financieros de aproximadamente U$S 15.000.000 anuales para atender estas situaciones extremas. Esta iniciativa de la Representante por Maldonado Elisabeth Arrieta fue acompa\u00f1ada por los diputados de este Departamento Dip Nelson Rodr\u00edguez PN, Dip. Delfino Pi\u00f1eiro FA (suplente de Dario P\u00e9rez), Dip Jorge Schurman PC (suplente de Germ\u00e1n Cardoso) y el Dip Heriberto Sosa PI, adem\u00e1s de otros Legisladores Nacionalistas. <\/p>\n<p><strong>PROYECTO DE LEY<br \/>\nCREACI\u00d3N DEL \u201cFONDO NACIONAL DE EMERGENCIAS\u201d<br \/>\nEXPOSICI\u00d2N DE MOTIVOS<\/strong><\/p>\n<p>Cient\u00edficos y organizaciones especializadas del mundo entero vienen desde las \u00faltimas d\u00e9cadas advirtiendo de los efectos y consecuencias del llamado \u201ccambio clim\u00e1tico\u201d.<br \/>\nLa violencia y frecuencia de los \u00faltimos eventos climatol\u00f3gicos registrados en nuestro pa\u00eds, especialmente  durante el a\u00f1o en curso, nos deben hacer tomar conciencia de la magnitud del mismo y nos obligan a pensar que se trata de una realidad que ha llegado para quedarse.<br \/>\nLa ubicaci\u00f3n geogr\u00e1fica del Uruguay, con cientos de kil\u00f3metros de costas, expuestas en forma directa y abierta al R\u00edo de la Plata y al Oc\u00e9ano Atl\u00e1ntico, lo hacen especialmente vulnerable a este tipo de fen\u00f3menos extremos.<br \/>\nEn tales circunstancias, se entiende que debe ser de la m\u00e1xima responsabilidad pol\u00edtica legislar para concretar un \u201cFondo Nacional de Emergencias\u201d que permita en casos de urgencia o emergencia contar en forma inmediata con recursos financieros que habiliten una r\u00e1pida respuesta institucional, en cualquier rinc\u00f3n de los diecinueve departamentos del pa\u00eds, que a su vez haga efectiva y eficiente la coordinaci\u00f3n entre el SINAE y las Intendencias Departamentales, permitiendo brindar soluciones concretas.<br \/>\nEn la mayor\u00eda de los casos de emergencia referidos, se ha constatado muy buena coordinaci\u00f3n entre los distintos organismos estatales y las Intendencias Departamentales. Sin embargo y sin perjuicio de lo anterior, se ha observado que el no contar inmediatamente con recursos financieros extras a efectos de afrontar estas situaciones excepcionales, impide muchas veces brindar la respuesta requerida y merecida por vecinos y vecinas damnificados, en tiempo y forma.<br \/>\nEs por lo expuesto, que se considera imprescindible la creaci\u00f3n del mencionado \u201cFondo Nacional de Emergencias\u201d en el \u00e1mbito de la OPP, el cual deber\u00e1 contar con recursos financieros concretos, provenientes de aportes directos del Estado, que habilite en caso de situaciones de urgencia o emergencia, transferir de manera inmediata parte de esos recursos a las Intendencias Departamentales afectadas en su territorio ante su requerimiento, posibilitando as\u00ed dar r\u00e1pidas soluciones materiales.<br \/>\nPara la administraci\u00f3n y  gesti\u00f3n del FNE, hacer efectiva la transferencia financiera en caso de necesidad, as\u00ed como el contralor y rendici\u00f3n de cuenta posterior, se propone crear una Comisi\u00f3n Administradora del Fondo Nacional de Emergencias, integrada por el Director de la OPP, quien la presidir\u00e1, el Director del SINAE, y el Presidente del Congreso de Intendentes.<br \/>\nEn particular, se hace notar que este Proyecto de Ley prev\u00e9 que los recursos a disponibilidad del Fondo Nacional de Emergencia deber\u00e1n estar depositados en una cuenta bancaria en el Banco de la Rep\u00fablica, espec\u00edfica para este fin, creada al solo efecto del FNE y gestionada por la Comisi\u00f3n Administradora antes mencionada.<br \/>\nSe pretende adem\u00e1s, permitir a los Gobiernos Departamentales la posibilidad de recibir donaciones y apoyos en casos de emergencia, de parte de personas f\u00edsicas, empresas e instituciones privadas, ONGs, fundaciones, instituciones religiosas, y otras organizaciones sociales, con destino a colaborar con vecinos y vecinas damnificados.<br \/>\nComo una forma de agradecimiento a estos colaboradores, se propone que la Comisi\u00f3n Administradora del FNE, con la informaci\u00f3n enviada por las Intendencias Departamentales, elabore anualmente un informe de Responsabilidad Social donde consten las donaciones, aportes y apoyos realizados ante distintas situaciones de urgencia o emergencia, efectuados por personas f\u00edsicas, empresas e instituciones p\u00fablicas o privadas, Organizaciones no gubernamentales (ONGs), fundaciones, instituciones religiosas, y dem\u00e1s organizaciones sociales, el que ser\u00e1 dado a publicidad el d\u00eda 31 de agosto de cada a\u00f1o, \u201cD\u00eda Mundial de la Solidaridad\u201d.<\/p>\n","protected":false},"excerpt":{"rendered":"<p>Con motivo de los frecuentes y violentos eventos climatol\u00f3gicos ocurridos \u00faltimamente en nuestro pa\u00eds, se entiende necesario contar con un Fondo que con recursos econ\u00f3micos del Gobierno Nacional, pueda asistir r\u00e1pidamente a una Intendencia que as\u00ed lo requiera ante una situaci\u00f3n de urgencia o emergencia. Es el caso de los \u00faltimos eventos sucedidos en el [&hellip;]<\/p>\n","protected":false},"author":1,"featured_media":28549,"comment_status":"open","ping_status":"open","sticky":false,"template":"","format":"standard","meta":{"footnotes":""},"categories":[164],"tags":[],"class_list":["post-29323","post","type-post","status-publish","format-standard","has-post-thumbnail","hentry","category-legislativas"],"_links":{"self":[{"href":"https:\/\/alianzanacional.com.uy\/web\/wp-json\/wp\/v2\/posts\/29323","targetHints":{"allow":["GET"]}}],"collection":[{"href":"https:\/\/alianzanacional.com.uy\/web\/wp-json\/wp\/v2\/posts"}],"about":[{"href":"https:\/\/alianzanacional.com.uy\/web\/wp-json\/wp\/v2\/types\/post"}],"author":[{"embeddable":true,"href":"https:\/\/alianzanacional.com.uy\/web\/wp-json\/wp\/v2\/users\/1"}],"replies":[{"embeddable":true,"href":"https:\/\/alianzanacional.com.uy\/web\/wp-json\/wp\/v2\/comments?post=29323"}],"version-history":[{"count":1,"href":"https:\/\/alianzanacional.com.uy\/web\/wp-json\/wp\/v2\/posts\/29323\/revisions"}],"predecessor-version":[{"id":29324,"href":"https:\/\/alianzanacional.com.uy\/web\/wp-json\/wp\/v2\/posts\/29323\/revisions\/29324"}],"wp:featuredmedia":[{"embeddable":true,"href":"https:\/\/alianzanacional.com.uy\/web\/wp-json\/wp\/v2\/media\/28549"}],"wp:attachment":[{"href":"https:\/\/alianzanacional.com.uy\/web\/wp-json\/wp\/v2\/media?parent=29323"}],"wp:term":[{"taxonomy":"category","embeddable":true,"href":"https:\/\/alianzanacional.com.uy\/web\/wp-json\/wp\/v2\/categories?post=29323"},{"taxonomy":"post_tag","embeddable":true,"href":"https:\/\/alianzanacional.com.uy\/web\/wp-json\/wp\/v2\/tags?post=29323"}],"curies":[{"name":"wp","href":"https:\/\/api.w.org\/{rel}","templated":true}]}}