{"id":29327,"date":"2016-12-30T11:34:57","date_gmt":"2016-12-30T14:34:57","guid":{"rendered":"http:\/\/alianzanacional.com.uy\/web\/?p=29327"},"modified":"2016-12-30T13:36:58","modified_gmt":"2016-12-30T16:36:58","slug":"camy-expuso-sobre-la-capacidad-locativa-del-edificio-de-la-utu-de-rodriguez-san-jose","status":"publish","type":"post","link":"https:\/\/alianzanacional.com.uy\/web\/camy-expuso-sobre-la-capacidad-locativa-del-edificio-de-la-utu-de-rodriguez-san-jose\/","title":{"rendered":"Camy expuso sobre la capacidad locativa del edificio de la UTU de Rodr\u00edguez, San Jos\u00e9."},"content":{"rendered":"<p><a href=\"https:\/\/alianzanacional.com.uy\/web\/wp-content\/uploads\/2016\/12\/13.12.16-Homenaje-a-Gral.-Seregni_0109-1.jpg\"><img fetchpriority=\"high\" decoding=\"async\" src=\"https:\/\/alianzanacional.com.uy\/web\/wp-content\/uploads\/2016\/12\/13.12.16-Homenaje-a-Gral.-Seregni_0109-1-700x467.jpg\" alt=\"\" width=\"620\" height=\"414\" class=\"alignnone size-large wp-image-29331\" srcset=\"https:\/\/alianzanacional.com.uy\/web\/wp-content\/uploads\/2016\/12\/13.12.16-Homenaje-a-Gral.-Seregni_0109-1-700x467.jpg 700w, https:\/\/alianzanacional.com.uy\/web\/wp-content\/uploads\/2016\/12\/13.12.16-Homenaje-a-Gral.-Seregni_0109-1-400x267.jpg 400w, https:\/\/alianzanacional.com.uy\/web\/wp-content\/uploads\/2016\/12\/13.12.16-Homenaje-a-Gral.-Seregni_0109-1-768x512.jpg 768w, https:\/\/alianzanacional.com.uy\/web\/wp-content\/uploads\/2016\/12\/13.12.16-Homenaje-a-Gral.-Seregni_0109-1.jpg 1920w\" sizes=\"(max-width: 620px) 100vw, 620px\" \/><\/a><\/p>\n<p>En sesi\u00f3n del Senado, Carlos Daniel Camy realiz\u00f3 la siguiente exposici\u00f3n escrita referida a la situaci\u00f3n que se genera en la ciudad de Rodr\u00edguez, en el departamento de San Jos\u00e9, en referencia a la capacidad locativa del edificio de la UTU.<\/p>\n<p>\u00abAl amparo del art\u00edculo 172 del reglamento de la C\u00e1mara de Senadores, presento la siguiente exposici\u00f3n escrita:<br \/>\nQueremos plantear la situaci\u00f3n que se genera en la ciudad de Rodr\u00edguez, en el departamento de San Jos\u00e9, en referencia a la capacidad locativa del edificio de la UTU de la referida ciudad y su potencial amplitud.<br \/>\nEs de nuestro conocimiento, y oportunamente hemos realizado gestiones al respecto, que las autoridades del Concejo de Educaci\u00f3n T\u00e9cnico Profesional (UTU) est\u00e1n evaluando la ampliaci\u00f3n o refacci\u00f3n del actual local, con el prop\u00f3sito de aumentar la capacidad locativa del mismo.<\/p>\n<p>En virtud de que muy cerca del lugar, se encuentra ubicado el edificio de la Estaci\u00f3n de AFE, y que parte del mismo no se encuentra utilizado, nos parece oportuno evaluar la posibilidad que sea cedido a t\u00edtulo de comodato al Consejo de Educaci\u00f3n T\u00e9cnico Profesional (UTU), a los efectos que se puedan desarrollar all\u00ed los cursos que la UTU de Rodr\u00edguez estime pertinente mientras se concretan las reformas edilicias necesarias en el actual local UTU.<br \/>\nLas buenas condiciones de conservaci\u00f3n en que se encuentra el edificio de la Estaci\u00f3n de AFE, su estrat\u00e9gica ubicaci\u00f3n, la disponibilidad de uso actual \u2013 seg\u00fan la informaci\u00f3n que tenemos \u2013 y la necesidad locativa de UTU, nos impulsa a proponer se estudie la posibilidad de la presente solicitud.<\/p>\n<p>A efectos de lo referido en la presente exposici\u00f3n, solicitamos pasen las palabras al Consejo de Educaci\u00f3n T\u00e9cnico Profesional (UTU) y Directorio de AFE, con el prop\u00f3sito que pueda concretarse lo planteado\u00bb<\/p>\n","protected":false},"excerpt":{"rendered":"<p>En sesi\u00f3n del Senado, Carlos Daniel Camy realiz\u00f3 la siguiente exposici\u00f3n escrita referida a la situaci\u00f3n que se genera en la ciudad de Rodr\u00edguez, en el departamento de San Jos\u00e9, en referencia a la capacidad locativa del edificio de la UTU. \u00abAl amparo del art\u00edculo 172 del reglamento de la C\u00e1mara de Senadores, presento la [&hellip;]<\/p>\n","protected":false},"author":1,"featured_media":29331,"comment_status":"open","ping_status":"open","sticky":false,"template":"","format":"standard","meta":{"footnotes":""},"categories":[232],"tags":[],"class_list":["post-29327","post","type-post","status-publish","format-standard","has-post-thumbnail","hentry","category-departamentales"],"_links":{"self":[{"href":"https:\/\/alianzanacional.com.uy\/web\/wp-json\/wp\/v2\/posts\/29327","targetHints":{"allow":["GET"]}}],"collection":[{"href":"https:\/\/alianzanacional.com.uy\/web\/wp-json\/wp\/v2\/posts"}],"about":[{"href":"https:\/\/alianzanacional.com.uy\/web\/wp-json\/wp\/v2\/types\/post"}],"author":[{"embeddable":true,"href":"https:\/\/alianzanacional.com.uy\/web\/wp-json\/wp\/v2\/users\/1"}],"replies":[{"embeddable":true,"href":"https:\/\/alianzanacional.com.uy\/web\/wp-json\/wp\/v2\/comments?post=29327"}],"version-history":[{"count":1,"href":"https:\/\/alianzanacional.com.uy\/web\/wp-json\/wp\/v2\/posts\/29327\/revisions"}],"predecessor-version":[{"id":29332,"href":"https:\/\/alianzanacional.com.uy\/web\/wp-json\/wp\/v2\/posts\/29327\/revisions\/29332"}],"wp:featuredmedia":[{"embeddable":true,"href":"https:\/\/alianzanacional.com.uy\/web\/wp-json\/wp\/v2\/media\/29331"}],"wp:attachment":[{"href":"https:\/\/alianzanacional.com.uy\/web\/wp-json\/wp\/v2\/media?parent=29327"}],"wp:term":[{"taxonomy":"category","embeddable":true,"href":"https:\/\/alianzanacional.com.uy\/web\/wp-json\/wp\/v2\/categories?post=29327"},{"taxonomy":"post_tag","embeddable":true,"href":"https:\/\/alianzanacional.com.uy\/web\/wp-json\/wp\/v2\/tags?post=29327"}],"curies":[{"name":"wp","href":"https:\/\/api.w.org\/{rel}","templated":true}]}}