{"id":29333,"date":"2016-12-30T12:09:44","date_gmt":"2016-12-30T15:09:44","guid":{"rendered":"http:\/\/alianzanacional.com.uy\/web\/?p=29333"},"modified":"2016-12-30T14:21:59","modified_gmt":"2016-12-30T17:21:59","slug":"matilde-rodriguez-a-la-jutep-larranaga-matilde-es-un-emblema-de-la-lucha-politica","status":"publish","type":"post","link":"https:\/\/alianzanacional.com.uy\/web\/matilde-rodriguez-a-la-jutep-larranaga-matilde-es-un-emblema-de-la-lucha-politica\/","title":{"rendered":"Matilde Rodr\u00edguez a la Jutep &#8211; Larra\u00f1aga: \u00abMatilde es un emblema de la lucha pol\u00edtica\u00bb"},"content":{"rendered":"<p><a href=\"https:\/\/alianzanacional.com.uy\/web\/wp-content\/uploads\/2016\/12\/29.12.12-Sen.-Larra\u00f1aga-Sesi\u00f3n-CSS-N\u00ba53_0009.jpg\"><img fetchpriority=\"high\" decoding=\"async\" src=\"https:\/\/alianzanacional.com.uy\/web\/wp-content\/uploads\/2016\/12\/29.12.12-Sen.-Larra\u00f1aga-Sesi\u00f3n-CSS-N\u00ba53_0009-700x467.jpg\" alt=\"\" width=\"620\" height=\"414\" class=\"alignnone size-large wp-image-29334\" srcset=\"https:\/\/alianzanacional.com.uy\/web\/wp-content\/uploads\/2016\/12\/29.12.12-Sen.-Larra\u00f1aga-Sesi\u00f3n-CSS-N\u00ba53_0009-700x467.jpg 700w, https:\/\/alianzanacional.com.uy\/web\/wp-content\/uploads\/2016\/12\/29.12.12-Sen.-Larra\u00f1aga-Sesi\u00f3n-CSS-N\u00ba53_0009-400x267.jpg 400w, https:\/\/alianzanacional.com.uy\/web\/wp-content\/uploads\/2016\/12\/29.12.12-Sen.-Larra\u00f1aga-Sesi\u00f3n-CSS-N\u00ba53_0009-768x512.jpg 768w, https:\/\/alianzanacional.com.uy\/web\/wp-content\/uploads\/2016\/12\/29.12.12-Sen.-Larra\u00f1aga-Sesi\u00f3n-CSS-N\u00ba53_0009.jpg 1920w\" sizes=\"(max-width: 620px) 100vw, 620px\" \/><\/a><\/p>\n<p>La C\u00e1mara de Senadores vot\u00f3 afirmativamente la solicitud de venia remitida por el Poder Ejecutivo a fin de designar en calidad de vocal en el directorio de la Junta de Transparencia y \u00c9tica P\u00fablica a la se\u00f1ora Matilde Rodr\u00edguez.<\/p>\n<p>Hizo uso de la palabra el senador Jorge Larra\u00f1aga, quien expres\u00f3 que \u201cpocos nombramientos son tan justos como el que estamos tratando hoy. Matilde es una mujer brillante, permanente militante de las ideas con absoluta la probidad.  Un ejemplo de mujer con vocaci\u00f3n hacia el servicio p\u00fablico\u201d.<br \/>\nY continu\u00f3: \u201ces un emblema para nuestro partido s\u00ed, pero tambi\u00e9n emblema de la lucha pol\u00edtica.<br \/>\nCompa\u00f1era y protagonista siempre, estuvo al lado del querido Toba, y a veces, muchas veces, adelante, nunca atr\u00e1s.  Ha sido siempre respaldo y vanguardia\u201d. <\/p>\n<p>\u201cAlguien dec\u00eda que \u00abno se puede vencer a quien nunca se rinde\u00bb, y eso es Matilde, una luchadora que humaniza la actividad pol\u00edtica, proba, honesta,  va a ser una garant\u00eda en una posici\u00f3n como la es la Jutep donde recae buena parte de la vigilancia en aras de transparencia y en los controles anticorrupci\u00f3n\u201d.<br \/>\nLarra\u00f1aga se pleg\u00f3 a los reconocimientos realizados al Dr. Montero y record\u00f3 la presencia que en su momento mantuvo del Dr. Carlos Soares de Lima. <\/p>\n<p>\u201cPor sus condiciones, por sus valores, por ser s\u00edmbolo de \u00e9tica y significado moral en tiempos de relativismo duro y puro, donde todo parece valer lo mismo, Matilde es otra cosa. Es una fant\u00e1stica exponente de lo mejor de la sociedad, del ser humano, de la actividad pol\u00edtica. Es un honor acompa\u00f1ar este nombramiento, para nosotros que la hemos tenido en tantas oportunidades en todas las luchas.  Con todo afecto votaremos esta venia, y con el convencimiento de estar votando uno de los mejores nombramientos, por sus antecedentes y la calidad humana de la persona propuesta\u201d, finaliz\u00f3. <\/p>\n","protected":false},"excerpt":{"rendered":"<p>La C\u00e1mara de Senadores vot\u00f3 afirmativamente la solicitud de venia remitida por el Poder Ejecutivo a fin de designar en calidad de vocal en el directorio de la Junta de Transparencia y \u00c9tica P\u00fablica a la se\u00f1ora Matilde Rodr\u00edguez. Hizo uso de la palabra el senador Jorge Larra\u00f1aga, quien expres\u00f3 que \u201cpocos nombramientos son tan [&hellip;]<\/p>\n","protected":false},"author":1,"featured_media":29334,"comment_status":"open","ping_status":"open","sticky":false,"template":"","format":"standard","meta":{"footnotes":""},"categories":[164],"tags":[],"class_list":["post-29333","post","type-post","status-publish","format-standard","has-post-thumbnail","hentry","category-legislativas"],"_links":{"self":[{"href":"https:\/\/alianzanacional.com.uy\/web\/wp-json\/wp\/v2\/posts\/29333","targetHints":{"allow":["GET"]}}],"collection":[{"href":"https:\/\/alianzanacional.com.uy\/web\/wp-json\/wp\/v2\/posts"}],"about":[{"href":"https:\/\/alianzanacional.com.uy\/web\/wp-json\/wp\/v2\/types\/post"}],"author":[{"embeddable":true,"href":"https:\/\/alianzanacional.com.uy\/web\/wp-json\/wp\/v2\/users\/1"}],"replies":[{"embeddable":true,"href":"https:\/\/alianzanacional.com.uy\/web\/wp-json\/wp\/v2\/comments?post=29333"}],"version-history":[{"count":2,"href":"https:\/\/alianzanacional.com.uy\/web\/wp-json\/wp\/v2\/posts\/29333\/revisions"}],"predecessor-version":[{"id":29336,"href":"https:\/\/alianzanacional.com.uy\/web\/wp-json\/wp\/v2\/posts\/29333\/revisions\/29336"}],"wp:featuredmedia":[{"embeddable":true,"href":"https:\/\/alianzanacional.com.uy\/web\/wp-json\/wp\/v2\/media\/29334"}],"wp:attachment":[{"href":"https:\/\/alianzanacional.com.uy\/web\/wp-json\/wp\/v2\/media?parent=29333"}],"wp:term":[{"taxonomy":"category","embeddable":true,"href":"https:\/\/alianzanacional.com.uy\/web\/wp-json\/wp\/v2\/categories?post=29333"},{"taxonomy":"post_tag","embeddable":true,"href":"https:\/\/alianzanacional.com.uy\/web\/wp-json\/wp\/v2\/tags?post=29333"}],"curies":[{"name":"wp","href":"https:\/\/api.w.org\/{rel}","templated":true}]}}