{"id":29399,"date":"2017-02-21T14:02:37","date_gmt":"2017-02-21T17:02:37","guid":{"rendered":"http:\/\/alianzanacional.com.uy\/web\/?p=29399"},"modified":"2017-02-22T10:50:27","modified_gmt":"2017-02-22T13:50:27","slug":"barrios-bove-si-seguimos-aumentando-el-boleto-vamos-a-lograr-que-mas-gente-se-baje-del-omnibus","status":"publish","type":"post","link":"https:\/\/alianzanacional.com.uy\/web\/barrios-bove-si-seguimos-aumentando-el-boleto-vamos-a-lograr-que-mas-gente-se-baje-del-omnibus\/","title":{"rendered":"Barrios Bove: \u201cSi seguimos aumentando el boleto vamos a lograr que m\u00e1s gente se baje del \u00f3mnibus\u201d"},"content":{"rendered":"<p><a href=\"https:\/\/alianzanacional.com.uy\/web\/wp-content\/uploads\/2017\/02\/C5RJtsZWIAAcZJH.jpg\"><img fetchpriority=\"high\" decoding=\"async\" src=\"https:\/\/alianzanacional.com.uy\/web\/wp-content\/uploads\/2017\/02\/C5RJtsZWIAAcZJH-700x394.jpg\" alt=\"\" width=\"620\" height=\"349\" class=\"alignnone size-large wp-image-29400\" srcset=\"https:\/\/alianzanacional.com.uy\/web\/wp-content\/uploads\/2017\/02\/C5RJtsZWIAAcZJH-700x394.jpg 700w, https:\/\/alianzanacional.com.uy\/web\/wp-content\/uploads\/2017\/02\/C5RJtsZWIAAcZJH-400x225.jpg 400w, https:\/\/alianzanacional.com.uy\/web\/wp-content\/uploads\/2017\/02\/C5RJtsZWIAAcZJH-768x432.jpg 768w, https:\/\/alianzanacional.com.uy\/web\/wp-content\/uploads\/2017\/02\/C5RJtsZWIAAcZJH.jpg 1000w\" sizes=\"(max-width: 620px) 100vw, 620px\" \/><\/a><\/p>\n<p>Ante lo que parece ser una inminente nueva suba del precio del boleto, Desayunos Informales habl\u00f3 con el edil nacionalista Javier Barrios Bove, quien cit\u00f3 a autoridades de la IM a la Junta por el aumento del boleto en marzo, que es casi un hecho.<\/p>\n<p>\u201cEntendemos que en los \u00faltimos aumentos, que ya se ha aumentado seis pesos, se ha subido por encima de la inflaci\u00f3n y por encima de los aumentos salariales de los trabajadores.<\/p>\n<p>La f\u00f3rmula de la param\u00e9trica es secreta, igual que la del combustible. Uno nunca sabe c\u00f3mo lo calculan. El boleto deber\u00eda estar los 28,60, los 29,60. Ellos argumentan que ah\u00ed no est\u00e1 puesta la mera en la venta de boletos. El costo que dice la IM es de 29,35.<\/p>\n<p>Aumentar la brecha no va a mejorar la gesti\u00f3n. Si aument\u00e1s el precio del boleto vas a vender menos, y eso genera un c\u00edrculo vicioso que luego se trasmite al precio. Hoy el gran competidor del \u00f3mnibus es la moto, por un tema de costos. Si seguimos aumentando el boleto vamos a lograr que m\u00e1s gente se baje del \u00f3mnibus.<\/p>\n<p>Lo de la tarjeta STM beneficia a los que tienen plata. Les dijimos que si quer\u00edan fomentar la tarjeta ten\u00edan que mantener en 28 el precio del boleto y haber rebajado el precio de la STM.<\/p>\n<p>El sistema en su totalidad tiene un problema. No podemos seguir con \u00f3mnibus enormes, sin aire acondicionado, que no se controla su frecuencia. Si el \u00f3mnibus no pasa en hora hay que sancionar. Si mejor\u00e1s el servicio del transporte p\u00fablico, pero aumentando el precio no vas a estimular el uso del \u00f3mnibus\u201d.<\/p>\n<p>Fuente: Teledoce.com<\/p>\n","protected":false},"excerpt":{"rendered":"<p>Ante lo que parece ser una inminente nueva suba del precio del boleto, Desayunos Informales habl\u00f3 con el edil nacionalista Javier Barrios Bove, quien cit\u00f3 a autoridades de la IM a la Junta por el aumento del boleto en marzo, que es casi un hecho. \u201cEntendemos que en los \u00faltimos aumentos, que ya se ha [&hellip;]<\/p>\n","protected":false},"author":1,"featured_media":29400,"comment_status":"open","ping_status":"open","sticky":false,"template":"","format":"standard","meta":{"footnotes":""},"categories":[232],"tags":[],"class_list":["post-29399","post","type-post","status-publish","format-standard","has-post-thumbnail","hentry","category-departamentales"],"_links":{"self":[{"href":"https:\/\/alianzanacional.com.uy\/web\/wp-json\/wp\/v2\/posts\/29399","targetHints":{"allow":["GET"]}}],"collection":[{"href":"https:\/\/alianzanacional.com.uy\/web\/wp-json\/wp\/v2\/posts"}],"about":[{"href":"https:\/\/alianzanacional.com.uy\/web\/wp-json\/wp\/v2\/types\/post"}],"author":[{"embeddable":true,"href":"https:\/\/alianzanacional.com.uy\/web\/wp-json\/wp\/v2\/users\/1"}],"replies":[{"embeddable":true,"href":"https:\/\/alianzanacional.com.uy\/web\/wp-json\/wp\/v2\/comments?post=29399"}],"version-history":[{"count":1,"href":"https:\/\/alianzanacional.com.uy\/web\/wp-json\/wp\/v2\/posts\/29399\/revisions"}],"predecessor-version":[{"id":29401,"href":"https:\/\/alianzanacional.com.uy\/web\/wp-json\/wp\/v2\/posts\/29399\/revisions\/29401"}],"wp:featuredmedia":[{"embeddable":true,"href":"https:\/\/alianzanacional.com.uy\/web\/wp-json\/wp\/v2\/media\/29400"}],"wp:attachment":[{"href":"https:\/\/alianzanacional.com.uy\/web\/wp-json\/wp\/v2\/media?parent=29399"}],"wp:term":[{"taxonomy":"category","embeddable":true,"href":"https:\/\/alianzanacional.com.uy\/web\/wp-json\/wp\/v2\/categories?post=29399"},{"taxonomy":"post_tag","embeddable":true,"href":"https:\/\/alianzanacional.com.uy\/web\/wp-json\/wp\/v2\/tags?post=29399"}],"curies":[{"name":"wp","href":"https:\/\/api.w.org\/{rel}","templated":true}]}}