{"id":29408,"date":"2017-02-25T08:56:06","date_gmt":"2017-02-25T11:56:06","guid":{"rendered":"http:\/\/alianzanacional.com.uy\/web\/?p=29408"},"modified":"2017-02-25T09:19:35","modified_gmt":"2017-02-25T12:19:35","slug":"larranaga-juntos-sera-la-columna-blanca-para-cambiar-el-pais","status":"publish","type":"post","link":"https:\/\/alianzanacional.com.uy\/web\/larranaga-juntos-sera-la-columna-blanca-para-cambiar-el-pais\/","title":{"rendered":"Larra\u00f1aga: Juntos ser\u00e1 la columna blanca para cambiar el pa\u00eds"},"content":{"rendered":"<p><a href=\"https:\/\/alianzanacional.com.uy\/web\/wp-content\/uploads\/2017\/02\/larra\u00f1aga-banner-entrevista.jpg\"><img fetchpriority=\"high\" decoding=\"async\" class=\"alignnone size-large wp-image-29409\" src=\"https:\/\/alianzanacional.com.uy\/web\/wp-content\/uploads\/2017\/02\/larra\u00f1aga-banner-entrevista-700x394.jpg\" alt=\"\" width=\"620\" height=\"349\" srcset=\"https:\/\/alianzanacional.com.uy\/web\/wp-content\/uploads\/2017\/02\/larra\u00f1aga-banner-entrevista-700x394.jpg 700w, https:\/\/alianzanacional.com.uy\/web\/wp-content\/uploads\/2017\/02\/larra\u00f1aga-banner-entrevista-400x225.jpg 400w, https:\/\/alianzanacional.com.uy\/web\/wp-content\/uploads\/2017\/02\/larra\u00f1aga-banner-entrevista-768x432.jpg 768w, https:\/\/alianzanacional.com.uy\/web\/wp-content\/uploads\/2017\/02\/larra\u00f1aga-banner-entrevista.jpg 1600w\" sizes=\"(max-width: 620px) 100vw, 620px\" \/><\/a><\/p>\n<p>En pocos meses Larra\u00f1aga confirmar\u00e1 si competir\u00e1 en las internas de cara a las presidenciales; el l\u00edder aliancista afirma que el gobierno minti\u00f3, y ah\u00ed golpear\u00e1.<\/p>\n<p>La entrevista transcurri\u00f3 en un restaurante y frente al senador Jorge Larra\u00f1aga hab\u00eda un cartel que dec\u00eda \u201cprohibido discutir\u201d, una caracter\u00edstica pr\u00e1cticamente ajena a los blancos. Larra\u00f1aga no solo discutir\u00e1, sino que ya descart\u00f3 cualquier posibilidad de acuerdo sobre la f\u00f3rmula presidencial y afirm\u00f3 que habr\u00e1 elecciones internas. Anunci\u00f3 que pronto confirmar\u00e1 si es candidato y ya da se\u00f1ales de que volver\u00e1 al ruedo. Lo que tiene claro es que no ir\u00e1 como vice de nadie. Antes de la entrevista, Larra\u00f1aga pas\u00f3 para el otro lado del mostrador del restaurante y eligi\u00f3 los cortes de carne para almorzar. Volvi\u00f3 a la mesa, habl\u00f3 de su proyecto para unir al arco opositor y critic\u00f3 al Frente Amplio y a Tabar\u00e9 V\u00e1zquez por \u201cmentirle a la poblaci\u00f3n.\u201d<\/p>\n<p><em>\u00bfC\u00f3mo ve al gobierno de Tabar\u00e9 V\u00e1zquez a dos a\u00f1os de asumir?<\/em><\/p>\n<p>Con todo respeto le digo que van 12 a\u00f1os de gobierno, 12 a\u00f1os de gobierno del Frente. Y se empacharon de poder.<\/p>\n<p><em>Pero no puede responsabilizar a V\u00e1zquez de cosas que hizo el gobierno de Jos\u00e9 Mujica, aunque sean del mismo partido.<\/em><\/p>\n<p>Se empacharon de poder y est\u00e1n empantanados. Es evidente que el Frente recibe la herencia del Frente. Vamos a ser claros, ac\u00e1 hacerse los distra\u00eddos y mirar para el costado no corre. Son los mismos actores pol\u00edticos. El que era vicepresidente del gobierno anterior es el ministro de Econom\u00eda de ahora. <strong>El equipo econ\u00f3mico estuvo siempre dirigido por Astori y es una sanguijuela para los trabajadores, los empresarios y los inversores fundamentalmente nacionales, porque a la inversi\u00f3n extranjera le pone alfombra roja.<\/strong><\/p>\n<p><em>\u00bfUsted es de los que creen que el que manda es el Frente y no el presidente?<\/em><\/p>\n<p>El doctor V\u00e1zquez no puede con el Frente Amplio ni con el frente sindical. No puede.<\/p>\n<p><em>Se lo ve m\u00e1s enfrentado al gobierno. \u00bfEsa va a ser la t\u00f3nica suya? \u00bfVa a ir m\u00e1s al choque?<\/em><\/p>\n<p>Es que alguien tiene que decir lo que piensan miles de personas y decirlo con todas las letras. Nosotros hemos pasado por todos los estados de \u00e1nimo en la relaci\u00f3n con el gobierno y el Frente Amplio. Hemos procurado proponer, lanzamos decenas de propuestas. En el \u00e1rea de la seguridad la c\u00e1rcel de Punta de Rieles fue iniciativa nuestra, igual la creaci\u00f3n de la Republicana a trav\u00e9s de lo que nosotros llamamos guardia nacional. Este 23 de febrero se cumplieron cinco a\u00f1os de un hecho hist\u00f3rico que fue el acuerdo nacional de educaci\u00f3n que firmamos todos los partidos en la Torre Ejecutiva.<\/p>\n<p><em>Ah\u00ed era Mujica presidente.<\/em><\/p>\n<p>Despu\u00e9s de todo eso no se puede decir que no tuvimos propuestas. El problema es que el doctor V\u00e1zquez gan\u00f3 con una receta y gobierna con otra receta.<\/p>\n<p><em>\u00bfMinti\u00f3 el gobierno en la campa\u00f1a?, \u00bfes lo que quiere decir?<\/em><\/p>\n<p><strong>Minti\u00f3, sin dudas. Y minti\u00f3 en varios aspectos. Escondieron la verdad con el d\u00e9ficit, mintieron en materia impositiva, educativa y en el \u00e1rea internacional.<\/strong><\/p>\n<p><em>Ahora, por m\u00e1s que el Frente est\u00e9 bajando en las encuestas, el Partido Nacional no logra superar el 30%, y eso es un problema tambi\u00e9n.<\/em><\/p>\n<p>Las encuestas tienen la relatividad que est\u00e1n teniendo en muchas partes del mundo y Uruguay no es una excepci\u00f3n.<\/p>\n<p><em>S\u00ed, pero todos las miramos.<\/em><\/p>\n<p>S\u00ed, perfecto, pero yo no soy un dirigente que me manejo en funci\u00f3n de las encuestas ni me desesperan. Hoy el partido grande es el partido del que no sabe a qui\u00e9n va a votar, del que dice que va a votar en blanco y el de los desencantados. Ese es el porcentaje m\u00e1s grande que indican las encuestas.<\/p>\n<p><em>\u00bfY qu\u00e9 tiene que hacer el Partido Nacional para crecer?<\/em><\/p>\n<p>Tiene que llevar adelante dos tareas. Una hacia adentro y otra hacia afuera. Hacia adentro, tener por lo menos dos sectores pol\u00edticos muy fuertes y tener estructura que le d\u00e9 la posibilidad de captar adherentes de una realidad que es distinta. Por eso procuramos transformar Alianza Nacional, que era un sector, para que pase a ser un movimiento, Juntos, para que debajo, como si fuera un paraguas, est\u00e9n distintos sectores, distintas l\u00edneas que se canalicen para potenciar el proyecto.<\/p>\n<p><em>\u00bfAlg\u00fan no blanco se sum\u00f3 a esa idea?<\/em><\/p>\n<p>Lo b\u00e1sico es que estemos contestes los nacionalistas y despu\u00e9s seguramente podr\u00e1n existir columnas o expresiones pol\u00edticas de gente que venga de otros partidos. Si eso no se logra, el partido ver\u00e1 fuertemente perjudicadas sus posibilidades de \u00e9xito electoral.<\/p>\n<p><em>\u00bfY hacia afuera qu\u00e9 tienen que hacer para crecer?<\/em><\/p>\n<p>Tenemos que hacer una tarea que no la podemos hacer el mes anterior a la elecci\u00f3n. Hay que hacerla desde ahora. El a\u00f1o pasado tuvimos varias reuniones con todos los dirigentes pol\u00edticos y sigo convencido de que hay que sumar esas distintas oposiciones. Es cierto lo que dijo Pedro Bordaberry de que hoy dirigentes de un partido no representan a los otros partidos de la oposici\u00f3n. Yo no represento al Partido Colorado, al Partido Independiente, a Unidad Popular o a la gente de Novick. Hay que buscar puentes para impulsar un proyecto alternativo superador al Frente. Que no tenga un programa de gobierno redactado pulcramente al extremo de transformarse en eso, pero s\u00ed que advierta que sobre cuatro o cinco temas pueda haber l\u00edneas troncales. Recuerde que desde el 1o de marzo seguramente ning\u00fan partido tendr\u00e1 mayor\u00edas parlamentarias. Hoy no se puede decir que la oposici\u00f3n tiene 50 votos. Lo que s\u00ed sabemos es que el Frente tiene 49, pero el oficialismo puede tener 49 o 55. Como la oposici\u00f3n tendr\u00e1 50 votos en muchos proyectos.<\/p>\n<p><em>\u00bfO sea el voto 50 no es de nadie?.<\/em><\/p>\n<p>El Frente puede asegurar 49 votos pero no necesariamente la oposici\u00f3n puede asegurar el voto 50.<\/p>\n<p><em>\u00bfA qui\u00e9n visualiza en el Frente Amplio como candidato? Porque se habla de Mujica, Danilo Astori, Rodolfo Nin Novoa, Daniel Mart\u00ednez.<\/em><\/p>\n<p>Yo no voy a dar nombres porque si los diera estar\u00eda generando un margen de especulaci\u00f3n y una preferencia que no tengo. No es un tema para m\u00ed relevante porque cualquiera que fuera va a representar 15 a\u00f1os de gobiernos frentistas.<\/p>\n<p><em>Est\u00e1 bien, \u00bfpero es lo mismo que sea Mart\u00ednez o que sea Mujica?<\/em><\/p>\n<p>Perfecto, pero cualquiera va a representar 15 a\u00f1os de gobierno frenteamplista.<\/p>\n<p><em>\u00bfCu\u00e1ndo anunciar\u00e1 si va a ser candidato?<\/em><\/p>\n<p>Hemos dicho que por ahora no son tiempos electorales. Es una frase de circunstancia para salir.<\/p>\n<p><em>Siempre el candidato dice que no es el momento y lo est\u00e1 pensando.<\/em><\/p>\n<p>Yo tengo la obligaci\u00f3n de pensar en esa eventualidad. Hoy con sinceridad estoy preocupado por armar un sector potente dentro del nacionalismo, que es Juntos.<\/p>\n<p><em>\u00bfPero su gente le reclama una definici\u00f3n?<\/em><\/p>\n<p>S\u00ed, me lo reclaman. Hay diputados, senadores, intendentes y referentes pol\u00edticos que ya han dicho en forma p\u00fablica: Larra\u00f1aga presidente, pero la decisi\u00f3n, por ahora, es seguir conversando.<\/p>\n<p><em>\u00bfLo anuncia en el 2018?<\/em><\/p>\n<p>No, no. Tiene que ser antes.<\/p>\n<p><em>\u00bfEste a\u00f1o entonces?<\/em><\/p>\n<p>S\u00ed, sin dudas. Tiene que ser algo de pocos meses m\u00e1s. En junio estar\u00e1n faltando 24 meses para la interna del 1o de junio.<\/p>\n<p><em>\u00bfSe puede decir que a mitad de a\u00f1o se sabe si Larra\u00f1aga es candidato?<\/em><\/p>\n<p>S\u00ed, s\u00ed. Esos m\u00e1s o menos deben ser los tiempos.<\/p>\n<p><em>\u00bfY usted es partidario de que haya elecciones internas?<\/em><\/p>\n<p>No concibo bajo ning\u00fan punto de vista un proceso electoral sin elecciones internas dentro del Partido Nacional. En eso soy terminante y lapidario. Estoy, estuve y estar\u00e9 en contra de decisiones cupulares. Bajo ning\u00fan punto de vista pienso que pueda haber una m\u00ednima chance de ir a una elecci\u00f3n interna con una f\u00f3rmula acordada.<\/p>\n<p><em>Esa idea se manej\u00f3 en el entorno de Lacalle Pou.<\/em><\/p>\n<p>Ser\u00eda un error m\u00e1s grande que el Estadio Centenario.<\/p>\n<p><em>\u00bfY c\u00f3mo tom\u00f3 las declaraciones de la intendenta Adriana Pe\u00f1a que poco menos que se postul\u00f3 para ser candidata a vice con Lacalle Pou?<\/em><\/p>\n<p>No voy a hacer comentarios.<\/p>\n<p><em>\u00bfY los intendentes de Alianza se retobaron o siguen con usted?<\/em><\/p>\n<p>Yo he hablado con todos los que apoyaron nuestro movimiento y todos siguen perteneciendo a \u00e9l. He conversado con todos y voy a seguir conversando con el resto de la dirigencia en conversaciones que no son p\u00fablicas, que son de proximidad, de relaci\u00f3n directa. Nosotros lanzamos el documento Juntos, que no era una decisi\u00f3n vertical sino una iniciativa para analizar. Un movimiento, varias expresiones y varias listas al Senado. Son reglas de juego que se pretend\u00edan y ya las tenemos.<\/p>\n<p><em>En el otro sector blanco se especula que Lacalle Pou ser\u00e1 candidato, que usted ser\u00e1 candidato y que tambi\u00e9n habr\u00e1 una mujer compitiendo en las internas.<\/em><\/p>\n<p>No soy el que pongo los precandidatos dentro del partido. Que existan las candidaturas que quieran existir. Las especulaciones no van. El que quiera vender la piel del oso antes de cazarlo que lo haga. En este mismo tiempo en el per\u00edodo anterior yo era ampl\u00edsimo favorito para ganar la interna. En el 2004 dupliqu\u00e9 a Lacalle Herrera en la interna y me enfrent\u00e9 luego al mejor Frente, al mejor V\u00e1zquez y sacamos el 35%. Despu\u00e9s, a los cinco a\u00f1os, en el 2009 perd\u00ed la interna. Los que quieran llevar adelante una candidatura que salgan a la cancha y junten los votos. Yo lo he hecho toda mi vida. Ahora, no andemos en una suerte de orejeo. Yo siempre voy hasta el final en los procesos y aqu\u00ed estoy creyendo que siempre le he dado al partido todo mi esfuerzo.<\/p>\n<p><em>\u00bfSe va al interior pensando que en junio deber\u00e1 decir si es candidato?<\/em><\/p>\n<p>Lo que ya le digo es que hay una candidatura a la que yo no me voy a postular.<\/p>\n<p><em>\u00bfCu\u00e1l es?<\/em><\/p>\n<p>Yo no voy a ser candidato a la vice. Eso se lo digo claramente desde ya.<\/p>\n<p><em>\u00bfEntonces va a ser candidato en la interna?<\/em><\/p>\n<p>No le estoy diciendo nada. Le estoy diciendo que una candidatura a la cual no voy a ir es a la vice. Ya fui dos veces candidato a la vice. Se termin\u00f3. Yo creo que esta es una columna blanca que puede sostener el cambio dentro del partido. Es vital. Sin este sector del partido, todo el partido tendr\u00e1 grandes dificultades y todos tienen que abrir el ojo de que las responsabilidades son de todos para que tengamos sectores potentes.<\/p>\n<p><em>\u00bfEl partido hoy tiene dificultades para crecer?<\/em><\/p>\n<p>El partido vot\u00f3 bien cuando tuvimos sectores potentes. Vamos a ser muy claros. En la \u00faltima elecci\u00f3n con un Larra\u00f1aga que hab\u00eda perdido, con una Alianza perdidosa, no obstante ello, sacamos en octubre m\u00e1s de 300 mil votos.<\/p>\n<p><em>\u00bfY Lacalle Pou ir\u00e1 como vicepresidente?<\/em><\/p>\n<p>Usted me est\u00e1 haciendo un reportaje a mi, preg\u00fanteselo a Lacalle.<\/p>\n<p><em>Con el Frente sin mayor\u00eda se supone que la oposici\u00f3n podr\u00e1 incidir m\u00e1s.<\/em><\/p>\n<p>Tenemos la obligaci\u00f3n de cantarle las 40 al gobierno porque les minti\u00f3 a los uruguayos. A partir de eso habr\u00e1 que analizar en qu\u00e9 puntos se podr\u00e1 insistir para lograr entendimientos en los temas m\u00e1s importantes para el pa\u00eds. Si me apura, le digo que entre aportes del Partido Nacional y el resto de la oposici\u00f3n podemos tener 20 medidas para la educaci\u00f3n.<\/p>\n<p><em>Igual todos los proyectos de ustedes que logren el voto 50 no pasan en el Senado, y as\u00ed el pa\u00eds entrar\u00e1 en un juego de empate.<\/em><\/p>\n<p>Y entonces, cu\u00e1l es el otro camino donde no hab\u00eda empate y el poder omnipotente lo ten\u00eda una fuerza pol\u00edtica.<\/p>\n<p><em>Se puede negociar, pero nadie se baja del carro.<\/em><\/p>\n<p>Siempre hemos estado dispuestos a bajarnos del carro para discutir. Defendimos el di\u00e1logo de la educaci\u00f3n en su momento cuando no se quer\u00eda, defendimos el di\u00e1logo por la seguridad cuando nadie lo quer\u00eda, defendimos el relacionamiento con el canciller para pol\u00edticas que fueran positivas al pa\u00eds y siempre estuvimos para dar una mano.<\/p>\n<p>No quiero que la oposici\u00f3n sea una colecci\u00f3n de parches o una colcha de retazos de otra alternativa. Tiene que ser un proyecto superador y articulador.<\/p>\n<p>\u00bfVenezuela le hace mal al Mercosur?<\/p>\n<p><strong>Venezuela no puede pertenecer al Mercosur. Es una dictadura.<\/strong><\/p>\n<p><em>\u00bfDeber\u00eda aplic\u00e1rsele la cl\u00e1usula democr\u00e1tica del bloque?.<\/em><\/p>\n<p>Por supuesto. Es inadmisible lo que dijo V\u00e1zquez en el exterior de que Venezuela es una democracia porque tiene tres poderes, cuando el Poder Judicial y el Poder Legislativo est\u00e1n avasallados por la prepotencia del Poder Ejecutivo.<\/p>\n<p><strong>Venezuela es una dictadura y es vergonzoso que el Frente no condene la existencia de presos pol\u00edticos, periodistas desaparecidos, presos, y medios de comunicaci\u00f3n cerrados. <\/strong><\/p>\n<p>Leonardo Luzzi para El Observador<\/p>\n","protected":false},"excerpt":{"rendered":"<p>En pocos meses Larra\u00f1aga confirmar\u00e1 si competir\u00e1 en las internas de cara a las presidenciales; el l\u00edder aliancista afirma que el gobierno minti\u00f3, y ah\u00ed golpear\u00e1. La entrevista transcurri\u00f3 en un restaurante y frente al senador Jorge Larra\u00f1aga hab\u00eda un cartel que dec\u00eda \u201cprohibido discutir\u201d, una caracter\u00edstica pr\u00e1cticamente ajena a los blancos. Larra\u00f1aga no solo [&hellip;]<\/p>\n","protected":false},"author":1,"featured_media":29409,"comment_status":"open","ping_status":"open","sticky":false,"template":"","format":"standard","meta":{"footnotes":""},"categories":[163],"tags":[],"class_list":["post-29408","post","type-post","status-publish","format-standard","has-post-thumbnail","hentry","category-entrevistas"],"_links":{"self":[{"href":"https:\/\/alianzanacional.com.uy\/web\/wp-json\/wp\/v2\/posts\/29408","targetHints":{"allow":["GET"]}}],"collection":[{"href":"https:\/\/alianzanacional.com.uy\/web\/wp-json\/wp\/v2\/posts"}],"about":[{"href":"https:\/\/alianzanacional.com.uy\/web\/wp-json\/wp\/v2\/types\/post"}],"author":[{"embeddable":true,"href":"https:\/\/alianzanacional.com.uy\/web\/wp-json\/wp\/v2\/users\/1"}],"replies":[{"embeddable":true,"href":"https:\/\/alianzanacional.com.uy\/web\/wp-json\/wp\/v2\/comments?post=29408"}],"version-history":[{"count":4,"href":"https:\/\/alianzanacional.com.uy\/web\/wp-json\/wp\/v2\/posts\/29408\/revisions"}],"predecessor-version":[{"id":29413,"href":"https:\/\/alianzanacional.com.uy\/web\/wp-json\/wp\/v2\/posts\/29408\/revisions\/29413"}],"wp:featuredmedia":[{"embeddable":true,"href":"https:\/\/alianzanacional.com.uy\/web\/wp-json\/wp\/v2\/media\/29409"}],"wp:attachment":[{"href":"https:\/\/alianzanacional.com.uy\/web\/wp-json\/wp\/v2\/media?parent=29408"}],"wp:term":[{"taxonomy":"category","embeddable":true,"href":"https:\/\/alianzanacional.com.uy\/web\/wp-json\/wp\/v2\/categories?post=29408"},{"taxonomy":"post_tag","embeddable":true,"href":"https:\/\/alianzanacional.com.uy\/web\/wp-json\/wp\/v2\/tags?post=29408"}],"curies":[{"name":"wp","href":"https:\/\/api.w.org\/{rel}","templated":true}]}}