{"id":29584,"date":"2017-03-30T11:17:06","date_gmt":"2017-03-30T14:17:06","guid":{"rendered":"http:\/\/alianzanacional.com.uy\/web\/?p=29584"},"modified":"2017-03-30T11:17:40","modified_gmt":"2017-03-30T14:17:40","slug":"con-la-gente-juntos-larranaga-en-soriano-rio-negro-y-san-jose","status":"publish","type":"post","link":"https:\/\/alianzanacional.com.uy\/web\/con-la-gente-juntos-larranaga-en-soriano-rio-negro-y-san-jose\/","title":{"rendered":"Con la gente, Juntos: Larra\u00f1aga en Soriano, R\u00edo Negro y San Jos\u00e9"},"content":{"rendered":"<p><a href=\"https:\/\/alianzanacional.com.uy\/web\/wp-content\/uploads\/2017\/03\/banner-srnsj.jpg\"><img fetchpriority=\"high\" decoding=\"async\" src=\"https:\/\/alianzanacional.com.uy\/web\/wp-content\/uploads\/2017\/03\/banner-srnsj-700x394.jpg\" alt=\"\" width=\"620\" height=\"349\" class=\"alignnone size-large wp-image-29585\" srcset=\"https:\/\/alianzanacional.com.uy\/web\/wp-content\/uploads\/2017\/03\/banner-srnsj-700x394.jpg 700w, https:\/\/alianzanacional.com.uy\/web\/wp-content\/uploads\/2017\/03\/banner-srnsj-400x225.jpg 400w, https:\/\/alianzanacional.com.uy\/web\/wp-content\/uploads\/2017\/03\/banner-srnsj-768x432.jpg 768w, https:\/\/alianzanacional.com.uy\/web\/wp-content\/uploads\/2017\/03\/banner-srnsj.jpg 1583w\" sizes=\"(max-width: 620px) 100vw, 620px\" \/><\/a><\/p>\n<p><strong>SORIANO &#8211; MI\u00c9RCOLES 29<\/strong><\/p>\n<p>CARDONA \/\/ 9:30 hrs.  Vista al Alcalde de Cardona<br \/>\nROD\u00d3 \/\/ 12:30 hrs. Visita a Alcalde de Rod\u00f3<br \/>\nDOLORES \/\/ 16:30 hrs. Reuni\u00f3n con sindicato de Molino Dolores y  Conferencia de Prensa.<br \/>\nMERCEDES \/\/ 19:30 Reuni\u00f3n abierta en la Departamental Nacionalista <\/p>\n<p><strong>R\u00cdO NEGRO \u2013 JUEVES 30<\/strong><\/p>\n<p>FRAY BENTOS \/\/ 9:00 hrs. Visita a la UTEC  \/ 10:30 hrs.  Reuni\u00f3n con Asociaci\u00f3n Comercial e Industrial \/ 11:00 hrs.  Reuni\u00f3n abierta en la Departamental Nacionalista<br \/>\nNUEVO BERL\u00cdN \/\/ 12:30 hrs. Visita al Municipio y reuni\u00f3n con alcalde<br \/>\nSAN JAVIER \/\/ 14:00 hrs. Reuni\u00f3n con vecinos<br \/>\nYOUNG \/\/ 17:00  hrs. Reuni\u00f3n con Mesa Empresarial en Sociedad Rural \/ 18:30 hrs. Conferencia de prensa \/ 19:00 hrs.  Reuni\u00f3n con dirigentes y vecinos (Casa del Partido Nacional)<\/p>\n<p><strong>SAN JOS\u00c9 \u2013 VIERNES 31<\/strong><\/p>\n<p>19:30 hrs. Reuni\u00f3n abierta en Club Centenario<\/p>\n","protected":false},"excerpt":{"rendered":"<p>SORIANO &#8211; MI\u00c9RCOLES 29 CARDONA \/\/ 9:30 hrs. Vista al Alcalde de Cardona ROD\u00d3 \/\/ 12:30 hrs. Visita a Alcalde de Rod\u00f3 DOLORES \/\/ 16:30 hrs. Reuni\u00f3n con sindicato de Molino Dolores y Conferencia de Prensa. MERCEDES \/\/ 19:30 Reuni\u00f3n abierta en la Departamental Nacionalista R\u00cdO NEGRO \u2013 JUEVES 30 FRAY BENTOS \/\/ 9:00 hrs. [&hellip;]<\/p>\n","protected":false},"author":1,"featured_media":29585,"comment_status":"open","ping_status":"open","sticky":false,"template":"","format":"standard","meta":{"footnotes":""},"categories":[4],"tags":[],"class_list":["post-29584","post","type-post","status-publish","format-standard","has-post-thumbnail","hentry","category-agenda"],"_links":{"self":[{"href":"https:\/\/alianzanacional.com.uy\/web\/wp-json\/wp\/v2\/posts\/29584","targetHints":{"allow":["GET"]}}],"collection":[{"href":"https:\/\/alianzanacional.com.uy\/web\/wp-json\/wp\/v2\/posts"}],"about":[{"href":"https:\/\/alianzanacional.com.uy\/web\/wp-json\/wp\/v2\/types\/post"}],"author":[{"embeddable":true,"href":"https:\/\/alianzanacional.com.uy\/web\/wp-json\/wp\/v2\/users\/1"}],"replies":[{"embeddable":true,"href":"https:\/\/alianzanacional.com.uy\/web\/wp-json\/wp\/v2\/comments?post=29584"}],"version-history":[{"count":1,"href":"https:\/\/alianzanacional.com.uy\/web\/wp-json\/wp\/v2\/posts\/29584\/revisions"}],"predecessor-version":[{"id":29586,"href":"https:\/\/alianzanacional.com.uy\/web\/wp-json\/wp\/v2\/posts\/29584\/revisions\/29586"}],"wp:featuredmedia":[{"embeddable":true,"href":"https:\/\/alianzanacional.com.uy\/web\/wp-json\/wp\/v2\/media\/29585"}],"wp:attachment":[{"href":"https:\/\/alianzanacional.com.uy\/web\/wp-json\/wp\/v2\/media?parent=29584"}],"wp:term":[{"taxonomy":"category","embeddable":true,"href":"https:\/\/alianzanacional.com.uy\/web\/wp-json\/wp\/v2\/categories?post=29584"},{"taxonomy":"post_tag","embeddable":true,"href":"https:\/\/alianzanacional.com.uy\/web\/wp-json\/wp\/v2\/tags?post=29584"}],"curies":[{"name":"wp","href":"https:\/\/api.w.org\/{rel}","templated":true}]}}