{"id":29592,"date":"2017-03-30T10:33:10","date_gmt":"2017-03-30T13:33:10","guid":{"rendered":"http:\/\/alianzanacional.com.uy\/web\/?p=29592"},"modified":"2017-03-30T12:50:22","modified_gmt":"2017-03-30T15:50:22","slug":"edil-veiga-solicito-creacion-de-un-polideportivo-y-anfiteatro-inclusivo-para-villa-velazquez","status":"publish","type":"post","link":"https:\/\/alianzanacional.com.uy\/web\/edil-veiga-solicito-creacion-de-un-polideportivo-y-anfiteatro-inclusivo-para-villa-velazquez\/","title":{"rendered":"Edil Veiga solicit\u00f3 creaci\u00f3n de un \u00abpolideportivo y anfiteatro inclusivo\u00bb para villa Vel\u00e1zquez"},"content":{"rendered":"<p><a href=\"https:\/\/alianzanacional.com.uy\/web\/wp-content\/uploads\/2017\/03\/WhatsApp-Image-2017-03-30-at-12.21.10.jpeg\"><img fetchpriority=\"high\" decoding=\"async\" class=\"alignnone size-large wp-image-29596\" src=\"https:\/\/alianzanacional.com.uy\/web\/wp-content\/uploads\/2017\/03\/WhatsApp-Image-2017-03-30-at-12.21.10-700x393.jpeg\" alt=\"\" width=\"620\" height=\"348\" srcset=\"https:\/\/alianzanacional.com.uy\/web\/wp-content\/uploads\/2017\/03\/WhatsApp-Image-2017-03-30-at-12.21.10-700x393.jpeg 700w, https:\/\/alianzanacional.com.uy\/web\/wp-content\/uploads\/2017\/03\/WhatsApp-Image-2017-03-30-at-12.21.10-400x225.jpeg 400w, https:\/\/alianzanacional.com.uy\/web\/wp-content\/uploads\/2017\/03\/WhatsApp-Image-2017-03-30-at-12.21.10-768x431.jpeg 768w, https:\/\/alianzanacional.com.uy\/web\/wp-content\/uploads\/2017\/03\/WhatsApp-Image-2017-03-30-at-12.21.10.jpeg 1280w\" sizes=\"(max-width: 620px) 100vw, 620px\" \/><\/a><\/p>\n<p>El edil de Rocha, Mart\u00edn Veiga, luego de reuniones mantenidas con j\u00f3venes de Villa Vel\u00e1zquez, expuso un proyecto trabajado conjuntamente, solicitando la creaci\u00f3n de un \u00abPOLIDEPORTIVO Y ANFITEATRO INCLUSIVO\u00bb para la zona.<\/p>\n<p>A falta de un espacio f\u00edsico y necesario para la comunidad es que se hace hincapi\u00e9 en el tema, teniendo en cuenta que el deporte es pilar fundamental del desarrollo de los seres humanos.<br \/>\nEl proyecto es innovador e inclusivo y est\u00e1 respaldado con m\u00e1s de 300 firmas y CI de vecinos de Vel\u00e1zquez.<\/p>\n<p>Sra. Presidente<br \/>\nDiana Da Silva<br \/>\nSemanas pasadas estuvimos recorriendo villa Vel\u00e1zquez donde mantuvimos conversaciones con j\u00f3venes y vecinos de la zona.En esa recorrida nos han planteado la necesidad de un espacio f\u00edsico para desarrollar actividades deportivas, art\u00edsticas y recreativas.<\/p>\n<p>En conjunto con j\u00f3venes de la zona hemos trabajado en crear un proyecto que abarque los diferentes intereses.<\/p>\n<p>El proyecto le denominamos \u201cPOLIDEPORTIVO Y ANFITEATRO INCLUSIVO\u201d<br \/>\nEste proyecto lo hemos caracterizado como innovador para la zona de villa Vel\u00e1zquez.<br \/>\nLos vecinos como al principio resaltaba solicitan la construcci\u00f3n de un espacio cerrado, que contenga piscina, cancha de basquetbol y f\u00fatbol sala, un gimnasio, una sala de recreaci\u00f3n juvenil que tanto hace falta) y un peque\u00f1o anfiteatro donde cumpla diversos roles, un lugar para recrear obras, pasando por peque\u00f1os recitales y hasta eventos de \u00edndole p\u00fablico.<\/p>\n<p>El deporte como tal es la base de las personas que sufren alguna discapacidad.<br \/>\nEste proyecto lo denominamos de seria importancia para el pueblo porque apunta principalmente a la educaci\u00f3n inclusiva. Queremos fomentar con esto la inclusi\u00f3n en las escuelas, siendo hoy un debe en la pr\u00e1ctica deportiva.<br \/>\nPor otro lado sigue fallando la accesibilidad en los espacios y servicio p\u00fablicos de la zona (plazas, veredas, \u00f3mnibus, escuelas, liceo, etc)<\/p>\n<p>Esto invita a la integraci\u00f3n de toda la poblaci\u00f3n. El pueblo de Vel\u00e1zquez carece de un espacio cerrado en donde los j\u00f3venes puedan realizar diversas actividades deportivas. Hasta el liceo se encuentra privado de poder realizar actividades por no contar con un gimnasio.<\/p>\n<p>La constancia en el crecimiento a nivel deportivo y educativo en la inclusi\u00f3n es esencial en una sociedad que vela por los derechos de igualdad y no discriminativos.<\/p>\n<p><strong>OBJETIVOS:<\/strong><\/p>\n<p>\u2022 Ofrecer respuestas a la diversidad, atendiendo a las necesidades b\u00e1sicas del aprendizaje y brindando igualdad de oportunidades de educaci\u00f3n para todos.<br \/>\n\u2022 Tener un espacio f\u00edsico para que all\u00ed se concreten actividades deportivas.<\/p>\n<p>\u2022 Contar con una amplia de actividades dentro del centro (nataci\u00f3n, b\u00e1squetbol, f\u00fatbol).<\/p>\n<p>\u2022 Contar con actividades culturales y sociales, d\u00e1ndole trascendencia al anfiteatro.<\/p>\n<p>\u2022 Sensibilizar a la comunidad educativa en general sobre la importancia del cambio de paradigma hacia la inclusi\u00f3n.<\/p>\n<p>\u2022 Contar con una estructura apta para participar y ser sede de las competencias de secundaria, tanto departamental como nacional.<\/p>\n<p>Esperemos que este proyecto sea al menos conversado por quienes pueden destinar fondos para poder realizar algo innovador para el pueblo de villa Vel\u00e1zquez y sea uno de los motivos por el cual muchos vecinos se sientan conformes y realizados por buenas obras que sirve para toda la comunidad.<\/p>\n<p>Hay m\u00e1s de 300 firmas de j\u00f3venes y vecinos de la villa que respalda lo expuesto hoy aqu\u00ed y el motivo beneficio para la comunidad.<\/p>\n<p>Solicito que mis palabras pasen al Sr. Intendente An\u00edbal Pereyra, municipio de Lascano, Ministerio de Transporte y Obras P\u00fablicas, Ministerio de Educaci\u00f3n y Cultura Y a lo medios de presa del departamento.<\/p>\n<p>Saluda atte.<\/p>\n<p style=\"text-align: center;\">Edil Mart\u00edn Veiga<\/p>\n<p style=\"text-align: center;\">Rocha, 28 de marzo de 2017<\/p>\n<p style=\"text-align: center;\">VIDEO:\u00a0<a href=\"https:\/\/www.facebook.com\/jovenesjuntosrocha\/videos\/1370371309650641\/\" target=\"_blank\">https:\/\/www.facebook.com\/jovenesjuntosrocha\/videos\/1370371309650641\/<\/a><\/p>\n<p style=\"text-align: center;\">\n<p>&nbsp;<\/p>\n","protected":false},"excerpt":{"rendered":"<p>El edil de Rocha, Mart\u00edn Veiga, luego de reuniones mantenidas con j\u00f3venes de Villa Vel\u00e1zquez, expuso un proyecto trabajado conjuntamente, solicitando la creaci\u00f3n de un \u00abPOLIDEPORTIVO Y ANFITEATRO INCLUSIVO\u00bb para la zona. A falta de un espacio f\u00edsico y necesario para la comunidad es que se hace hincapi\u00e9 en el tema, teniendo en cuenta que [&hellip;]<\/p>\n","protected":false},"author":1,"featured_media":29596,"comment_status":"open","ping_status":"open","sticky":false,"template":"","format":"standard","meta":{"footnotes":""},"categories":[232],"tags":[],"class_list":["post-29592","post","type-post","status-publish","format-standard","has-post-thumbnail","hentry","category-departamentales"],"_links":{"self":[{"href":"https:\/\/alianzanacional.com.uy\/web\/wp-json\/wp\/v2\/posts\/29592","targetHints":{"allow":["GET"]}}],"collection":[{"href":"https:\/\/alianzanacional.com.uy\/web\/wp-json\/wp\/v2\/posts"}],"about":[{"href":"https:\/\/alianzanacional.com.uy\/web\/wp-json\/wp\/v2\/types\/post"}],"author":[{"embeddable":true,"href":"https:\/\/alianzanacional.com.uy\/web\/wp-json\/wp\/v2\/users\/1"}],"replies":[{"embeddable":true,"href":"https:\/\/alianzanacional.com.uy\/web\/wp-json\/wp\/v2\/comments?post=29592"}],"version-history":[{"count":1,"href":"https:\/\/alianzanacional.com.uy\/web\/wp-json\/wp\/v2\/posts\/29592\/revisions"}],"predecessor-version":[{"id":29597,"href":"https:\/\/alianzanacional.com.uy\/web\/wp-json\/wp\/v2\/posts\/29592\/revisions\/29597"}],"wp:featuredmedia":[{"embeddable":true,"href":"https:\/\/alianzanacional.com.uy\/web\/wp-json\/wp\/v2\/media\/29596"}],"wp:attachment":[{"href":"https:\/\/alianzanacional.com.uy\/web\/wp-json\/wp\/v2\/media?parent=29592"}],"wp:term":[{"taxonomy":"category","embeddable":true,"href":"https:\/\/alianzanacional.com.uy\/web\/wp-json\/wp\/v2\/categories?post=29592"},{"taxonomy":"post_tag","embeddable":true,"href":"https:\/\/alianzanacional.com.uy\/web\/wp-json\/wp\/v2\/tags?post=29592"}],"curies":[{"name":"wp","href":"https:\/\/api.w.org\/{rel}","templated":true}]}}