{"id":29621,"date":"2017-04-06T12:33:52","date_gmt":"2017-04-06T15:33:52","guid":{"rendered":"http:\/\/alianzanacional.com.uy\/web\/?p=29621"},"modified":"2017-04-06T13:34:16","modified_gmt":"2017-04-06T16:34:16","slug":"camy-electo-presidente-de-la-comision-de-transporte-y-obras-publicas-del-senado","status":"publish","type":"post","link":"https:\/\/alianzanacional.com.uy\/web\/camy-electo-presidente-de-la-comision-de-transporte-y-obras-publicas-del-senado\/","title":{"rendered":"Camy electo Presidente de la Comisi\u00f3n de Transporte y Obras P\u00fablicas del Senado"},"content":{"rendered":"<p><a href=\"https:\/\/alianzanacional.com.uy\/web\/wp-content\/uploads\/2017\/04\/17523695_1087762931329361_1522222457086637066_n.jpg\"><img fetchpriority=\"high\" decoding=\"async\" src=\"https:\/\/alianzanacional.com.uy\/web\/wp-content\/uploads\/2017\/04\/17523695_1087762931329361_1522222457086637066_n-700x467.jpg\" alt=\"\" width=\"620\" height=\"414\" class=\"alignnone size-large wp-image-29622\" srcset=\"https:\/\/alianzanacional.com.uy\/web\/wp-content\/uploads\/2017\/04\/17523695_1087762931329361_1522222457086637066_n-700x467.jpg 700w, https:\/\/alianzanacional.com.uy\/web\/wp-content\/uploads\/2017\/04\/17523695_1087762931329361_1522222457086637066_n-400x267.jpg 400w, https:\/\/alianzanacional.com.uy\/web\/wp-content\/uploads\/2017\/04\/17523695_1087762931329361_1522222457086637066_n-768x512.jpg 768w, https:\/\/alianzanacional.com.uy\/web\/wp-content\/uploads\/2017\/04\/17523695_1087762931329361_1522222457086637066_n.jpg 960w\" sizes=\"(max-width: 620px) 100vw, 620px\" \/><\/a><\/p>\n<p>Por unanimidad de los integrantes, el senador aliancista Carlos Daniel Camy fue electo como Presidente de la Comisi\u00f3n de Transporte y Obras P\u00fablicas del Senado de la Rep\u00fablica.<br \/>\nCamy cumple as\u00ed su segundo periodo al frente de la referida comisi\u00f3n, tras haber sido electo en la legislatura 2015-2016. <\/p>\n<p><strong>REUNI\u00d3N CON EL MINISTRO ROSSI<\/strong><\/p>\n<p>Adem\u00e1s, Camy se reuni\u00f3 con el Ministro de Transporte y Obras P\u00fablicas, V\u00edctor Rossi, en encuentro realizado en el MTOP. En la oportunidad el Senador analiz\u00f3 diversos temas con el jerarca relativos al transporte y la obra p\u00fablica, reiter\u00e1ndole su \u00abinter\u00e9s por la concreci\u00f3n del Proyecto PPP que posibilitar\u00eda la construcci\u00f3n de la doble v\u00eda de la ruta 3, entre la radial de ruta 1 y la ciudad de San Jos\u00e9 de Mayo\u00bb.<br \/>\nCamy reiter\u00f3 su \u00aboptimismo\u00bb en referencia a que el proyecto se concrete en los pr\u00f3ximos meses, ya que esta semana \u00abse realiz\u00f3 la presentaci\u00f3n final del proyecto de PPP y solo resta, proceder a realizar el llamado competitivo que establece el proceso se\u00f1alado por la ley de participaci\u00f3n p\u00fablico privada\u00bb.<br \/>\nEl Senador se\u00f1al\u00f3 que \u00abes una obra de fundamental importancia para el departamento de San Jos\u00e9\u00bb. <\/p>\n<p><a href=\"https:\/\/alianzanacional.com.uy\/web\/wp-content\/uploads\/2017\/04\/17757274_1087763174662670_1538159374836674611_n.jpg\"><img decoding=\"async\" src=\"https:\/\/alianzanacional.com.uy\/web\/wp-content\/uploads\/2017\/04\/17757274_1087763174662670_1538159374836674611_n-700x467.jpg\" alt=\"\" width=\"620\" height=\"414\" class=\"alignnone size-large wp-image-29623\" srcset=\"https:\/\/alianzanacional.com.uy\/web\/wp-content\/uploads\/2017\/04\/17757274_1087763174662670_1538159374836674611_n-700x467.jpg 700w, https:\/\/alianzanacional.com.uy\/web\/wp-content\/uploads\/2017\/04\/17757274_1087763174662670_1538159374836674611_n-400x267.jpg 400w, https:\/\/alianzanacional.com.uy\/web\/wp-content\/uploads\/2017\/04\/17757274_1087763174662670_1538159374836674611_n-768x512.jpg 768w, https:\/\/alianzanacional.com.uy\/web\/wp-content\/uploads\/2017\/04\/17757274_1087763174662670_1538159374836674611_n.jpg 960w\" sizes=\"(max-width: 620px) 100vw, 620px\" \/><\/a><\/p>\n","protected":false},"excerpt":{"rendered":"<p>Por unanimidad de los integrantes, el senador aliancista Carlos Daniel Camy fue electo como Presidente de la Comisi\u00f3n de Transporte y Obras P\u00fablicas del Senado de la Rep\u00fablica. Camy cumple as\u00ed su segundo periodo al frente de la referida comisi\u00f3n, tras haber sido electo en la legislatura 2015-2016. REUNI\u00d3N CON EL MINISTRO ROSSI Adem\u00e1s, Camy [&hellip;]<\/p>\n","protected":false},"author":1,"featured_media":29622,"comment_status":"open","ping_status":"open","sticky":false,"template":"","format":"standard","meta":{"footnotes":""},"categories":[164],"tags":[],"class_list":["post-29621","post","type-post","status-publish","format-standard","has-post-thumbnail","hentry","category-legislativas"],"_links":{"self":[{"href":"https:\/\/alianzanacional.com.uy\/web\/wp-json\/wp\/v2\/posts\/29621","targetHints":{"allow":["GET"]}}],"collection":[{"href":"https:\/\/alianzanacional.com.uy\/web\/wp-json\/wp\/v2\/posts"}],"about":[{"href":"https:\/\/alianzanacional.com.uy\/web\/wp-json\/wp\/v2\/types\/post"}],"author":[{"embeddable":true,"href":"https:\/\/alianzanacional.com.uy\/web\/wp-json\/wp\/v2\/users\/1"}],"replies":[{"embeddable":true,"href":"https:\/\/alianzanacional.com.uy\/web\/wp-json\/wp\/v2\/comments?post=29621"}],"version-history":[{"count":2,"href":"https:\/\/alianzanacional.com.uy\/web\/wp-json\/wp\/v2\/posts\/29621\/revisions"}],"predecessor-version":[{"id":29630,"href":"https:\/\/alianzanacional.com.uy\/web\/wp-json\/wp\/v2\/posts\/29621\/revisions\/29630"}],"wp:featuredmedia":[{"embeddable":true,"href":"https:\/\/alianzanacional.com.uy\/web\/wp-json\/wp\/v2\/media\/29622"}],"wp:attachment":[{"href":"https:\/\/alianzanacional.com.uy\/web\/wp-json\/wp\/v2\/media?parent=29621"}],"wp:term":[{"taxonomy":"category","embeddable":true,"href":"https:\/\/alianzanacional.com.uy\/web\/wp-json\/wp\/v2\/categories?post=29621"},{"taxonomy":"post_tag","embeddable":true,"href":"https:\/\/alianzanacional.com.uy\/web\/wp-json\/wp\/v2\/tags?post=29621"}],"curies":[{"name":"wp","href":"https:\/\/api.w.org\/{rel}","templated":true}]}}