{"id":29635,"date":"2017-04-18T16:55:35","date_gmt":"2017-04-18T19:55:35","guid":{"rendered":"http:\/\/alianzanacional.com.uy\/web\/?p=29635"},"modified":"2017-04-18T19:04:40","modified_gmt":"2017-04-18T22:04:40","slug":"camy-se-refirio-al-50-aniversario-de-la-desaparicion-fisica-de-konrad-adenauer-y-su-legado","status":"publish","type":"post","link":"https:\/\/alianzanacional.com.uy\/web\/camy-se-refirio-al-50-aniversario-de-la-desaparicion-fisica-de-konrad-adenauer-y-su-legado\/","title":{"rendered":"Camy se refiri\u00f3 al 50 aniversario de la desaparici\u00f3n f\u00edsica de Konrad Adenauer y su legado."},"content":{"rendered":"<p><a href=\"https:\/\/alianzanacional.com.uy\/web\/wp-content\/uploads\/2015\/08\/camy.jpg\"><img fetchpriority=\"high\" decoding=\"async\" src=\"https:\/\/alianzanacional.com.uy\/web\/wp-content\/uploads\/2015\/08\/camy-700x467.jpg\" alt=\"\" width=\"620\" height=\"414\" class=\"alignnone size-large wp-image-27242\" srcset=\"https:\/\/alianzanacional.com.uy\/web\/wp-content\/uploads\/2015\/08\/camy-700x467.jpg 700w, https:\/\/alianzanacional.com.uy\/web\/wp-content\/uploads\/2015\/08\/camy-400x267.jpg 400w, https:\/\/alianzanacional.com.uy\/web\/wp-content\/uploads\/2015\/08\/camy.jpg 960w\" sizes=\"(max-width: 620px) 100vw, 620px\" \/><\/a><\/p>\n<p><em>El Senador Carlos Daniel Camy se refiri\u00f3 en el Senado de la Rep\u00fablica al 50 Aniversario de la desaparici\u00f3n f\u00edsica de uno de los m\u00e1s destacados y astutos pol\u00edticos de la Europa del Siglo XX, quien fuera el Primer Canciller de la Rep\u00fablica Federal de Alemania, Konrad Adenauer.<br \/>\nEn su alocuci\u00f3n, Camy destac\u00f3 al ex Canciller Adenauer por su aporte a la libertad, bienestar y seguridad social y se refiri\u00f3 al trabajo en nuestro pa\u00eds de la Fundaci\u00f3n que lleva su nombre, en cuanto a su aporte a la promoci\u00f3n del debate en temas como la econom\u00eda social de mercado, el desarrollo local y la descentralizaci\u00f3n, el medio ambiente, el cambio clim\u00e1tico, la protecci\u00f3n de las minor\u00edas, la seguridad energ\u00e9tica y la inserci\u00f3n internacional en el siglo XXI.<\/em><\/p>\n<p>Considerado uno de los \u201cpadres de Europa\u201d, as\u00ed llamado por su contribuci\u00f3n trascendental en la reconstrucci\u00f3n del viejo continente &#8211; conjuntamente con Monnet, De Gasperi, Schuman &#8211; Adenauer fue \u00abun l\u00edder extraordinario, protagonista principal del llamado milagro alem\u00e1n. Fue Canciller de Alemania hasta los 87 a\u00f1os de edad, ejerci\u00f3 como Alcalde de Colonia y fue este hombre, de reconocido instinto pol\u00edtico, el gestor fundamental en la forja de una Alemania Occidental pr\u00f3spera, productiva, estable y respetada en el \u00e1mbito internacional. Fue un hombre de Estado, a quien Alemania Federal, la Rep\u00fablica Federal de Alemania, reconociera por el aporte a su libertad, su bienestar y su seguridad social y a quien dem\u00f3cratas de todo el mundo coinciden en se\u00f1alar como art\u00edfice de la reconstrucci\u00f3n de Alemania\u201d.<\/p>\n<p>Tambi\u00e9n destac\u00f3 que este a\u00f1o se cumple medio siglo de presencia de la Fundaci\u00f3n Konrad Adenauer en el Uruguay, recordando al primer representante de la Fundaci\u00f3n en  nuestro pa\u00eds, el Sr. Werner Glomb, quien asumiera el cargo el 1 de enero de 1967.<\/p>\n","protected":false},"excerpt":{"rendered":"<p>El Senador Carlos Daniel Camy se refiri\u00f3 en el Senado de la Rep\u00fablica al 50 Aniversario de la desaparici\u00f3n f\u00edsica de uno de los m\u00e1s destacados y astutos pol\u00edticos de la Europa del Siglo XX, quien fuera el Primer Canciller de la Rep\u00fablica Federal de Alemania, Konrad Adenauer. En su alocuci\u00f3n, Camy destac\u00f3 al ex [&hellip;]<\/p>\n","protected":false},"author":1,"featured_media":27242,"comment_status":"open","ping_status":"open","sticky":false,"template":"","format":"standard","meta":{"footnotes":""},"categories":[164],"tags":[],"class_list":["post-29635","post","type-post","status-publish","format-standard","has-post-thumbnail","hentry","category-legislativas"],"_links":{"self":[{"href":"https:\/\/alianzanacional.com.uy\/web\/wp-json\/wp\/v2\/posts\/29635","targetHints":{"allow":["GET"]}}],"collection":[{"href":"https:\/\/alianzanacional.com.uy\/web\/wp-json\/wp\/v2\/posts"}],"about":[{"href":"https:\/\/alianzanacional.com.uy\/web\/wp-json\/wp\/v2\/types\/post"}],"author":[{"embeddable":true,"href":"https:\/\/alianzanacional.com.uy\/web\/wp-json\/wp\/v2\/users\/1"}],"replies":[{"embeddable":true,"href":"https:\/\/alianzanacional.com.uy\/web\/wp-json\/wp\/v2\/comments?post=29635"}],"version-history":[{"count":1,"href":"https:\/\/alianzanacional.com.uy\/web\/wp-json\/wp\/v2\/posts\/29635\/revisions"}],"predecessor-version":[{"id":29636,"href":"https:\/\/alianzanacional.com.uy\/web\/wp-json\/wp\/v2\/posts\/29635\/revisions\/29636"}],"wp:featuredmedia":[{"embeddable":true,"href":"https:\/\/alianzanacional.com.uy\/web\/wp-json\/wp\/v2\/media\/27242"}],"wp:attachment":[{"href":"https:\/\/alianzanacional.com.uy\/web\/wp-json\/wp\/v2\/media?parent=29635"}],"wp:term":[{"taxonomy":"category","embeddable":true,"href":"https:\/\/alianzanacional.com.uy\/web\/wp-json\/wp\/v2\/categories?post=29635"},{"taxonomy":"post_tag","embeddable":true,"href":"https:\/\/alianzanacional.com.uy\/web\/wp-json\/wp\/v2\/tags?post=29635"}],"curies":[{"name":"wp","href":"https:\/\/api.w.org\/{rel}","templated":true}]}}