{"id":29637,"date":"2017-04-18T16:47:02","date_gmt":"2017-04-18T19:47:02","guid":{"rendered":"http:\/\/alianzanacional.com.uy\/web\/?p=29637"},"modified":"2017-04-19T14:59:31","modified_gmt":"2017-04-19T17:59:31","slug":"olivera-el-ministerio-del-interior-tiene-la-funcion-de-garante-del-resultado-de-la-seguridad-en-espectaculos-publicos","status":"publish","type":"post","link":"https:\/\/alianzanacional.com.uy\/web\/olivera-el-ministerio-del-interior-tiene-la-funcion-de-garante-del-resultado-de-la-seguridad-en-espectaculos-publicos\/","title":{"rendered":"Olivera: \u201cel Ministerio del Interior tiene la funci\u00f3n de garante del resultado de la seguridad en espect\u00e1culos p\u00fablicos\u201d"},"content":{"rendered":"<p><a href=\"https:\/\/alianzanacional.com.uy\/web\/wp-content\/uploads\/2016\/05\/nico-olivera-702x395.jpg\"><img fetchpriority=\"high\" decoding=\"async\" src=\"https:\/\/alianzanacional.com.uy\/web\/wp-content\/uploads\/2016\/05\/nico-olivera-702x395-700x394.jpg\" alt=\"\" width=\"620\" height=\"349\" class=\"alignnone size-large wp-image-28471\" srcset=\"https:\/\/alianzanacional.com.uy\/web\/wp-content\/uploads\/2016\/05\/nico-olivera-702x395-700x394.jpg 700w, https:\/\/alianzanacional.com.uy\/web\/wp-content\/uploads\/2016\/05\/nico-olivera-702x395-400x225.jpg 400w, https:\/\/alianzanacional.com.uy\/web\/wp-content\/uploads\/2016\/05\/nico-olivera-702x395.jpg 702w\" sizes=\"(max-width: 620px) 100vw, 620px\" \/><\/a> <\/p>\n<p>En la jornada de ayer la C\u00e1mara de Representantes aprob\u00f3 el proyecto de ley referente al Derecho de Admisi\u00f3n. Al respecto, el Diputado aliancista por Paysand\u00fa, Nicol\u00e1s Olivera, indic\u00f3: \u201cLa principal preocupaci\u00f3n de muchos es evitar y erradicar la violencia en el deporte, asegurando espect\u00e1culos p\u00fablicos pac\u00edficos para que las familias puedan retornar a esos eventos de concurrencia masiva\u201d.<\/p>\n<p>Se\u00f1al\u00f3 que la iniciativa parte de la premisa de establecer qui\u00e9n es el primer y \u00faltimo responsable de la seguridad en este tipo de eventos.<\/p>\n<p>Explic\u00f3 que el proyecto es muy amplio, ya que en su primer art\u00edculo hace referencia a \u00abespect\u00e1culos p\u00fablicos de \u00edndole art\u00edstica, recreativa, social, cultural, deportiva o de cualquier otra naturaleza\u00bb.<\/p>\n<p>Admisi\u00f3n, permanencia y responsabilidad<\/p>\n<p>Olivera expres\u00f3 que el proyecto de ley regula tres temas muy importantes. Por un lado, el derecho de admisi\u00f3n, que es aquella potestad que se confiere a los organizadores del evento para que, configurados ciertos extremos permitan, o no, el ingreso de determinadas personas. Agreg\u00f3 que \u201cse busca un mecanismo que garantice la no discriminaci\u00f3n de las personas al momento de acceder a un lugar\u201d.<\/p>\n<p>El segundo gran aspecto de la norma es el de regular el derecho de permanencia; se introducen ajustes y esto se define como derecho de exclusi\u00f3n, y por \u00faltimo, el proyecto l busca zanjar la discusi\u00f3n en torno a qui\u00e9n es el responsable de la seguridad en los eventos o espect\u00e1culos p\u00fablicos.<\/p>\n<p>Ministerio y organizadores.<\/p>\n<p>El legislador nacionalista indic\u00f3 que \u201cel Ministerio del Interior, la Polic\u00eda, tiene una funci\u00f3n de garante del resultado de la seguridad en espect\u00e1culos p\u00fablicos. Con este proyecto de ley, la implementaci\u00f3n de las medidas, la puesta de recursos humanos y materiales y, obviamente, los desembolsos econ\u00f3micos consecuentes, deben hacerlos los organizadores\u201d.<\/p>\n<p>Sostuvo que \u201cel propio Ministerio del Interior terminar\u00e1 siendo el garante de la seguridad. No nos olvidemos de que en esa funci\u00f3n prevento-represiva del delito en determinados espect\u00e1culos p\u00fablicos, sobre todo de concurrencia masiva, hay cuestiones de seguridad que trascienden a las del propio el evento, por ejemplo, en los encuentros deportivos, que es el tema que m\u00e1s nos convoca\u201d.<\/p>\n<p>El legislador puso como ejemplo los casos de venta de droga, o las conductas re\u00f1idas con la ley que en muchas oportunidades se dan en los partidos en el estadio centenario.<\/p>\n<p> Subray\u00f3 que \u201cla funci\u00f3n de la Polic\u00eda es, precisamente, prevenir y reprimir el delito, est\u00e9 donde est\u00e9, y cuando se da en un espect\u00e1culo p\u00fablico, tambi\u00e9n debe hacerlo\u201d.<\/p>\n<p>Indic\u00f3 que el Ministerio del Interior tendr\u00e1 una obligaci\u00f3n de resultado, porque deber\u00e1 garantizar la seguridad del evento. Ser\u00e1 el primer responsable en tanto le dir\u00e1 al organizador qu\u00e9 es lo que tiene que hacer, y tambi\u00e9n ser\u00e1 el \u00faltimo responsable, debiendo intervenir si las directivas que imparti\u00f3 no dieron resultado.<\/p>\n<p>Sustitutivo<\/p>\n<p>Olivera propuso un sustitutivo mediante el cual se busca delimitar a\u00fan m\u00e1s las responsabilidades, tanto del Ministerio del Interior como de los organizadores. \u201cNo podemos permitir es que el Ministerio del Interior, el Poder Ejecutivo o el Estado, representado por esa Cartera, autolimiten su responsabilidad ante alg\u00fan vac\u00edo o duda que se pueda generar\u201d.<\/p>\n<p>Del mismo modo plante\u00f3 una peque\u00f1a modificaci\u00f3n en materia edilicia, a fin de dejar claro que los recintos, estadios u otros \u00e1mbitos p\u00fablicos o privados deben cumplir con las medidas de seguridad que se establezca por parte de la reglamentaci\u00f3n.<\/p>\n<p>El diputado sanducero subray\u00f3 que en la Comisi\u00f3n, el Ministerio del Interior, en la persona de Charles Carrera, indic\u00f3: \u00abEl mantenimiento y la seguridad p\u00fablica es responsabilidad nuestra y no nos sacamos la responsabilidad de arriba\u00bb, refrendando su obligaci\u00f3n de garante, es decir, de prestar garant\u00edas.<\/p>\n<p>\u201cLas normas existen pero el Ministerio del Interior no las ha cumplido\u201d<\/p>\n<p>Olivera manifest\u00f3 que se est\u00e1 ante una situaci\u00f3n que no sabe si se arreglar\u00e1 solo con leyes porque, de hecho, ya existen y no se han cumplido. Como dec\u00edamos m\u00e1s temprano, la Ley Org\u00e1nica Policial es clara y contundente cuando le atribuye al Estado \u2011a trav\u00e9s del Poder Ejecutivo, el Ministerio del Interior y la Polic\u00eda Nacional\u2011 la responsabilidad de garantizar la seguridad en este tipo de espect\u00e1culos, cosa que hasta ahora no ha podido hacer.<\/p>\n<p>\u201cLas normas existen, pero el Ministerio del Interior no las ha cumplido\u201d<\/p>\n<p>El legislador blanco culmin\u00f3 indicando que \u201chay que trabajar para la gente que cuando concurre a un espect\u00e1culo p\u00fablico quiere tranquilidad de que no le va a pasar nada\u201d. Y a\u00f1adi\u00f3 que \u201cesa tranquilidad se la debe dar el Estado, porque lo dicen Constituci\u00f3n y las leyes\u201d.<\/p>\n","protected":false},"excerpt":{"rendered":"<p>En la jornada de ayer la C\u00e1mara de Representantes aprob\u00f3 el proyecto de ley referente al Derecho de Admisi\u00f3n. Al respecto, el Diputado aliancista por Paysand\u00fa, Nicol\u00e1s Olivera, indic\u00f3: \u201cLa principal preocupaci\u00f3n de muchos es evitar y erradicar la violencia en el deporte, asegurando espect\u00e1culos p\u00fablicos pac\u00edficos para que las familias puedan retornar a esos [&hellip;]<\/p>\n","protected":false},"author":1,"featured_media":0,"comment_status":"open","ping_status":"open","sticky":false,"template":"","format":"standard","meta":{"footnotes":""},"categories":[164],"tags":[],"class_list":["post-29637","post","type-post","status-publish","format-standard","hentry","category-legislativas"],"_links":{"self":[{"href":"https:\/\/alianzanacional.com.uy\/web\/wp-json\/wp\/v2\/posts\/29637","targetHints":{"allow":["GET"]}}],"collection":[{"href":"https:\/\/alianzanacional.com.uy\/web\/wp-json\/wp\/v2\/posts"}],"about":[{"href":"https:\/\/alianzanacional.com.uy\/web\/wp-json\/wp\/v2\/types\/post"}],"author":[{"embeddable":true,"href":"https:\/\/alianzanacional.com.uy\/web\/wp-json\/wp\/v2\/users\/1"}],"replies":[{"embeddable":true,"href":"https:\/\/alianzanacional.com.uy\/web\/wp-json\/wp\/v2\/comments?post=29637"}],"version-history":[{"count":4,"href":"https:\/\/alianzanacional.com.uy\/web\/wp-json\/wp\/v2\/posts\/29637\/revisions"}],"predecessor-version":[{"id":29641,"href":"https:\/\/alianzanacional.com.uy\/web\/wp-json\/wp\/v2\/posts\/29637\/revisions\/29641"}],"wp:attachment":[{"href":"https:\/\/alianzanacional.com.uy\/web\/wp-json\/wp\/v2\/media?parent=29637"}],"wp:term":[{"taxonomy":"category","embeddable":true,"href":"https:\/\/alianzanacional.com.uy\/web\/wp-json\/wp\/v2\/categories?post=29637"},{"taxonomy":"post_tag","embeddable":true,"href":"https:\/\/alianzanacional.com.uy\/web\/wp-json\/wp\/v2\/tags?post=29637"}],"curies":[{"name":"wp","href":"https:\/\/api.w.org\/{rel}","templated":true}]}}