{"id":29666,"date":"2017-05-03T08:42:09","date_gmt":"2017-05-03T11:42:09","guid":{"rendered":"http:\/\/alianzanacional.com.uy\/web\/?p=29666"},"modified":"2017-05-03T10:52:52","modified_gmt":"2017-05-03T13:52:52","slug":"edil-barrios-bove-pide-semaforos-intermitentes","status":"publish","type":"post","link":"https:\/\/alianzanacional.com.uy\/web\/edil-barrios-bove-pide-semaforos-intermitentes\/","title":{"rendered":"Edil Barrios Bove pide sem\u00e1foros intermitentes"},"content":{"rendered":"<p><a href=\"https:\/\/alianzanacional.com.uy\/web\/wp-content\/uploads\/2017\/05\/barrios-bove.png\"><img fetchpriority=\"high\" decoding=\"async\" src=\"https:\/\/alianzanacional.com.uy\/web\/wp-content\/uploads\/2017\/05\/barrios-bove-700x441.png\" alt=\"\" width=\"620\" height=\"391\" class=\"alignnone size-large wp-image-29667\" srcset=\"https:\/\/alianzanacional.com.uy\/web\/wp-content\/uploads\/2017\/05\/barrios-bove-700x441.png 700w, https:\/\/alianzanacional.com.uy\/web\/wp-content\/uploads\/2017\/05\/barrios-bove-400x252.png 400w, https:\/\/alianzanacional.com.uy\/web\/wp-content\/uploads\/2017\/05\/barrios-bove-768x484.png 768w, https:\/\/alianzanacional.com.uy\/web\/wp-content\/uploads\/2017\/05\/barrios-bove.png 1587w\" sizes=\"(max-width: 620px) 100vw, 620px\" \/><\/a><\/p>\n<p>A iniciativa del Edil Javier Barrios Bove, la Junta Departamental de Montevideo aprob\u00f3 por unanimidad una minuta de aspiraci\u00f3n que establece que los sem\u00e1foros deben estar intermitentes desde la medianoche hasta las 6 de la ma\u00f1ana. <\/p>\n<p>\u201cEl sentido de esto es que en horarios nocturnos algunos sem\u00e1foros de la capital no est\u00e9n apagados sino que cambien su forma de funcionamiento. Pedimos que pasen de funcionar en forma continua a hacerlo de una forma intermitente, lo cual cambia el significado para quien conduce. La se\u00f1al amarilla intermitente cumple la funci\u00f3n de ceda el paso, y la roja indica que hay que detenerse\u201d, explic\u00f3 el legislador departamental.<\/p>\n<p>Para Barrios Bove, el motivo de este planteo tiene que ver tambi\u00e9n con un tema de seguridad. \u201cEn algunos lugares de Montevideo la situaci\u00f3n es compleja, y sabemos que hay muchas personas que han optado por pasar de largo el sem\u00e1foro en rojo o en amarillo para evitar que las rapi\u00f1en o que les rompan un vidrio.\u201d<\/p>\n<p>Indic\u00f3 que al analizar el primer listado de multas del Centro de Gesti\u00f3n de Movilidad, \u201carroj\u00f3 los siguientes datos: el 50% de las multas eran por exceso de velocidad y el otro 50% por pasar con luz roja. El 50% de las multas por pasar con luz roja se daba en el horario nocturno.\u201d<\/p>\n<p>Se\u00f1al\u00f3 que esta medida ya existe en algunos lugares, aunque no es jurisdicci\u00f3n departamental sino nacional: \u201cel sem\u00e1foro que est\u00e1 a la altura del Estadio Tr\u00f3ccoli -Ruta 1, Ruta 5 y camino de las Tropas-, a determinada hora de la noche se transforma en intermitente por razones de seguridad.\u201d <\/p>\n<p>El edil de la Lista 250 espera que la Intendencia considere este asunto y lo ponga en pr\u00e1ctica en el corto plazo.<\/p>\n","protected":false},"excerpt":{"rendered":"<p>A iniciativa del Edil Javier Barrios Bove, la Junta Departamental de Montevideo aprob\u00f3 por unanimidad una minuta de aspiraci\u00f3n que establece que los sem\u00e1foros deben estar intermitentes desde la medianoche hasta las 6 de la ma\u00f1ana. \u201cEl sentido de esto es que en horarios nocturnos algunos sem\u00e1foros de la capital no est\u00e9n apagados sino que [&hellip;]<\/p>\n","protected":false},"author":1,"featured_media":29667,"comment_status":"open","ping_status":"open","sticky":false,"template":"","format":"standard","meta":{"footnotes":""},"categories":[232],"tags":[],"class_list":["post-29666","post","type-post","status-publish","format-standard","has-post-thumbnail","hentry","category-departamentales"],"_links":{"self":[{"href":"https:\/\/alianzanacional.com.uy\/web\/wp-json\/wp\/v2\/posts\/29666","targetHints":{"allow":["GET"]}}],"collection":[{"href":"https:\/\/alianzanacional.com.uy\/web\/wp-json\/wp\/v2\/posts"}],"about":[{"href":"https:\/\/alianzanacional.com.uy\/web\/wp-json\/wp\/v2\/types\/post"}],"author":[{"embeddable":true,"href":"https:\/\/alianzanacional.com.uy\/web\/wp-json\/wp\/v2\/users\/1"}],"replies":[{"embeddable":true,"href":"https:\/\/alianzanacional.com.uy\/web\/wp-json\/wp\/v2\/comments?post=29666"}],"version-history":[{"count":1,"href":"https:\/\/alianzanacional.com.uy\/web\/wp-json\/wp\/v2\/posts\/29666\/revisions"}],"predecessor-version":[{"id":29668,"href":"https:\/\/alianzanacional.com.uy\/web\/wp-json\/wp\/v2\/posts\/29666\/revisions\/29668"}],"wp:featuredmedia":[{"embeddable":true,"href":"https:\/\/alianzanacional.com.uy\/web\/wp-json\/wp\/v2\/media\/29667"}],"wp:attachment":[{"href":"https:\/\/alianzanacional.com.uy\/web\/wp-json\/wp\/v2\/media?parent=29666"}],"wp:term":[{"taxonomy":"category","embeddable":true,"href":"https:\/\/alianzanacional.com.uy\/web\/wp-json\/wp\/v2\/categories?post=29666"},{"taxonomy":"post_tag","embeddable":true,"href":"https:\/\/alianzanacional.com.uy\/web\/wp-json\/wp\/v2\/tags?post=29666"}],"curies":[{"name":"wp","href":"https:\/\/api.w.org\/{rel}","templated":true}]}}