{"id":29715,"date":"2017-05-11T14:22:21","date_gmt":"2017-05-11T17:22:21","guid":{"rendered":"http:\/\/alianzanacional.com.uy\/web\/?p=29715"},"modified":"2017-05-11T14:27:32","modified_gmt":"2017-05-11T17:27:32","slug":"a-solicitud-del-diputado-olivera-el-directorio-del-partido-nacional-se-reunira-con-directores-de-entes-nacionalistas","status":"publish","type":"post","link":"https:\/\/alianzanacional.com.uy\/web\/a-solicitud-del-diputado-olivera-el-directorio-del-partido-nacional-se-reunira-con-directores-de-entes-nacionalistas\/","title":{"rendered":"A solicitud del Diputado Olivera, el Directorio del Partido Nacional se reunir\u00e1 con directores de entes nacionalistas"},"content":{"rendered":"<p><a href=\"https:\/\/alianzanacional.com.uy\/web\/wp-content\/uploads\/2016\/05\/nico-olivera-702x395.jpg\"><img fetchpriority=\"high\" decoding=\"async\" src=\"https:\/\/alianzanacional.com.uy\/web\/wp-content\/uploads\/2016\/05\/nico-olivera-702x395-700x394.jpg\" alt=\"\" width=\"620\" height=\"349\" class=\"alignnone size-large wp-image-28471\" srcset=\"https:\/\/alianzanacional.com.uy\/web\/wp-content\/uploads\/2016\/05\/nico-olivera-702x395-700x394.jpg 700w, https:\/\/alianzanacional.com.uy\/web\/wp-content\/uploads\/2016\/05\/nico-olivera-702x395-400x225.jpg 400w, https:\/\/alianzanacional.com.uy\/web\/wp-content\/uploads\/2016\/05\/nico-olivera-702x395.jpg 702w\" sizes=\"(max-width: 620px) 100vw, 620px\" \/><\/a><\/p>\n<p>Debido a una solicitud del Diputado Nicol\u00e1s Olivera, el Directorio del Partido Nacional citar\u00e1 a una sesi\u00f3n extraordinaria con directores de entes. Esta solicitud se debe a la preocupaci\u00f3n del legislador por el control de los recursos p\u00fablicos a trav\u00e9s de la gesti\u00f3n realizada bajo figuras asociativas de derecho privado, como las sociedades an\u00f3nimas y\/o los contratos de fideicomisos.<\/p>\n<p>Olivera considera que el Directorio del Partido Nacional no puede estar ajeno al tratamiento de estas cuestiones, por eso solicit\u00f3 que se convoque a una sesi\u00f3n extraordinaria ampliada del directorio para que concurran todos los representantes nacionalistas en las empresas p\u00fablicas, con el objetivo de abordar esta tem\u00e1tica en forma integral.<\/p>\n<p><strong>Solicitud de Comisi\u00f3n Especial en la C\u00e1mara de Representantes<\/strong><\/p>\n<p>Recordemos que el Diputado Olivera, el a\u00f1o pasado solicit\u00f3 la creaci\u00f3n de una Comisi\u00f3n Especial en la C\u00e1mara de Representantes, para legislar, informar y asesorar en la gesti\u00f3n del patrimonio p\u00fablico bajo figuras asociativas de derecho privado, \u201ca la vista de que la realidad nos demuestra que existen \u00e1mbitos donde es evidente una total ausencia de controles, como por ejemplo es el caso de ALUR S.A.\u201d<\/p>\n<p>Esta solicitud \u201ctiene por finalidad generar un \u00e1mbito de estudio, an\u00e1lisis y asesoramiento a nivel parlamentario, respecto de un espacio de actividad del Estado que ha alcanzado gran dimensi\u00f3n. La realidad actual nos demuestra que la intervenci\u00f3n del Estado en la econom\u00eda y en la actividad privada se ha desarrollado mediante instrumentos de diversa naturaleza, adoptando distintas formas jur\u00eddicas, ya sea a trav\u00e9s de las diferentes personas jur\u00eddicas o a trav\u00e9s de figuras negociales como el fideicomiso.\u201d<\/p>\n<p>\u201cEn nuestro pa\u00eds, dicha actividad se ha desarrollado por intermedio de personas jur\u00eddicas p\u00fablicas estatales menores como son los Entes Aut\u00f3nomos y Servicios Descentralizados Industriales y Comerciales, pero tambi\u00e9n a trav\u00e9s de Sociedades de Econom\u00eda Mixta de Derecho P\u00fablico, Sociedades de Econom\u00eda Mixta de Derecho Privado, Personas Jur\u00eddicas P\u00fablicas no Estatales o Sociedades An\u00f3nimas con capital estatal y\/o paraestatal\u201d, expresa en la exposici\u00f3n de motivos que remiti\u00f3 a la Presidencia de la C\u00e1mara.\u00a0<\/p>\n<p>Olivera pretende que se cree un espacio dedicado espec\u00edficamente al abordaje de los diferentes aspectos que derivan de esta actividad. \u201cEn la actualidad se presenta una considerable proliferaci\u00f3n de instituciones instrumentales creadas bajo la forma de personas jur\u00eddicas de Derecho P\u00fablico no estatal, naciendo a la vida jur\u00eddica sin responder a par\u00e1metros uniformes y para desenvolver los m\u00e1s diversos cometidos. Mientras que hay 12 entes aut\u00f3nomos, 7 servicios descentralizados y 19 gobiernos departamentales, se han creado al menos 38 personas p\u00fablicas no estatales\u201d. A esto agreg\u00f3 que hay que sumar la existencia de \u201cpor lo menos 22 sociedades an\u00f3nimas que poseen aporte estatal, que funcionan bajo el r\u00e9gimen de derecho privado, nucleando a m\u00e1s de 3.000 funcionarios y asumiendo la gesti\u00f3n de algunos servicios p\u00fablicos, como ser agua potable, saneamiento, gas, telecomunicaciones, energ\u00eda el\u00e9ctrica, entre otras\u201d, indic\u00f3.<\/p>\n","protected":false},"excerpt":{"rendered":"<p>Debido a una solicitud del Diputado Nicol\u00e1s Olivera, el Directorio del Partido Nacional citar\u00e1 a una sesi\u00f3n extraordinaria con directores de entes. Esta solicitud se debe a la preocupaci\u00f3n del legislador por el control de los recursos p\u00fablicos a trav\u00e9s de la gesti\u00f3n realizada bajo figuras asociativas de derecho privado, como las sociedades an\u00f3nimas y\/o [&hellip;]<\/p>\n","protected":false},"author":1,"featured_media":28471,"comment_status":"open","ping_status":"open","sticky":false,"template":"","format":"standard","meta":{"footnotes":""},"categories":[164],"tags":[],"class_list":["post-29715","post","type-post","status-publish","format-standard","has-post-thumbnail","hentry","category-legislativas"],"_links":{"self":[{"href":"https:\/\/alianzanacional.com.uy\/web\/wp-json\/wp\/v2\/posts\/29715","targetHints":{"allow":["GET"]}}],"collection":[{"href":"https:\/\/alianzanacional.com.uy\/web\/wp-json\/wp\/v2\/posts"}],"about":[{"href":"https:\/\/alianzanacional.com.uy\/web\/wp-json\/wp\/v2\/types\/post"}],"author":[{"embeddable":true,"href":"https:\/\/alianzanacional.com.uy\/web\/wp-json\/wp\/v2\/users\/1"}],"replies":[{"embeddable":true,"href":"https:\/\/alianzanacional.com.uy\/web\/wp-json\/wp\/v2\/comments?post=29715"}],"version-history":[{"count":2,"href":"https:\/\/alianzanacional.com.uy\/web\/wp-json\/wp\/v2\/posts\/29715\/revisions"}],"predecessor-version":[{"id":29721,"href":"https:\/\/alianzanacional.com.uy\/web\/wp-json\/wp\/v2\/posts\/29715\/revisions\/29721"}],"wp:featuredmedia":[{"embeddable":true,"href":"https:\/\/alianzanacional.com.uy\/web\/wp-json\/wp\/v2\/media\/28471"}],"wp:attachment":[{"href":"https:\/\/alianzanacional.com.uy\/web\/wp-json\/wp\/v2\/media?parent=29715"}],"wp:term":[{"taxonomy":"category","embeddable":true,"href":"https:\/\/alianzanacional.com.uy\/web\/wp-json\/wp\/v2\/categories?post=29715"},{"taxonomy":"post_tag","embeddable":true,"href":"https:\/\/alianzanacional.com.uy\/web\/wp-json\/wp\/v2\/tags?post=29715"}],"curies":[{"name":"wp","href":"https:\/\/api.w.org\/{rel}","templated":true}]}}