{"id":29718,"date":"2017-05-11T14:28:27","date_gmt":"2017-05-11T17:28:27","guid":{"rendered":"http:\/\/alianzanacional.com.uy\/web\/?p=29718"},"modified":"2017-05-11T14:29:07","modified_gmt":"2017-05-11T17:29:07","slug":"martes-16-de-mayo-larranaga-en-montevideo","status":"publish","type":"post","link":"https:\/\/alianzanacional.com.uy\/web\/martes-16-de-mayo-larranaga-en-montevideo\/","title":{"rendered":"MARTES 16 DE MAYO \/\/ Larra\u00f1aga en Montevideo"},"content":{"rendered":"<p><a href=\"https:\/\/alianzanacional.com.uy\/web\/wp-content\/uploads\/2017\/05\/banner-MVD.jpg\"><img fetchpriority=\"high\" decoding=\"async\" src=\"https:\/\/alianzanacional.com.uy\/web\/wp-content\/uploads\/2017\/05\/banner-MVD-700x392.jpg\" alt=\"\" width=\"620\" height=\"347\" class=\"alignnone size-large wp-image-29719\" srcset=\"https:\/\/alianzanacional.com.uy\/web\/wp-content\/uploads\/2017\/05\/banner-MVD-700x392.jpg 700w, https:\/\/alianzanacional.com.uy\/web\/wp-content\/uploads\/2017\/05\/banner-MVD-400x224.jpg 400w, https:\/\/alianzanacional.com.uy\/web\/wp-content\/uploads\/2017\/05\/banner-MVD-768x431.jpg 768w, https:\/\/alianzanacional.com.uy\/web\/wp-content\/uploads\/2017\/05\/banner-MVD.jpg 1600w\" sizes=\"(max-width: 620px) 100vw, 620px\" \/><\/a><\/p>\n<p>Este martes 16 de mayo a las 19 horas en Casa de Salto (Juan Manuel Blanes 1053 entre Durazno y San Salvador) realizaremos un nuevo encuentro del ciclo \u201cCon la gente, Juntos\u201d. El a\u00f1o pasado tuvimos en Montevideo varios encuentros en diferentes barrios -Col\u00f3n, Piedras Blancas, Pocitos, Cerro, Paso de la Arena, Punta de Rieles, Flor de Maro\u00f1as, Malv\u00edn Norte, Cerrito, Belvedere, Manga, Centro, Cord\u00f3n, Conciliaci\u00f3n, Punta Carretas- y este a\u00f1o debemos de llevar adelante una gran tarea de despliegue en cada punto de la capital: multiplicar los encuentros, estar con la gente, para que nuestra voz se escuche en cada rinc\u00f3n de Montevideo.\u00a0<\/p>\n<p>Tenemos por delante tambi\u00e9n en este 2017 una elecci\u00f3n de j\u00f3venes que para nosotros es muy importante y tiene que estar en nuestra agenda de temas.\u00a0En las recorridas que hemos hecho por el interior nos han acompa\u00f1ado representantes de la juventud difundiendo sus ideas y trabajando de cara a su al pr\u00f3ximo 2 de setiembre.\u00a0El encuentro del pr\u00f3ximo martes ser\u00e1 fundamental para hablar de todos estos asuntos.<\/p>\n<p>Los esperamos.\u00a0<\/p>\n<p><strong>MARTES 16 DE MAYO<br \/>\n19 HORAS<br \/>\nCASA DE SALTO (BLANES 1053 c\/ SAN SALVADOR)<\/strong><\/p>\n","protected":false},"excerpt":{"rendered":"<p>Este martes 16 de mayo a las 19 horas en Casa de Salto (Juan Manuel Blanes 1053 entre Durazno y San Salvador) realizaremos un nuevo encuentro del ciclo \u201cCon la gente, Juntos\u201d. El a\u00f1o pasado tuvimos en Montevideo varios encuentros en diferentes barrios -Col\u00f3n, Piedras Blancas, Pocitos, Cerro, Paso de la Arena, Punta de Rieles, [&hellip;]<\/p>\n","protected":false},"author":1,"featured_media":29719,"comment_status":"open","ping_status":"open","sticky":false,"template":"","format":"standard","meta":{"footnotes":""},"categories":[4],"tags":[],"class_list":["post-29718","post","type-post","status-publish","format-standard","has-post-thumbnail","hentry","category-agenda"],"_links":{"self":[{"href":"https:\/\/alianzanacional.com.uy\/web\/wp-json\/wp\/v2\/posts\/29718","targetHints":{"allow":["GET"]}}],"collection":[{"href":"https:\/\/alianzanacional.com.uy\/web\/wp-json\/wp\/v2\/posts"}],"about":[{"href":"https:\/\/alianzanacional.com.uy\/web\/wp-json\/wp\/v2\/types\/post"}],"author":[{"embeddable":true,"href":"https:\/\/alianzanacional.com.uy\/web\/wp-json\/wp\/v2\/users\/1"}],"replies":[{"embeddable":true,"href":"https:\/\/alianzanacional.com.uy\/web\/wp-json\/wp\/v2\/comments?post=29718"}],"version-history":[{"count":2,"href":"https:\/\/alianzanacional.com.uy\/web\/wp-json\/wp\/v2\/posts\/29718\/revisions"}],"predecessor-version":[{"id":29723,"href":"https:\/\/alianzanacional.com.uy\/web\/wp-json\/wp\/v2\/posts\/29718\/revisions\/29723"}],"wp:featuredmedia":[{"embeddable":true,"href":"https:\/\/alianzanacional.com.uy\/web\/wp-json\/wp\/v2\/media\/29719"}],"wp:attachment":[{"href":"https:\/\/alianzanacional.com.uy\/web\/wp-json\/wp\/v2\/media?parent=29718"}],"wp:term":[{"taxonomy":"category","embeddable":true,"href":"https:\/\/alianzanacional.com.uy\/web\/wp-json\/wp\/v2\/categories?post=29718"},{"taxonomy":"post_tag","embeddable":true,"href":"https:\/\/alianzanacional.com.uy\/web\/wp-json\/wp\/v2\/tags?post=29718"}],"curies":[{"name":"wp","href":"https:\/\/api.w.org\/{rel}","templated":true}]}}